{"id":12822,"date":"2018-09-06T15:19:13","date_gmt":"2018-09-06T18:19:13","guid":{"rendered":"https:\/\/blogs2.correiobraziliense.com.br\/cbpoder\/?p=12822"},"modified":"2018-09-06T15:21:09","modified_gmt":"2018-09-06T18:21:09","slug":"suplente-de-cristovam-pede-votos-para-filha-de-cunha","status":"publish","type":"post","link":"https:\/\/blogs2.correiobraziliense.com.br\/cbpoder\/suplente-de-cristovam-pede-votos-para-filha-de-cunha\/","title":{"rendered":"Suplente de Cristovam pede votos para filha de Eduardo Cunha"},"content":{"rendered":"<p>ANA MARIA CAMPOS<\/p>\n<p>Primeiro suplente na chapa ao Senado de Cristovam Buarque (PPS\/DF), o Bispo Manoel Ferreira (PSC), da Igreja Assembleia de Deus, gravou um v\u00eddeo para o hor\u00e1rio eleitoral em que pede votos para Danielle Cunha. (MDB\/RJ), filha do ex-presidente da C\u00e2mara Eduardo Cunha (MDB\/RJ), condenado por corrup\u00e7\u00e3o na Lava-Jato.<\/p>\n<p>&nbsp;<\/p>\n<p>Na mensagem, Manoel Ferreira diz: \u201cEu gostaria de pedir a voc\u00ea que ajude a Danielle Cunha. Esta menina \u00e9 filha de uma pessoa que foi um grande amigo, um grande homem p\u00fablico da Na\u00e7\u00e3o. Eu tenho certeza que Danielle vai fazer um grande trabalho na C\u00e2mara Federal\u201d.<\/p>\n<p>&nbsp;<\/p>\n<p>Danielle est\u00e1 na disputa para conquistar os votos do pai que foi deputado tr\u00eas vezes e teve o mandato cassado em setembro de 2016 por envolvimento nas den\u00fancias da Lava-Jato. Ele est\u00e1 preso em Curitiba h\u00e1 um ano e meio.<\/p>\n<p>&nbsp;<\/p>\n<p>Ao pedir votos para Danielle Cunha, Manoel Ferreira suplica \u201cEstenda sua m\u00e3o amiga e fale com as pessoas para que ajudem a Danielle\u201d.<\/p>\n<p>&nbsp;<\/p>\n<p>Cristovam concorre \u00e0 reelei\u00e7\u00e3o e lidera todas as pesquisas de inten\u00e7\u00e3o de votos. Presidente Vital\u00edcio da Conven\u00e7\u00e3o Nacional das Assembleias de Deus no Brasil, Manoel Ferreira faz pol\u00edtica no Rio de Janeiro, onde sempre foi aliado de Cunha.<\/p>\n<p>&nbsp;<\/p>\n<p>&nbsp;<\/p>\n","protected":false},"excerpt":{"rendered":"<p>ANA MARIA CAMPOS Primeiro suplente na chapa ao Senado de Cristovam Buarque (PPS\/DF), o Bispo Manoel Ferreira (PSC), da Igreja Assembleia de Deus, gravou um v\u00eddeo para o hor\u00e1rio eleitoral em que pede votos para Danielle Cunha. (MDB\/RJ), filha do ex-presidente da C\u00e2mara Eduardo Cunha (MDB\/RJ), condenado por corrup\u00e7\u00e3o na Lava-Jato. &nbsp; Na mensagem, Manoel [&hellip;]<\/p>\n","protected":false},"author":9,"featured_media":12828,"comment_status":"open","ping_status":"closed","sticky":false,"template":"","format":"standard","meta":{"wpb_read_more":[],"footnotes":""},"categories":[234],"tags":[1482,1481,596,1483],"class_list":["post-12822","post","type-post","status-publish","format-standard","has-post-thumbnail","hentry","category-cb-poder","tag-assembleia-de-deis","tag-bispo-manoel-ferreira","tag-cristovam-buarque","tag-manoel-ferreira"],"_links":{"self":[{"href":"https:\/\/blogs2.correiobraziliense.com.br\/cbpoder\/wp-json\/wp\/v2\/posts\/12822","targetHints":{"allow":["GET"]}}],"collection":[{"href":"https:\/\/blogs2.correiobraziliense.com.br\/cbpoder\/wp-json\/wp\/v2\/posts"}],"about":[{"href":"https:\/\/blogs2.correiobraziliense.com.br\/cbpoder\/wp-json\/wp\/v2\/types\/post"}],"author":[{"embeddable":true,"href":"https:\/\/blogs2.correiobraziliense.com.br\/cbpoder\/wp-json\/wp\/v2\/users\/9"}],"replies":[{"embeddable":true,"href":"https:\/\/blogs2.correiobraziliense.com.br\/cbpoder\/wp-json\/wp\/v2\/comments?post=12822"}],"version-history":[{"count":6,"href":"https:\/\/blogs2.correiobraziliense.com.br\/cbpoder\/wp-json\/wp\/v2\/posts\/12822\/revisions"}],"predecessor-version":[{"id":12832,"href":"https:\/\/blogs2.correiobraziliense.com.br\/cbpoder\/wp-json\/wp\/v2\/posts\/12822\/revisions\/12832"}],"wp:featuredmedia":[{"embeddable":true,"href":"https:\/\/blogs2.correiobraziliense.com.br\/cbpoder\/wp-json\/wp\/v2\/media\/12828"}],"wp:attachment":[{"href":"https:\/\/blogs2.correiobraziliense.com.br\/cbpoder\/wp-json\/wp\/v2\/media?parent=12822"}],"wp:term":[{"taxonomy":"category","embeddable":true,"href":"https:\/\/blogs2.correiobraziliense.com.br\/cbpoder\/wp-json\/wp\/v2\/categories?post=12822"},{"taxonomy":"post_tag","embeddable":true,"href":"https:\/\/blogs2.correiobraziliense.com.br\/cbpoder\/wp-json\/wp\/v2\/tags?post=12822"}],"curies":[{"name":"wp","href":"https:\/\/api.w.org\/{rel}","templated":true}]}}