{"id":12849,"date":"2018-09-06T18:39:47","date_gmt":"2018-09-06T21:39:47","guid":{"rendered":"https:\/\/blogs2.correiobraziliense.com.br\/cbpoder\/?p=12849"},"modified":"2018-09-06T21:50:44","modified_gmt":"2018-09-07T00:50:44","slug":"candidatos-ao-gdf-repudiam-ataque-bolsonaro","status":"publish","type":"post","link":"https:\/\/blogs2.correiobraziliense.com.br\/cbpoder\/candidatos-ao-gdf-repudiam-ataque-bolsonaro\/","title":{"rendered":"Candidatos ao GDF repudiam ataque a Bolsonaro: &#8220;inadmiss\u00edvel&#8221;, &#8220;covarde&#8221; e &#8220;cruel&#8221;"},"content":{"rendered":"<p>Candidatos ao Pal\u00e1cio do Buriti emitiram notas e v\u00eddeos de rep\u00fadio ao ataque ao presidenci\u00e1vel Jair Bolsonaro (PSL). O postulante ao Planalto recebeu uma facada, nesta quinta-feira (06\/09), enquanto realizava um ato de campanha em Juiz de Fora (MG).<\/p>\n<p>&nbsp;<\/p>\n<p>Deputado federal e aliado de Bolsonaro, Alberto Fraga (DEM) lamentou o incidente em um <em>post<\/em> no Twitter. &#8220;\u00c9 preciso respeitar as diferen\u00e7as de opini\u00e3o. O que aconteceu hoje foi um ato covarde e cruel. Meu rep\u00fadio a esse ato de viol\u00eancia e intoler\u00e2ncia. For\u00e7a, amigo, ainda temos muito o que fazer pelo nosso pa\u00eds&#8221;, publicou. Em nota, Fraga afirmou: &#8220;Um atentado covarde contra a democracia por parte daqueles que n\u00e3o querem que o Pa\u00eds saia do atraso. Foi um ato covarde e cruel, mas Bolsonaro vai sair dessa ainda mais forte&#8221;.<\/p>\n<p>&nbsp;<\/p>\n<p><span style=\"font-weight: 400\">Postulante do PSol ao GDF, a professora da Universidade de Bras\u00edlia (UnB) F\u00e1tima Sousa afirmou que o atentado \u00e9 \u201cinadmiss\u00edvel\u201d e \u201cmais um absurdo epis\u00f3dio para nossa curta hist\u00f3ria democr\u00e1tica\u201d. \u201cRepudiamos qualquer forma de viol\u00eancia em raz\u00e3o de discord\u00e2ncias pol\u00edticas. Desejamos que o epis\u00f3dio seja prontamente esclarecido, com as adequadas consequ\u00eancias penais para quem perpetrou tal ato\u201d, pontuou. <\/span><\/p>\n<p>&nbsp;<\/p>\n<p><span style=\"font-weight: 400\">O ex-presidente da Ordem dos Advogados do Brasil no DF (OAB-DF) Ibaneis Rocha declarou que \u201ca democracia perde com esse tipo de atentado, ocorrido num momento crucial para o futuro do pa\u00eds, onde o que deve ser valorizado \u00e9 o debate de ideias e de propostas que cada candidato tem apresentado \u00e0 popula\u00e7\u00e3o\u201d. <\/span><\/p>\n<p>&nbsp;<\/p>\n<p><span style=\"font-weight: 400\">O deputado federal licenciado Rog\u00e9rio Rosso (PSD) concedia uma entrevista quando soube do esfaqueamento e gravou um v\u00eddeo para comentar o assunto. \u201cIsso \u00e9 mais um exemplo de como est\u00e1 o Brasil em rela\u00e7\u00e3o \u00e0 viol\u00eancia e \u00e0 intoler\u00e2ncia\u201d, alegou. E emendou: \u201cQue se esclare\u00e7a o mais r\u00e1pido poss\u00edvel o que aconteceu, porque, no meio de uma campanha, isso acontecer \u00e9 um absurdo\u201d. <\/span><\/p>\n<p>&nbsp;<\/p>\n<p><span style=\"font-weight: 400\">Em publica\u00e7\u00e3o no Twitter, o deputado federal e filho do presidenci\u00e1vel Fl\u00e1vio Bolsonaro (PSL) falou sobre o estado de sa\u00fade do pai. \u201cInfelizmente foi mais grave que esper\u00e1vamos. A perfura\u00e7\u00e3o atingiu parte do f\u00edgado, do pulm\u00e3o e da al\u00e7a do intestino. Perdeu muito sangue, chegou no hospital com press\u00e3o 10\/3, quase morto\u2026 Seu estado agora parece estabilizado. Orem\u201d, disse. Ap\u00f3s o ataque,\u00a0Bolsonaro foi levado \u00e0 Santa Casa da Miseric\u00f3rdia, onde deu entrada pela emerg\u00eancia. Ele\u00a0passa por cirurgia.<\/span><\/p>\n","protected":false},"excerpt":{"rendered":"<p>Candidatos ao Pal\u00e1cio do Buriti emitiram notas e v\u00eddeos de rep\u00fadio ao ataque ao presidenci\u00e1vel Jair Bolsonaro (PSL). O postulante ao Planalto recebeu uma facada, nesta quinta-feira (06\/09), enquanto realizava um ato de campanha em Juiz de Fora (MG). &nbsp; Deputado federal e aliado de Bolsonaro, Alberto Fraga (DEM) lamentou o incidente em um post [&hellip;]<\/p>\n","protected":false},"author":90,"featured_media":12850,"comment_status":"open","ping_status":"closed","sticky":false,"template":"","format":"standard","meta":{"wpb_read_more":[],"footnotes":""},"categories":[234],"tags":[1143,1480,917],"class_list":["post-12849","post","type-post","status-publish","format-standard","has-post-thumbnail","hentry","category-cb-poder","tag-bolsonaro","tag-fatima-sousa","tag-ibaneis-rocha"],"_links":{"self":[{"href":"https:\/\/blogs2.correiobraziliense.com.br\/cbpoder\/wp-json\/wp\/v2\/posts\/12849","targetHints":{"allow":["GET"]}}],"collection":[{"href":"https:\/\/blogs2.correiobraziliense.com.br\/cbpoder\/wp-json\/wp\/v2\/posts"}],"about":[{"href":"https:\/\/blogs2.correiobraziliense.com.br\/cbpoder\/wp-json\/wp\/v2\/types\/post"}],"author":[{"embeddable":true,"href":"https:\/\/blogs2.correiobraziliense.com.br\/cbpoder\/wp-json\/wp\/v2\/users\/90"}],"replies":[{"embeddable":true,"href":"https:\/\/blogs2.correiobraziliense.com.br\/cbpoder\/wp-json\/wp\/v2\/comments?post=12849"}],"version-history":[{"count":7,"href":"https:\/\/blogs2.correiobraziliense.com.br\/cbpoder\/wp-json\/wp\/v2\/posts\/12849\/revisions"}],"predecessor-version":[{"id":12860,"href":"https:\/\/blogs2.correiobraziliense.com.br\/cbpoder\/wp-json\/wp\/v2\/posts\/12849\/revisions\/12860"}],"wp:featuredmedia":[{"embeddable":true,"href":"https:\/\/blogs2.correiobraziliense.com.br\/cbpoder\/wp-json\/wp\/v2\/media\/12850"}],"wp:attachment":[{"href":"https:\/\/blogs2.correiobraziliense.com.br\/cbpoder\/wp-json\/wp\/v2\/media?parent=12849"}],"wp:term":[{"taxonomy":"category","embeddable":true,"href":"https:\/\/blogs2.correiobraziliense.com.br\/cbpoder\/wp-json\/wp\/v2\/categories?post=12849"},{"taxonomy":"post_tag","embeddable":true,"href":"https:\/\/blogs2.correiobraziliense.com.br\/cbpoder\/wp-json\/wp\/v2\/tags?post=12849"}],"curies":[{"name":"wp","href":"https:\/\/api.w.org\/{rel}","templated":true}]}}