{"id":12861,"date":"2018-09-08T14:58:12","date_gmt":"2018-09-08T17:58:12","guid":{"rendered":"https:\/\/blogs2.correiobraziliense.com.br\/cbpoder\/?p=12861"},"modified":"2018-09-08T18:41:10","modified_gmt":"2018-09-08T21:41:10","slug":"em-taguatinga-rosso-sobe-o-tom-e-chama-rollemberg-de-vagabundo","status":"publish","type":"post","link":"https:\/\/blogs2.correiobraziliense.com.br\/cbpoder\/em-taguatinga-rosso-sobe-o-tom-e-chama-rollemberg-de-vagabundo\/","title":{"rendered":"Em Taguatinga, Rosso sobe o tom e chama Rollemberg de &#8220;vagabundo&#8221;"},"content":{"rendered":"<p>O deputado federal licenciado Rog\u00e9rio Rosso (PSD) iniciou a agenda de campanha pelo Pal\u00e1cio do Buriti, neste s\u00e1bado (08\/09), com a artilharia voltada para Rodrigo Rollemberg (PSB), o qual classificou como &#8220;o pior governador da hist\u00f3ria do DF&#8221; e &#8220;vagabundo&#8221;. Em discursos inflamados, durante carreata entre Taguatinga e Ceil\u00e2ndia, o parlamentar teceu cr\u00edticas \u00e0 atual gest\u00e3o e reafirmou propostas, como a extin\u00e7\u00e3o da Ag\u00eancia de Fiscaliza\u00e7\u00e3o do DF (Agefis) e incorpora\u00e7\u00e3o de reajustes para as Pol\u00edcias Militar e Civil e o Corpo de Bombeiros.<\/p>\n<p>&nbsp;<\/p>\n<p>Na primeira fala, Rosso deu o tom dos pronunciamentos: &#8220;As cr\u00edticas do governador \u00e0 minha pessoa e \u00e0 coliga\u00e7\u00e3o s\u00e3o como m\u00fasica para os meus ouvidos&#8221;. O candidato acrescentou que as propagandas eleitorais do socialista, transmitidas na TV e no r\u00e1dio, &#8220;s\u00e3o demag\u00f3gicas&#8221;. &#8220;Essa Bras\u00edlia que ele mostra, com hospitais funcionando e pessoas sorrindo, eu n\u00e3o conhe\u00e7o&#8221;. Mencionou ainda o fato de o DF ter ficado abaixo da meta de qualidade em duas das tr\u00eas etapas de ensino, avaliadas pelo\u00a0\u00cdndice de Desenvolvimento da Educa\u00e7\u00e3o B\u00e1sica (Ideb). &#8220;Essa \u00e9 a heran\u00e7a que esse vagabundo vai deixar para a gente&#8221;, atacou.<\/p>\n<p>&nbsp;<\/p>\n<p>No trajeto, de cima do trio, o deputado federal cumprimentou trabalhadores e moradores das cidades. &#8220;Vamos extinguir a Agefis. No nosso governo, n\u00e3o ser\u00e3o derrubadas casas. Tamb\u00e9m iremos regularizar a situa\u00e7\u00e3o dos ambulantes, para que n\u00e3o tenham mais as mercadorias tomadas e possam trabalhar tranquilamente&#8221;, alegou. Com o fim da Ag\u00eancia de Fiscaliza\u00e7\u00e3o, o postulante ao GDF pretende criar uma secretaria para tratar do tema de forma descentralizada.<\/p>\n<p>&nbsp;<\/p>\n<p>A um grupo de policiais militares, Rosso voltou a prometer reajustes salariais. &#8220;No primeiro dia de governo, enviaremos uma mensagem \u00e0 Uni\u00e3o para pagar a paridade salarial da Pol\u00edcia Civil com a Federal. Ainda vamos implementar o reajuste da Pol\u00edcia Militar e do Corpo de Bombeiros. Faremos um novo plano de carreira para a PM, com progress\u00e3o a cada tr\u00eas anos&#8221;, assegurou.<\/p>\n<p>&nbsp;<\/p>\n<p>A aposta do PSD para o Buriti tamb\u00e9m repetiu inten\u00e7\u00e3o de criar um gabinete para tratar do desenvolvimento econ\u00f4mico de cidades do Entorno do DF. Outro projeto \u00e9 implementar a Secretaria de Assist\u00eancia \u00e0 Pessoa com Defici\u00eancia. &#8220;Precisamos trat\u00e1-las com carinho e respeito, como se fossem de nossas fam\u00edlias&#8221;, apontou.<\/p>\n<p>&nbsp;<\/p>\n<p><strong>Promessas para Taguatinga<\/strong><\/p>\n<p>Questionado pelo Correio sobre as propostas para Taguatinga, local de concentra\u00e7\u00e3o da carreata, Rosso frisou a necessidade da cria\u00e7\u00e3o de um t\u00fanel no centro da cidade para desafogar o tr\u00e2nsito. O custeio da obra, de acordo com o pessedista, seria proveniente do Minist\u00e9rio das Cidades. O deputado acrescentou que avaliar\u00e1 a retomada de um projeto engavetado: a implementa\u00e7\u00e3o do VLT para ligar a H\u00e9lio Prates, iniciada em Ceil\u00e2ndia, \u00e0 Avenida Comercial, em Taguatinga.<\/p>\n<p>&nbsp;<\/p>\n<p>Resolvidas as pend\u00eancias jur\u00eddicas que impedem o funcionamento do Centro Administrativo de Bras\u00edlia (Centrad), o candidato ao Executivo local planeja transferir \u00f3rg\u00e3os da administra\u00e7\u00e3o p\u00fablica, instalados em locais submetidos \u00e0 cobran\u00e7a de aluguel, para o espa\u00e7o. Ele projeta, ainda, a moderniza\u00e7\u00e3o do Hospital Regional de Taguatinga (HRT).<\/p>\n<p>&nbsp;<\/p>\n<p>Rosso permaneceu por quase duas horas na carreata. Ele esteve acompanhado do candidato ao Senado Fernando Marques (Solidariedade), do vice-governador e postulante \u00e0 C\u00e2mara dos Deputados Renato Santana (PSD) e do distrital Rob\u00e9rio Negreiros (PSD), que tentar\u00e1 a reelei\u00e7\u00e3o.<\/p>\n","protected":false},"excerpt":{"rendered":"<p>O deputado federal licenciado Rog\u00e9rio Rosso (PSD) iniciou a agenda de campanha pelo Pal\u00e1cio do Buriti, neste s\u00e1bado (08\/09), com a artilharia voltada para Rodrigo Rollemberg (PSB), o qual classificou como &#8220;o pior governador da hist\u00f3ria do DF&#8221; e &#8220;vagabundo&#8221;. Em discursos inflamados, durante carreata entre Taguatinga e Ceil\u00e2ndia, o parlamentar teceu cr\u00edticas \u00e0 atual [&hellip;]<\/p>\n","protected":false},"author":90,"featured_media":12863,"comment_status":"open","ping_status":"closed","sticky":false,"template":"","format":"standard","meta":{"wpb_read_more":[],"footnotes":""},"categories":[234],"tags":[],"class_list":["post-12861","post","type-post","status-publish","format-standard","has-post-thumbnail","hentry","category-cb-poder"],"_links":{"self":[{"href":"https:\/\/blogs2.correiobraziliense.com.br\/cbpoder\/wp-json\/wp\/v2\/posts\/12861","targetHints":{"allow":["GET"]}}],"collection":[{"href":"https:\/\/blogs2.correiobraziliense.com.br\/cbpoder\/wp-json\/wp\/v2\/posts"}],"about":[{"href":"https:\/\/blogs2.correiobraziliense.com.br\/cbpoder\/wp-json\/wp\/v2\/types\/post"}],"author":[{"embeddable":true,"href":"https:\/\/blogs2.correiobraziliense.com.br\/cbpoder\/wp-json\/wp\/v2\/users\/90"}],"replies":[{"embeddable":true,"href":"https:\/\/blogs2.correiobraziliense.com.br\/cbpoder\/wp-json\/wp\/v2\/comments?post=12861"}],"version-history":[{"count":4,"href":"https:\/\/blogs2.correiobraziliense.com.br\/cbpoder\/wp-json\/wp\/v2\/posts\/12861\/revisions"}],"predecessor-version":[{"id":12872,"href":"https:\/\/blogs2.correiobraziliense.com.br\/cbpoder\/wp-json\/wp\/v2\/posts\/12861\/revisions\/12872"}],"wp:featuredmedia":[{"embeddable":true,"href":"https:\/\/blogs2.correiobraziliense.com.br\/cbpoder\/wp-json\/wp\/v2\/media\/12863"}],"wp:attachment":[{"href":"https:\/\/blogs2.correiobraziliense.com.br\/cbpoder\/wp-json\/wp\/v2\/media?parent=12861"}],"wp:term":[{"taxonomy":"category","embeddable":true,"href":"https:\/\/blogs2.correiobraziliense.com.br\/cbpoder\/wp-json\/wp\/v2\/categories?post=12861"},{"taxonomy":"post_tag","embeddable":true,"href":"https:\/\/blogs2.correiobraziliense.com.br\/cbpoder\/wp-json\/wp\/v2\/tags?post=12861"}],"curies":[{"name":"wp","href":"https:\/\/api.w.org\/{rel}","templated":true}]}}