{"id":13019,"date":"2018-09-24T13:04:07","date_gmt":"2018-09-24T16:04:07","guid":{"rendered":"https:\/\/blogs2.correiobraziliense.com.br\/cbpoder\/?p=13019"},"modified":"2018-09-24T13:04:07","modified_gmt":"2018-09-24T16:04:07","slug":"em-taguatinga-rosso-critica-centralizacao-do-governo-no-plano-piloto","status":"publish","type":"post","link":"https:\/\/blogs2.correiobraziliense.com.br\/cbpoder\/em-taguatinga-rosso-critica-centralizacao-do-governo-no-plano-piloto\/","title":{"rendered":"Em Taguatinga, Rosso critica centraliza\u00e7\u00e3o do governo no Plano Piloto"},"content":{"rendered":"<p><b>Alan Rios <\/b><\/p>\n<p>&nbsp;<\/p>\n<p><span style=\"font-weight: 400\">O candidato ao Pal\u00e1cio do Buriti e deputado federal licenciado Rog\u00e9rio Rosso (PSD) aproveitou a manh\u00e3 desta segunda-feira (24\/9) para debater com alunos e professores da Faculdade Proje\u00e7\u00e3o, em Taguatinga. O evento come\u00e7ou \u00e0s 8h30 e foi at\u00e9 \u00e0s 10h, per\u00edodo em que o parlamentar explicou pontos do seu plano de governo, respondeu perguntas do p\u00fablico e teceu cr\u00edticas ao governo de Rodrigo Rollemberg (PSB).<\/span><\/p>\n<p>&nbsp;<\/p>\n<p><span style=\"font-weight: 400\">De acordo com Rosso, um dos principais problemas da gest\u00e3o socialista \u00e9 a \u201ccentraliza\u00e7\u00e3o do governo\u201d. O candidato ao GDF ainda refor\u00e7ou a proposta de concentrar parte do Imposto Predial e Territorial Urbano (IPTU) na cidade onde o contribuinte reside. <\/span>O montante arrecadado seria revertido em melhorias para a regi\u00e3o. \u201cTemos que descentralizar as a\u00e7\u00f5es. Essa \u00e9 uma grande mudan\u00e7a que precisamos implementar urgentemente na gest\u00e3o do DF. Faremos isso logo no primeiro dia de governo, dando autonomia financeira e gerencial para as cidades, para que cada quest\u00e3o seja resolvida pela comunidade, com administra\u00e7\u00f5es fortes\u201d, explicou.<\/p>\n","protected":false},"excerpt":{"rendered":"<p>Alan Rios &nbsp; O candidato ao Pal\u00e1cio do Buriti e deputado federal licenciado Rog\u00e9rio Rosso (PSD) aproveitou a manh\u00e3 desta segunda-feira (24\/9) para debater com alunos e professores da Faculdade Proje\u00e7\u00e3o, em Taguatinga. O evento come\u00e7ou \u00e0s 8h30 e foi at\u00e9 \u00e0s 10h, per\u00edodo em que o parlamentar explicou pontos do seu plano de governo, [&hellip;]<\/p>\n","protected":false},"author":90,"featured_media":13021,"comment_status":"open","ping_status":"closed","sticky":false,"template":"","format":"standard","meta":{"wpb_read_more":[],"footnotes":""},"categories":[234],"tags":[1507,807,210,258],"class_list":["post-13019","post","type-post","status-publish","format-standard","has-post-thumbnail","hentry","category-cb-poder","tag-centralizacao","tag-eleicoes-2018","tag-iptu","tag-rogerio-rosso"],"_links":{"self":[{"href":"https:\/\/blogs2.correiobraziliense.com.br\/cbpoder\/wp-json\/wp\/v2\/posts\/13019","targetHints":{"allow":["GET"]}}],"collection":[{"href":"https:\/\/blogs2.correiobraziliense.com.br\/cbpoder\/wp-json\/wp\/v2\/posts"}],"about":[{"href":"https:\/\/blogs2.correiobraziliense.com.br\/cbpoder\/wp-json\/wp\/v2\/types\/post"}],"author":[{"embeddable":true,"href":"https:\/\/blogs2.correiobraziliense.com.br\/cbpoder\/wp-json\/wp\/v2\/users\/90"}],"replies":[{"embeddable":true,"href":"https:\/\/blogs2.correiobraziliense.com.br\/cbpoder\/wp-json\/wp\/v2\/comments?post=13019"}],"version-history":[{"count":3,"href":"https:\/\/blogs2.correiobraziliense.com.br\/cbpoder\/wp-json\/wp\/v2\/posts\/13019\/revisions"}],"predecessor-version":[{"id":13024,"href":"https:\/\/blogs2.correiobraziliense.com.br\/cbpoder\/wp-json\/wp\/v2\/posts\/13019\/revisions\/13024"}],"wp:featuredmedia":[{"embeddable":true,"href":"https:\/\/blogs2.correiobraziliense.com.br\/cbpoder\/wp-json\/wp\/v2\/media\/13021"}],"wp:attachment":[{"href":"https:\/\/blogs2.correiobraziliense.com.br\/cbpoder\/wp-json\/wp\/v2\/media?parent=13019"}],"wp:term":[{"taxonomy":"category","embeddable":true,"href":"https:\/\/blogs2.correiobraziliense.com.br\/cbpoder\/wp-json\/wp\/v2\/categories?post=13019"},{"taxonomy":"post_tag","embeddable":true,"href":"https:\/\/blogs2.correiobraziliense.com.br\/cbpoder\/wp-json\/wp\/v2\/tags?post=13019"}],"curies":[{"name":"wp","href":"https:\/\/api.w.org\/{rel}","templated":true}]}}