{"id":13059,"date":"2018-09-25T19:24:39","date_gmt":"2018-09-25T22:24:39","guid":{"rendered":"https:\/\/blogs2.correiobraziliense.com.br\/cbpoder\/?p=13059"},"modified":"2018-09-25T19:28:22","modified_gmt":"2018-09-25T22:28:22","slug":"eliana-quer-negociar-dividas-de-servidores-no-brb-com-juros-reduzidos","status":"publish","type":"post","link":"https:\/\/blogs2.correiobraziliense.com.br\/cbpoder\/eliana-quer-negociar-dividas-de-servidores-no-brb-com-juros-reduzidos\/","title":{"rendered":"Eliana quer negociar d\u00edvidas de servidores no BRB com juros reduzidos"},"content":{"rendered":"<p><strong>Pedro Grigori<\/strong><\/p>\n<p>&nbsp;<\/p>\n<p><span style=\"font-weight: 400\">A candidata do Pros ao Pal\u00e1cio do Buriti, Eliana Pedrosa, tirou o come\u00e7o da tarde desta ter\u00e7a-feira (25\/9) para conversar com representantes de diversas \u00e1reas da sa\u00fade. Foram reuni\u00f5es com empregados do Servi\u00e7o de Atendimento M\u00f3vel de Urg\u00eancia (Samu), de radiologia, enfermagem e cooperativas.<\/span><\/p>\n<p>&nbsp;<\/p>\n<p><span style=\"font-weight: 400\">O encontrou ocorreu no gabinete central do Pros, no Setor de R\u00e1dio e TV Sul. A ex-distrital ouviu tamb\u00e9m o grupo da Caixa de Assist\u00eancia de Benef\u00edcios (Cabs), que levantou queixas dos mais de 12 mil servidores que est\u00e3o com os nomes negativados. Eliana garantiu que \u00e9 poss\u00edvel negociar as d\u00edvidas dos profissionais. \u201cA taxa de juros e a Selic vem caindo, ent\u00e3o, \u00e9 perfeitamente poss\u00edvel fazer uma negocia\u00e7\u00e3o a juros menores\u201d, comentou.<\/span><\/p>\n<p>&nbsp;<\/p>\n<p><span style=\"font-weight: 400\">Para a candidata, um banco governamental, como o BRB, tem de priorizar o fomento. \u201cVamos conversar com os t\u00e9cnicos do BRB e sei que essa ser\u00e1 uma reivindica\u00e7\u00e3o poss\u00edvel\u201d, garantiu. \u00a0\u00a0<\/span><\/p>\n<p>&nbsp;<\/p>\n<h2><b>Cooperativismo<\/b><\/h2>\n<p>&nbsp;<\/p>\n<p><span style=\"font-weight: 400\">Eliana se reuniu tamb\u00e9m com cooperativas de t\u00e9cnicos de enfermagem, que atuam no setor privado e propuseram parcerias para trabalhar tamb\u00e9m no servi\u00e7o p\u00fablico. \u201cO cooperativismo j\u00e1 \u00e9 um instituto consolidado dentro da nossa legisla\u00e7\u00e3o. Eles vieram pedir para entrar no servi\u00e7o p\u00fablico, principalmente no formato Home Care, e iremos avaliar\u201d, pontuou. A candidata reafirmou para o grupo o compromisso de criar uma Secretaria de Estado das Micro e Pequenas Empresas e do Cooperativismo.<\/span><\/p>\n<p>&nbsp;<\/p>\n<p><span style=\"font-weight: 400\">A ex-distrital participou de reuni\u00f5es privadas em Planaltina durante a manh\u00e3 e, no come\u00e7o da noite, visitar\u00e1 \u00c1guas Claras, Vicente Pires e Ceil\u00e2ndia para mais encontros. No fim do dia, a candidata se re\u00fane com grupo de mulheres crist\u00e3s no Lago Sul.<\/span><\/p>\n","protected":false},"excerpt":{"rendered":"<p>Pedro Grigori &nbsp; A candidata do Pros ao Pal\u00e1cio do Buriti, Eliana Pedrosa, tirou o come\u00e7o da tarde desta ter\u00e7a-feira (25\/9) para conversar com representantes de diversas \u00e1reas da sa\u00fade. Foram reuni\u00f5es com empregados do Servi\u00e7o de Atendimento M\u00f3vel de Urg\u00eancia (Samu), de radiologia, enfermagem e cooperativas. &nbsp; O encontrou ocorreu no gabinete central do [&hellip;]<\/p>\n","protected":false},"author":90,"featured_media":13064,"comment_status":"open","ping_status":"closed","sticky":false,"template":"","format":"standard","meta":{"wpb_read_more":[],"footnotes":""},"categories":[234],"tags":[1518,807,1215,1519],"class_list":["post-13059","post","type-post","status-publish","format-standard","has-post-thumbnail","hentry","category-cb-poder","tag-dividas","tag-eleicoes-2018","tag-eliana-pedrosa","tag-renegociacao"],"_links":{"self":[{"href":"https:\/\/blogs2.correiobraziliense.com.br\/cbpoder\/wp-json\/wp\/v2\/posts\/13059","targetHints":{"allow":["GET"]}}],"collection":[{"href":"https:\/\/blogs2.correiobraziliense.com.br\/cbpoder\/wp-json\/wp\/v2\/posts"}],"about":[{"href":"https:\/\/blogs2.correiobraziliense.com.br\/cbpoder\/wp-json\/wp\/v2\/types\/post"}],"author":[{"embeddable":true,"href":"https:\/\/blogs2.correiobraziliense.com.br\/cbpoder\/wp-json\/wp\/v2\/users\/90"}],"replies":[{"embeddable":true,"href":"https:\/\/blogs2.correiobraziliense.com.br\/cbpoder\/wp-json\/wp\/v2\/comments?post=13059"}],"version-history":[{"count":3,"href":"https:\/\/blogs2.correiobraziliense.com.br\/cbpoder\/wp-json\/wp\/v2\/posts\/13059\/revisions"}],"predecessor-version":[{"id":13063,"href":"https:\/\/blogs2.correiobraziliense.com.br\/cbpoder\/wp-json\/wp\/v2\/posts\/13059\/revisions\/13063"}],"wp:featuredmedia":[{"embeddable":true,"href":"https:\/\/blogs2.correiobraziliense.com.br\/cbpoder\/wp-json\/wp\/v2\/media\/13064"}],"wp:attachment":[{"href":"https:\/\/blogs2.correiobraziliense.com.br\/cbpoder\/wp-json\/wp\/v2\/media?parent=13059"}],"wp:term":[{"taxonomy":"category","embeddable":true,"href":"https:\/\/blogs2.correiobraziliense.com.br\/cbpoder\/wp-json\/wp\/v2\/categories?post=13059"},{"taxonomy":"post_tag","embeddable":true,"href":"https:\/\/blogs2.correiobraziliense.com.br\/cbpoder\/wp-json\/wp\/v2\/tags?post=13059"}],"curies":[{"name":"wp","href":"https:\/\/api.w.org\/{rel}","templated":true}]}}