{"id":13082,"date":"2018-09-26T15:18:09","date_gmt":"2018-09-26T18:18:09","guid":{"rendered":"https:\/\/blogs2.correiobraziliense.com.br\/cbpoder\/?p=13082"},"modified":"2018-09-26T17:52:28","modified_gmt":"2018-09-26T20:52:28","slug":"a-maior-desmoralizacao-da-historia-de-alguns-institutos-de-pesquisa-acontecera-no-dia-da-eleicao-diz-rosso","status":"publish","type":"post","link":"https:\/\/blogs2.correiobraziliense.com.br\/cbpoder\/a-maior-desmoralizacao-da-historia-de-alguns-institutos-de-pesquisa-acontecera-no-dia-da-eleicao-diz-rosso\/","title":{"rendered":"\u201cA maior desmoraliza\u00e7\u00e3o da hist\u00f3ria de alguns institutos de pesquisa acontecer\u00e1 no dia da elei\u00e7\u00e3o\u201d, diz Rosso"},"content":{"rendered":"<p><span style=\"font-weight: 400\">Quinto colocado no levantamento de inten\u00e7\u00e3o de votos encomendado pelo <\/span><b>Correio <\/b><span style=\"font-weight: 400\">e realizado pelo Instituto Opini\u00e3o Pol\u00edtica, publicado nesta quarta-feira (26\/09), o candidato ao Pal\u00e1cio do Buriti Rog\u00e9rio Rosso (PSD) afirmou ter \u201ca impress\u00e3o de que a maior desmoraliza\u00e7\u00e3o da hist\u00f3ria de alguns institutos de pesquisa acontecer\u00e1 no dia da elei\u00e7\u00e3o, quando os resultados sa\u00edrem\u201d. \u201cA popula\u00e7\u00e3o \u00e9 inteligente e n\u00e3o se deixar\u00e1 induzir por pesquisas que, na minha opini\u00e3o, n\u00e3o refletem, em nenhuma hip\u00f3tese, a realidade das ruas\u201d, disse o concorrente, que aparece com o apoio de 8,4% dos entrevistados.<\/span><\/p>\n<p>&nbsp;<\/p>\n<p><span style=\"font-weight: 400\">A pesquisa, realizada entre 21 e 24 de setembro, mostra Eliana Pedrosa (Pros) na lideran\u00e7a, com 17% das inten\u00e7\u00f5es de voto. Na segunda coloca\u00e7\u00e3o, empatado tecnicamente com a ex-distrital, est\u00e1 Ibaneis Rocha (MDB), que atingiu 16,1%. Em seguida, Alberto Fraga (DEM) tem o apoio de 13,5% dos eleitores ouvidos. O governador Rodrigo Rollemberg (PSB) aparece na quarta posi\u00e7\u00e3o, com 10,5%.<\/span><\/p>\n<p>&nbsp;<\/p>\n<blockquote><p><span style=\"font-weight: 400\">Em caminhada na Feira dos Goianos, em Taguatinga, nesta manh\u00e3, Rosso conversou com comerciantes que comentaram o desempenho do candidato nos levantamentos. \u201cEstava pensando em votar no senhor, mas vi que est\u00e1 l\u00e1 atr\u00e1s nas pesquisas\u201d, disse um dos eleitores. O pessedista pediu que o feirante n\u00e3o acreditasse nos resultados. \u201cFazemos as nossas internas, estamos nas ruas e cidades. O cen\u00e1rio \u00e9 diferente\u201d, garantiu.<\/span><\/p>\n<p>&nbsp;<\/p><\/blockquote>\n<p><span style=\"font-weight: 400\">Esta \u00e9 a terceira pesquisa encomendada e divulgada pelo <\/span><b>Correio <\/b><span style=\"font-weight: 400\">desde o in\u00edcio da campanha. Para a amostra de 1.194 entrevistas, a margem de erro estimada foi de tr\u00eas pontos percentuais para mais ou para menos, com um intervalo de confian\u00e7a de 95%. O deputado federal licenciado, que cresceu entre as duas primeiras sondagens, agora registrou queda. O parlamentar tinha 8,5% na largada da corrida eleitoral e havia passado para 10,1% no levantamento publicado em 12 de setembro.<\/span><\/p>\n<p>&nbsp;<\/p>\n<h2><b>Apoio a feiras para\u00a0gerar empregos<\/b><\/h2>\n<p>&nbsp;<\/p>\n<p><span style=\"font-weight: 400\">Acompanhado do candidato ao Senado Cristovam Buarque (PPS) e do vice-governador e aspirante a deputado federal Renato Santana (PSD), Rosso caminhou por cerca de 1h30 na Feira. No percurso, ouviu demandas, tirou fotos e apresentou propostas. De acordo com o candidato, entre as prioridades de uma eventual gest\u00e3o, est\u00e1 a cria\u00e7\u00e3o de 300 mil vagas de emprego em quatro anos.<\/span><\/p>\n<p>&nbsp;<\/p>\n<p><span style=\"font-weight: 400\">Para alcan\u00e7ar a meta, o deputado federal classifica como \u201cessencial\u201d o apoio \u00e0s feiras. \u201cPrecisamos valorizar quem gera empregos: ambulantes, feirantes, micro e pequenos empres\u00e1rios, comerciantes. Temos, no DF, mais de 35 mil feirantes. Se cada um deles contratar mais duas pessoas, teremos gerado 70 mil empregos\u201d, explicou.<\/span><\/p>\n<p>&nbsp;<\/p>\n<blockquote><p><span style=\"font-weight: 400\">Conforme o projeto, ser\u00e3o realizados mutir\u00f5es para a capta\u00e7\u00e3o de demandas e reclama\u00e7\u00f5es dos profissionais. \u201cAl\u00e9m disso, criaremos linhas de cr\u00e9dito no BRB e outras institui\u00e7\u00f5es financeiras que vamos credenciar, regularizaremos feiras e investiremos na seguran\u00e7a em torno destes locais, pois h\u00e1 muitas reclama\u00e7\u00f5es relativas \u00e0 tr\u00e1fico, prostitui\u00e7\u00e3o e ao uso de drogas\u201d, adiantou.<\/span><\/p>\n<p>&nbsp;<\/p><\/blockquote>\n<p><span style=\"font-weight: 400\">Ap\u00f3s a caminhada, Rosso concedeu entrevista ao <\/span><b>CB.Poder. <\/b><span style=\"font-weight: 400\">\u00c0s 16h, o candidato re\u00fane-se com representantes da Associa\u00e7\u00e3o das Empresas do Segmento M\u00e9dico Hospitalar e Laboratorial do DF (ASSEMEDH). Mais tarde, ele participa do debate com os concorrentes ao Pal\u00e1cio do Buriti promovido pelo Jornal de Bras\u00edlia.<\/span><\/p>\n","protected":false},"excerpt":{"rendered":"<p>Quinto colocado no levantamento de inten\u00e7\u00e3o de votos encomendado pelo Correio e realizado pelo Instituto Opini\u00e3o Pol\u00edtica, publicado nesta quarta-feira (26\/09), o candidato ao Pal\u00e1cio do Buriti Rog\u00e9rio Rosso (PSD) afirmou ter \u201ca impress\u00e3o de que a maior desmoraliza\u00e7\u00e3o da hist\u00f3ria de alguns institutos de pesquisa acontecer\u00e1 no dia da elei\u00e7\u00e3o, quando os resultados sa\u00edrem\u201d. [&hellip;]<\/p>\n","protected":false},"author":90,"featured_media":13087,"comment_status":"open","ping_status":"closed","sticky":false,"template":"","format":"standard","meta":{"wpb_read_more":[],"footnotes":""},"categories":[234],"tags":[807,1524,1525,1440,1220],"class_list":["post-13082","post","type-post","status-publish","format-standard","has-post-thumbnail","hentry","category-cb-poder","tag-eleicoes-2018","tag-feiras","tag-linhas-de-credito","tag-pesquisa","tag-regularizacao"],"_links":{"self":[{"href":"https:\/\/blogs2.correiobraziliense.com.br\/cbpoder\/wp-json\/wp\/v2\/posts\/13082","targetHints":{"allow":["GET"]}}],"collection":[{"href":"https:\/\/blogs2.correiobraziliense.com.br\/cbpoder\/wp-json\/wp\/v2\/posts"}],"about":[{"href":"https:\/\/blogs2.correiobraziliense.com.br\/cbpoder\/wp-json\/wp\/v2\/types\/post"}],"author":[{"embeddable":true,"href":"https:\/\/blogs2.correiobraziliense.com.br\/cbpoder\/wp-json\/wp\/v2\/users\/90"}],"replies":[{"embeddable":true,"href":"https:\/\/blogs2.correiobraziliense.com.br\/cbpoder\/wp-json\/wp\/v2\/comments?post=13082"}],"version-history":[{"count":1,"href":"https:\/\/blogs2.correiobraziliense.com.br\/cbpoder\/wp-json\/wp\/v2\/posts\/13082\/revisions"}],"predecessor-version":[{"id":13083,"href":"https:\/\/blogs2.correiobraziliense.com.br\/cbpoder\/wp-json\/wp\/v2\/posts\/13082\/revisions\/13083"}],"wp:featuredmedia":[{"embeddable":true,"href":"https:\/\/blogs2.correiobraziliense.com.br\/cbpoder\/wp-json\/wp\/v2\/media\/13087"}],"wp:attachment":[{"href":"https:\/\/blogs2.correiobraziliense.com.br\/cbpoder\/wp-json\/wp\/v2\/media?parent=13082"}],"wp:term":[{"taxonomy":"category","embeddable":true,"href":"https:\/\/blogs2.correiobraziliense.com.br\/cbpoder\/wp-json\/wp\/v2\/categories?post=13082"},{"taxonomy":"post_tag","embeddable":true,"href":"https:\/\/blogs2.correiobraziliense.com.br\/cbpoder\/wp-json\/wp\/v2\/tags?post=13082"}],"curies":[{"name":"wp","href":"https:\/\/api.w.org\/{rel}","templated":true}]}}