{"id":13308,"date":"2018-10-24T17:03:57","date_gmt":"2018-10-24T19:03:57","guid":{"rendered":"https:\/\/blogs2.correiobraziliense.com.br\/cbpoder\/?p=13308"},"modified":"2018-10-24T18:03:30","modified_gmt":"2018-10-24T20:03:30","slug":"tre-df-nega-liminar-em-caso-de-fake-news-sobre-pedofilia-contra-ibaneis","status":"publish","type":"post","link":"https:\/\/blogs2.correiobraziliense.com.br\/cbpoder\/tre-df-nega-liminar-em-caso-de-fake-news-sobre-pedofilia-contra-ibaneis\/","title":{"rendered":"TRE-DF nega liminar em caso de fake news sobre pedofilia contra Ibaneis"},"content":{"rendered":"<p><b>ALEXANDRE DE PAULA<\/b><\/p>\n<p>&nbsp;<\/p>\n<p><span style=\"font-weight: 400\">O Tribunal Regional Eleitoral (TRE-DF) negou, nesta quarta-feira (24\/10), o pedido de tutela de urg\u00eancia do candidato ao GDF pelo MDB, Ibaneis Rocha, para impedir, sob pena de multa, que a campanha do governador Rodrigo Rollemberg (PSB) e o deputado federal Alberto Fraga (DEM) veiculem propaganda com not\u00edcias falsas sobre seu suposto envolvimento em caso de pedofilia.<\/span><\/p>\n<p>&nbsp;<\/p>\n<p><span style=\"font-weight: 400\">A ju\u00edza Diva Lucy de Faria Pereira explica, na decis\u00e3o, que n\u00e3o h\u00e1 comprova\u00e7\u00e3o de que tanto Rollemberg quanto Fraga tenham, de fato, participado da produ\u00e7\u00e3o ou da divulga\u00e7\u00e3o do conte\u00fado falso. \u201cEm que pese a gravidade dos fatos narrados, n\u00e3o h\u00e1, nos autos, qualquer elemento de informa\u00e7\u00e3o no sentido de que os representados tenham produzido ou divulgado os v\u00eddeos colacionados\u201d, escreveu.<\/span><\/p>\n<p>&nbsp;<\/p>\n<p><span style=\"font-weight: 400\">Na representa\u00e7\u00e3o, a defesa de Ibaneis alega que v\u00eddeos associando o candidato \u00e0 pr\u00e1tica de pedofilia est\u00e3o sendo divulgados nas redes sociais. Haveria, conforme os advogados, um \u201cesquema de divulga\u00e7\u00e3o de not\u00edcias inver\u00eddicas\u201d em benef\u00edcio de Rollemberg, as quais teriam partido do n\u00facleo da campanha socialista.<\/span><\/p>\n<p>&nbsp;<\/p>\n<blockquote><p><span style=\"font-weight: 400\">A magistrada entendeu que falta consist\u00eancia quanto \u00e0 veracidade das alega\u00e7\u00f5es deduzidas pela defesa de Ibaneis. Na vis\u00e3o da ju\u00edza, isso seria \u201crequisito indispens\u00e1vel para o deferimento da tutela de urg\u00eancia liminarmente pleiteada\u201d.<\/span><\/p><\/blockquote>\n<p>&nbsp;<\/p>\n<p><span style=\"font-weight: 400\">Um dos advogados respons\u00e1veis pela representa\u00e7\u00e3o, Bruno Rangel destaca que a negativa do pedido de urg\u00eancia n\u00e3o impede a continuidade das investiga\u00e7\u00e3o das fake news. \u201cN\u00e3o altera o andamento da investiga\u00e7\u00e3o. S\u00e3o duas coisas diferentes, h\u00e1 not\u00edcias-crime que foram apresentadas e que est\u00e3o em investiga\u00e7\u00e3o. Essa outra representa\u00e7\u00e3o era por conta de uma propaganda espec\u00edfica, que o Tribunal entendeu, por enquanto, n\u00e3o haver elementos que comprovem ter sido produzida por eles\u201d, comentou.<\/span><\/p>\n<p>&nbsp;<\/p>\n<p><span style=\"font-weight: 400\">Apesar de negar o pedido de urg\u00eancia, a magistrada deu o prazo de dois dias para que seja apresentada defesa pelos acusados. Depois disso, determinou a intima\u00e7\u00e3o do representante do Minist\u00e9rio P\u00fablico Eleitoral (MPE).<\/span><\/p>\n<p>&nbsp;<\/p>\n<p><span style=\"font-weight: 400\">A assessoria de imprensa do governador Rodrigo Rollemberg se manifestou de maneira breve, destacando apenas que \u201cdecis\u00e3o judicial se aceita e se cumpre\u201d. o deputado federal Alberto Fraga (DEM) informou que n\u00e3o comentaria o fato.<\/span><\/p>\n","protected":false},"excerpt":{"rendered":"<p>ALEXANDRE DE PAULA &nbsp; O Tribunal Regional Eleitoral (TRE-DF) negou, nesta quarta-feira (24\/10), o pedido de tutela de urg\u00eancia do candidato ao GDF pelo MDB, Ibaneis Rocha, para impedir, sob pena de multa, que a campanha do governador Rodrigo Rollemberg (PSB) e o deputado federal Alberto Fraga (DEM) veiculem propaganda com not\u00edcias falsas sobre seu [&hellip;]<\/p>\n","protected":false},"author":90,"featured_media":13309,"comment_status":"open","ping_status":"closed","sticky":false,"template":"","format":"standard","meta":{"wpb_read_more":[],"footnotes":""},"categories":[234],"tags":[807,1372,917,193],"class_list":["post-13308","post","type-post","status-publish","format-standard","has-post-thumbnail","hentry","category-cb-poder","tag-eleicoes-2018","tag-fake-news","tag-ibaneis-rocha","tag-rodrigo-rollemberg"],"_links":{"self":[{"href":"https:\/\/blogs2.correiobraziliense.com.br\/cbpoder\/wp-json\/wp\/v2\/posts\/13308","targetHints":{"allow":["GET"]}}],"collection":[{"href":"https:\/\/blogs2.correiobraziliense.com.br\/cbpoder\/wp-json\/wp\/v2\/posts"}],"about":[{"href":"https:\/\/blogs2.correiobraziliense.com.br\/cbpoder\/wp-json\/wp\/v2\/types\/post"}],"author":[{"embeddable":true,"href":"https:\/\/blogs2.correiobraziliense.com.br\/cbpoder\/wp-json\/wp\/v2\/users\/90"}],"replies":[{"embeddable":true,"href":"https:\/\/blogs2.correiobraziliense.com.br\/cbpoder\/wp-json\/wp\/v2\/comments?post=13308"}],"version-history":[{"count":3,"href":"https:\/\/blogs2.correiobraziliense.com.br\/cbpoder\/wp-json\/wp\/v2\/posts\/13308\/revisions"}],"predecessor-version":[{"id":13312,"href":"https:\/\/blogs2.correiobraziliense.com.br\/cbpoder\/wp-json\/wp\/v2\/posts\/13308\/revisions\/13312"}],"wp:featuredmedia":[{"embeddable":true,"href":"https:\/\/blogs2.correiobraziliense.com.br\/cbpoder\/wp-json\/wp\/v2\/media\/13309"}],"wp:attachment":[{"href":"https:\/\/blogs2.correiobraziliense.com.br\/cbpoder\/wp-json\/wp\/v2\/media?parent=13308"}],"wp:term":[{"taxonomy":"category","embeddable":true,"href":"https:\/\/blogs2.correiobraziliense.com.br\/cbpoder\/wp-json\/wp\/v2\/categories?post=13308"},{"taxonomy":"post_tag","embeddable":true,"href":"https:\/\/blogs2.correiobraziliense.com.br\/cbpoder\/wp-json\/wp\/v2\/tags?post=13308"}],"curies":[{"name":"wp","href":"https:\/\/api.w.org\/{rel}","templated":true}]}}