{"id":13376,"date":"2018-10-31T20:56:51","date_gmt":"2018-10-31T23:56:51","guid":{"rendered":"https:\/\/blogs2.correiobraziliense.com.br\/cbpoder\/?p=13376"},"modified":"2018-10-31T21:35:50","modified_gmt":"2018-11-01T00:35:50","slug":"robson-candido-benito-tiezzi-e-gilberto-maranhao-integram-lista-triplice-para-direcao-da-policia-civil","status":"publish","type":"post","link":"https:\/\/blogs2.correiobraziliense.com.br\/cbpoder\/robson-candido-benito-tiezzi-e-gilberto-maranhao-integram-lista-triplice-para-direcao-da-policia-civil\/","title":{"rendered":"Robson C\u00e2ndido, Benito Tiezzi e Gilberto Maranh\u00e3o integram lista tr\u00edplice para dire\u00e7\u00e3o da Pol\u00edcia Civil"},"content":{"rendered":"<p>ANA MARIA CAMPOS<\/p>\n<p>Saiu a lista tr\u00edplice com indica\u00e7\u00f5es para o cargo de diretor-geral da Pol\u00edcia Civil do Distrito Federal. Os delegados Robson C\u00e2ndido, Benito Tiezzi e Gilberto Maranh\u00e3o foram eleitos pelos colegas, em vota\u00e7\u00e3o conduzida pelo Sindicato dos Delegados de Pol\u00edcia Civil do DF (Sindepo).<\/p>\n<p>Ao longo do dia, delegados participaram da vota\u00e7\u00e3o no clube da Associa\u00e7\u00e3o dos Delegados da Pol\u00edcia Civil do DF (Adepol). Dez delegados disputaram as tr\u00eas vagas.<\/p>\n<p>As indica\u00e7\u00f5es ser\u00e3o encaminhadas ao governador eleito Ibaneis Rocha (MDB), que, durante a campanha, prometeu ouvir a categoria para a escolha do chefe da PCDF.<\/p>\n<p>H\u00e1 ainda a possibilidade de que ocorra uma outra vota\u00e7\u00e3o, com a participa\u00e7\u00e3o de agentes, agentes policiais de cust\u00f3dia, peritos criminais, escriv\u00e3es e papiloscopistas, conduzida pelo Sindicato dos Policiais Civis (Sinpol\/DF). Neste caso, tr\u00eas delegados tamb\u00e9m ser\u00e3o escolhidos.<\/p>\n<p>O Sinpol convocou a categoria para uma assembleia amanh\u00e3 (01\/11) com o objetivo de discutir as regras da elei\u00e7\u00e3o. A proposta \u00e9 de que o processo ocorra em 08 de novembro, em todas as delegacias e unidades da Pol\u00edcia Civil, para que haja a participa\u00e7\u00e3o de 90% dos servidores.<\/p>\n<p>As \u00faltimas duas nomea\u00e7\u00f5es para a dire\u00e7\u00e3o-geral passaram por uma lista tr\u00edplice do Sindepo. Em 2012, o ent\u00e3o governador Agnelo Queiroz (PT) nomeou o delegado Jorge Xavier e Rodrigo Rollemberg (PSB), o delegado Eric Seba.<\/p>\n<p>Veja como foi a vota\u00e7\u00e3o:<\/p>\n<p>Robson C\u00e2ndido &#8211; 265 votos<\/p>\n<p>Benito Tiezzi &#8211; 242 votos<\/p>\n<p>Gilberto Maranh\u00e3o &#8211; 170 votos<\/p>\n<p>Anderson Esp\u00edndola &#8211; 163 votos<\/p>\n<p>La\u00e9rcio Rosseto &#8211; 162 votos<\/p>\n<p>Maur\u00edlio Rocha &#8211; 133 votos<\/p>\n<p>Victor Dan &#8211; 110 votos<\/p>\n<p>Fernando Cocito &#8211; 53 votos<\/p>\n<p>Mois\u00e9s Martins &#8211; 44 votos<\/p>\n<p>Sergio Bautzer &#8211; 41 votos<\/p>\n<p>&nbsp;<\/p>\n","protected":false},"excerpt":{"rendered":"<p>ANA MARIA CAMPOS Saiu a lista tr\u00edplice com indica\u00e7\u00f5es para o cargo de diretor-geral da Pol\u00edcia Civil do Distrito Federal. Os delegados Robson C\u00e2ndido, Benito Tiezzi e Gilberto Maranh\u00e3o foram eleitos pelos colegas, em vota\u00e7\u00e3o conduzida pelo Sindicato dos Delegados de Pol\u00edcia Civil do DF (Sindepo). Ao longo do dia, delegados participaram da vota\u00e7\u00e3o no [&hellip;]<\/p>\n","protected":false},"author":9,"featured_media":13377,"comment_status":"open","ping_status":"closed","sticky":false,"template":"","format":"standard","meta":{"wpb_read_more":[],"footnotes":""},"categories":[234],"tags":[1075,102,477],"class_list":["post-13376","post","type-post","status-publish","format-standard","has-post-thumbnail","hentry","category-cb-poder","tag-lista-triplice","tag-policia-civil","tag-sindepo"],"_links":{"self":[{"href":"https:\/\/blogs2.correiobraziliense.com.br\/cbpoder\/wp-json\/wp\/v2\/posts\/13376","targetHints":{"allow":["GET"]}}],"collection":[{"href":"https:\/\/blogs2.correiobraziliense.com.br\/cbpoder\/wp-json\/wp\/v2\/posts"}],"about":[{"href":"https:\/\/blogs2.correiobraziliense.com.br\/cbpoder\/wp-json\/wp\/v2\/types\/post"}],"author":[{"embeddable":true,"href":"https:\/\/blogs2.correiobraziliense.com.br\/cbpoder\/wp-json\/wp\/v2\/users\/9"}],"replies":[{"embeddable":true,"href":"https:\/\/blogs2.correiobraziliense.com.br\/cbpoder\/wp-json\/wp\/v2\/comments?post=13376"}],"version-history":[{"count":6,"href":"https:\/\/blogs2.correiobraziliense.com.br\/cbpoder\/wp-json\/wp\/v2\/posts\/13376\/revisions"}],"predecessor-version":[{"id":13383,"href":"https:\/\/blogs2.correiobraziliense.com.br\/cbpoder\/wp-json\/wp\/v2\/posts\/13376\/revisions\/13383"}],"wp:featuredmedia":[{"embeddable":true,"href":"https:\/\/blogs2.correiobraziliense.com.br\/cbpoder\/wp-json\/wp\/v2\/media\/13377"}],"wp:attachment":[{"href":"https:\/\/blogs2.correiobraziliense.com.br\/cbpoder\/wp-json\/wp\/v2\/media?parent=13376"}],"wp:term":[{"taxonomy":"category","embeddable":true,"href":"https:\/\/blogs2.correiobraziliense.com.br\/cbpoder\/wp-json\/wp\/v2\/categories?post=13376"},{"taxonomy":"post_tag","embeddable":true,"href":"https:\/\/blogs2.correiobraziliense.com.br\/cbpoder\/wp-json\/wp\/v2\/tags?post=13376"}],"curies":[{"name":"wp","href":"https:\/\/api.w.org\/{rel}","templated":true}]}}