{"id":13437,"date":"2018-11-07T21:05:11","date_gmt":"2018-11-07T23:05:11","guid":{"rendered":"https:\/\/blogs2.correiobraziliense.com.br\/cbpoder\/?p=13437"},"modified":"2018-11-07T21:05:11","modified_gmt":"2018-11-07T23:05:11","slug":"coronel-sheyla-soares-sampaio-sera-a-primeira-mulher-a-assumir-o-comando-geral-da-pmdf","status":"publish","type":"post","link":"https:\/\/blogs2.correiobraziliense.com.br\/cbpoder\/coronel-sheyla-soares-sampaio-sera-a-primeira-mulher-a-assumir-o-comando-geral-da-pmdf\/","title":{"rendered":"Coronel Sheyla Soares Sampaio ser\u00e1 a primeira mulher a assumir o comando-geral da PMDF"},"content":{"rendered":"<p><span style=\"font-weight: 400\">A coronel Sheyla Soares Sampaio ser\u00e1 a primeira mulher a assumir o comando-geral da Pol\u00edcia Militar do Distrito Federal, conforme anunciou, nesta quarta-feira (07\/11), o governador eleito Ibaneis Rocha (MDB). Atual comandante do Policiamento Regional Sul II, respons\u00e1vel pelas cidades de N\u00facleo Bandeirante, Recanto das Emas e Riacho Fundo I e II, ela est\u00e1 na corpora\u00e7\u00e3o h\u00e1 27 anos, sendo que passou no curso de forma\u00e7\u00e3o de oficiais em 1994.<\/span><\/p>\n<p><span style=\"font-weight: 400\"><br \/>\nSheyla decidiu entrar para a PM aos 18 anos. Ent\u00e3o matriculada no curso de educa\u00e7\u00e3o f\u00edsica da Universidade de Bras\u00edlia (UnB), iniciou os estudos para o concurso. Naquela \u00e9poca, a rotina inclu\u00eda faculdade e aulas particulares que ministrava para alunos do ensino fundamental. Mesmo assim, foi aprovada em primeiro lugar nas tr\u00eas fases da prova. Passou a ser conhecida como Zero Um \u2014 apelido ainda hoje utilizado pelos colegas de turma e pela m\u00e3e, a aposentada Dalzira Soares de Souza, 74 anos.<\/span><\/p>\n<p><span style=\"font-weight: 400\"><br \/>\nA PM foi o primeiro e \u00fanico emprego da coronel Sheila. Entre as opera\u00e7\u00f5es que comandou, est\u00e3o as do carnaval de 2014, 2015 e 2016; a do R\u00e9veillon de 2013 para 2014; a Copa do Mundo de 2014, as Olimp\u00edadas de 2016; e o primeiro turno das elei\u00e7\u00f5es deste ano.<\/span><\/p>\n<p>&nbsp;<\/p>\n<p><i><span style=\"font-weight: 400\">Confira o curr\u00edculo da coronel:<\/span><\/i><\/p>\n<p>&nbsp;<\/p>\n<p><b>Forma\u00e7\u00e3o<\/b><span style=\"font-weight: 400\">: <\/span><\/p>\n<p><span style=\"font-weight: 400\">Curso de Forma\u00e7\u00e3o de Oficiais &#8211; 1a colocada &#8211; 1994<\/span><\/p>\n<p><span style=\"font-weight: 400\">Curso de Aperfei\u00e7oamento de Oficiais &#8211; 4a colocada &#8211; 2005<\/span><\/p>\n<p><span style=\"font-weight: 400\">Curso de Altos Estudos &#8211; 4a colocada &#8211; 2012<\/span><\/p>\n<p><span style=\"font-weight: 400\">Curso de Tr\u00e2nsito &#8211; 2a colocada &#8211; 2001<\/span><\/p>\n<p><span style=\"font-weight: 400\">MBA de Planejamento, Or\u00e7amento e Gest\u00e3o P\u00fablica &#8211; FGV &#8211; 2009<\/span><\/p>\n<p>&nbsp;<\/p>\n<p><b>Fun\u00e7\u00f5es<\/b><span style=\"font-weight: 400\">:<\/span><\/p>\n<p><span style=\"font-weight: 400\">Assessora Operacional da SEOPS &#8211; 2009<\/span><\/p>\n<p><span style=\"font-weight: 400\">Comandante do 1\u00ba BPM &#8211; 2013 A 2016<\/span><\/p>\n<p><span style=\"font-weight: 400\">Subdiretor de Recrutamento e Sele\u00e7\u00e3o &#8211; 2016 a 2018<\/span><\/p>\n<p><span style=\"font-weight: 400\">Diretora de Promo\u00e7\u00f5es, Avalia\u00e7\u00e3o e Desempenho &#8211; 2018<\/span><\/p>\n<p><span style=\"font-weight: 400\">Comandante do Policiamento Regional Sul II &#8211; 2018<\/span><\/p>\n<p>&nbsp;<\/p>\n<p><b>Tempo de servi\u00e7o: <\/b><span style=\"font-weight: 400\">27 anos<\/span><\/p>\n<p>&nbsp;<\/p>\n<p><b>Opera\u00e7\u00f5es que comandou:<\/b><\/p>\n<p><span style=\"font-weight: 400\">Carnaval, 2014, 2015 e 2016<\/span><\/p>\n<p><span style=\"font-weight: 400\">R\u00e9veillon 2013\/2014<\/span><\/p>\n<p><span style=\"font-weight: 400\">Copa do Mundo 2014<\/span><\/p>\n<p><span style=\"font-weight: 400\">Olimpiadas 2016<\/span><\/p>\n<p><span style=\"font-weight: 400\">Elei\u00e7\u00f5es 1\u00ba turno 2018<\/span><\/p>\n","protected":false},"excerpt":{"rendered":"<p>A coronel Sheyla Soares Sampaio ser\u00e1 a primeira mulher a assumir o comando-geral da Pol\u00edcia Militar do Distrito Federal, conforme anunciou, nesta quarta-feira (07\/11), o governador eleito Ibaneis Rocha (MDB). Atual comandante do Policiamento Regional Sul II, respons\u00e1vel pelas cidades de N\u00facleo Bandeirante, Recanto das Emas e Riacho Fundo I e II, ela est\u00e1 na [&hellip;]<\/p>\n","protected":false},"author":90,"featured_media":13438,"comment_status":"open","ping_status":"closed","sticky":false,"template":"","format":"standard","meta":{"wpb_read_more":[],"footnotes":""},"categories":[234],"tags":[1555,359],"class_list":["post-13437","post","type-post","status-publish","format-standard","has-post-thumbnail","hentry","category-cb-poder","tag-comando-geral","tag-policia-militar"],"_links":{"self":[{"href":"https:\/\/blogs2.correiobraziliense.com.br\/cbpoder\/wp-json\/wp\/v2\/posts\/13437","targetHints":{"allow":["GET"]}}],"collection":[{"href":"https:\/\/blogs2.correiobraziliense.com.br\/cbpoder\/wp-json\/wp\/v2\/posts"}],"about":[{"href":"https:\/\/blogs2.correiobraziliense.com.br\/cbpoder\/wp-json\/wp\/v2\/types\/post"}],"author":[{"embeddable":true,"href":"https:\/\/blogs2.correiobraziliense.com.br\/cbpoder\/wp-json\/wp\/v2\/users\/90"}],"replies":[{"embeddable":true,"href":"https:\/\/blogs2.correiobraziliense.com.br\/cbpoder\/wp-json\/wp\/v2\/comments?post=13437"}],"version-history":[{"count":1,"href":"https:\/\/blogs2.correiobraziliense.com.br\/cbpoder\/wp-json\/wp\/v2\/posts\/13437\/revisions"}],"predecessor-version":[{"id":13439,"href":"https:\/\/blogs2.correiobraziliense.com.br\/cbpoder\/wp-json\/wp\/v2\/posts\/13437\/revisions\/13439"}],"wp:featuredmedia":[{"embeddable":true,"href":"https:\/\/blogs2.correiobraziliense.com.br\/cbpoder\/wp-json\/wp\/v2\/media\/13438"}],"wp:attachment":[{"href":"https:\/\/blogs2.correiobraziliense.com.br\/cbpoder\/wp-json\/wp\/v2\/media?parent=13437"}],"wp:term":[{"taxonomy":"category","embeddable":true,"href":"https:\/\/blogs2.correiobraziliense.com.br\/cbpoder\/wp-json\/wp\/v2\/categories?post=13437"},{"taxonomy":"post_tag","embeddable":true,"href":"https:\/\/blogs2.correiobraziliense.com.br\/cbpoder\/wp-json\/wp\/v2\/tags?post=13437"}],"curies":[{"name":"wp","href":"https:\/\/api.w.org\/{rel}","templated":true}]}}