{"id":13637,"date":"2018-11-27T08:40:36","date_gmt":"2018-11-27T10:40:36","guid":{"rendered":"https:\/\/blogs2.correiobraziliense.com.br\/cbpoder\/?p=13637"},"modified":"2018-11-27T10:28:12","modified_gmt":"2018-11-27T12:28:12","slug":"rodrigo-delmasso-candidato-a-presidencia-da-camara-diz-que-oposicao-ao-governo-ibaneis-traria-prejuizos-a-populacao","status":"publish","type":"post","link":"https:\/\/blogs2.correiobraziliense.com.br\/cbpoder\/rodrigo-delmasso-candidato-a-presidencia-da-camara-diz-que-oposicao-ao-governo-ibaneis-traria-prejuizos-a-populacao\/","title":{"rendered":"Candidato \u00e0 Presid\u00eancia da C\u00e2mara, Rodrigo Delmasso diz que oposi\u00e7\u00e3o ao governo Ibaneis traria preju\u00edzos a popula\u00e7\u00e3o"},"content":{"rendered":"<h6>Eixo Capital\/ Por Ana Maria Campos<\/h6>\n<p>Entrevista com Rodrigo Delmasso (PRB)<\/p>\n<p>&nbsp;<\/p>\n<h2><strong>Est\u00e1 na disputa pela Presid\u00eancia da C\u00e2mara?<\/strong><\/h2>\n<p>Sim.<\/p>\n<p>&nbsp;<\/p>\n<h2><strong>Qual \u00e9 a sua bandeira?<\/strong><\/h2>\n<p>O projeto com os pilares de fortalecimento da imagem da C\u00e2mara, aproxima\u00e7\u00e3o da C\u00e2mara com a popula\u00e7\u00e3o, fortalecimento dos mandatos dentro da casa.<\/p>\n<p>&nbsp;<\/p>\n<h2><strong>E como fazer isso?<\/strong><\/h2>\n<p>Com uma gest\u00e3o transparente, vamos fazer mais com menos. Vamos dar continuidade aos projetos C\u00e2mara em movimento, E-democracia, ampliar o acesso ao aplicativo da C\u00e2mara. Vamos implantar a TV C\u00e2mara e a R\u00e1dio C\u00e2mara.<\/p>\n<p>&nbsp;<\/p>\n<h2><strong>E o que precisa?<\/strong><\/h2>\n<p>Caso o governo Bolsonaro n\u00e3o privatize a EBC, minha ideia \u00e9 fazer um contrato e fornecer os nossos canais, e pedir que transmitam as audi\u00eancias das comiss\u00f5es.<\/p>\n<p>&nbsp;<\/p>\n<h2><strong>Voc\u00ea foi um dos poucos reeleitos. Como avalia a renova\u00e7\u00e3o na Casa?<\/strong><\/h2>\n<p>A renova\u00e7\u00e3o respeitou a vontade da popula\u00e7\u00e3o e tamb\u00e9m atende \u00e0 nova legisla\u00e7\u00e3o eleitoral que deu possibilidade para que os partidos que n\u00e3o fazem coeficiente tenham deputados.<\/p>\n<p>&nbsp;<\/p>\n<h2><strong>Se eleito, voc\u00ea ser\u00e1 um presidente da C\u00e2mara aliado, independente ou oposi\u00e7\u00e3o a Ibaneis Rocha?<\/strong><\/h2>\n<p>Aliado, respeitando a harmonia e a independ\u00eancia da C\u00e2mara. Numa oposi\u00e7\u00e3o, quem sai prejudicada \u00e9 a popula\u00e7\u00e3o. N\u00e3o podemos fazer desse espa\u00e7o uma disputa de poder, mas temos que respeitar as comiss\u00f5es e o col\u00e9gio de l\u00edderes.<\/p>\n<p>&nbsp;<\/p>\n<h2><strong>Qual \u00e9 o principal tema a ser debatido no pr\u00f3ximo ano?<\/strong><\/h2>\n<p>Vamos protagonizar uma discuss\u00e3o que \u00e9 a Reforma Tribut\u00e1ria distrital, com uma discuss\u00e3o com setores da sociedade, principalmente do setor produtivo. Vamos aumentar o valor de compra dos sal\u00e1rios dos brasilienses e fortalecer a economia do DF, mexendo nas al\u00edquotas, equiparando-as a Goi\u00e1s, para reduzir a guerra fiscal.<\/p>\n<p>&nbsp;<\/p>\n<h2><strong>Acha que, com um governo Bolsonaro, a C\u00e2mara Legislativa, na pr\u00f3xima legislatura, ser\u00e1 mais conservadora?<\/strong><\/h2>\n<p>A sociedade, na sua maioria, \u00e9 conservadora e elegeu seus representantes. A C\u00e2mara \u00e9 um reflexo da sua sociedade.<\/p>\n<p>&nbsp;<\/p>\n<h2><strong>O projeto Escola sem partido vai voltar \u00e0 discuss\u00e3o na pr\u00f3xima legislatura?<\/strong><\/h2>\n<p>Vai voltar naturalmente por causa do debate nacional. A C\u00e2mara Legislativa n\u00e3o vai se alijar desse debate. Quem tiver argumento para construir a maioria vai ganhar.<\/p>\n","protected":false},"excerpt":{"rendered":"<p>Eixo Capital\/ Por Ana Maria Campos Entrevista com Rodrigo Delmasso (PRB) &nbsp; Est\u00e1 na disputa pela Presid\u00eancia da C\u00e2mara? Sim. &nbsp; Qual \u00e9 a sua bandeira? O projeto com os pilares de fortalecimento da imagem da C\u00e2mara, aproxima\u00e7\u00e3o da C\u00e2mara com a popula\u00e7\u00e3o, fortalecimento dos mandatos dentro da casa. &nbsp; E como fazer isso? Com [&hellip;]<\/p>\n","protected":false},"author":9,"featured_media":13639,"comment_status":"open","ping_status":"closed","sticky":false,"template":"","format":"standard","meta":{"wpb_read_more":[],"footnotes":""},"categories":[234],"tags":[70,1589],"class_list":["post-13637","post","type-post","status-publish","format-standard","has-post-thumbnail","hentry","category-cb-poder","tag-camara-legislativa","tag-governo-ibaneis"],"_links":{"self":[{"href":"https:\/\/blogs2.correiobraziliense.com.br\/cbpoder\/wp-json\/wp\/v2\/posts\/13637","targetHints":{"allow":["GET"]}}],"collection":[{"href":"https:\/\/blogs2.correiobraziliense.com.br\/cbpoder\/wp-json\/wp\/v2\/posts"}],"about":[{"href":"https:\/\/blogs2.correiobraziliense.com.br\/cbpoder\/wp-json\/wp\/v2\/types\/post"}],"author":[{"embeddable":true,"href":"https:\/\/blogs2.correiobraziliense.com.br\/cbpoder\/wp-json\/wp\/v2\/users\/9"}],"replies":[{"embeddable":true,"href":"https:\/\/blogs2.correiobraziliense.com.br\/cbpoder\/wp-json\/wp\/v2\/comments?post=13637"}],"version-history":[{"count":4,"href":"https:\/\/blogs2.correiobraziliense.com.br\/cbpoder\/wp-json\/wp\/v2\/posts\/13637\/revisions"}],"predecessor-version":[{"id":13642,"href":"https:\/\/blogs2.correiobraziliense.com.br\/cbpoder\/wp-json\/wp\/v2\/posts\/13637\/revisions\/13642"}],"wp:featuredmedia":[{"embeddable":true,"href":"https:\/\/blogs2.correiobraziliense.com.br\/cbpoder\/wp-json\/wp\/v2\/media\/13639"}],"wp:attachment":[{"href":"https:\/\/blogs2.correiobraziliense.com.br\/cbpoder\/wp-json\/wp\/v2\/media?parent=13637"}],"wp:term":[{"taxonomy":"category","embeddable":true,"href":"https:\/\/blogs2.correiobraziliense.com.br\/cbpoder\/wp-json\/wp\/v2\/categories?post=13637"},{"taxonomy":"post_tag","embeddable":true,"href":"https:\/\/blogs2.correiobraziliense.com.br\/cbpoder\/wp-json\/wp\/v2\/tags?post=13637"}],"curies":[{"name":"wp","href":"https:\/\/api.w.org\/{rel}","templated":true}]}}