{"id":13644,"date":"2018-11-27T13:34:07","date_gmt":"2018-11-27T15:34:07","guid":{"rendered":"https:\/\/blogs2.correiobraziliense.com.br\/cbpoder\/?p=13644"},"modified":"2018-11-27T15:49:20","modified_gmt":"2018-11-27T17:49:20","slug":"cicero-jairo-assumira-direcao-geral-da-policia-civil","status":"publish","type":"post","link":"https:\/\/blogs2.correiobraziliense.com.br\/cbpoder\/cicero-jairo-assumira-direcao-geral-da-policia-civil\/","title":{"rendered":"C\u00edcero Jairo assumir\u00e1 dire\u00e7\u00e3o-geral da Pol\u00edcia Civil"},"content":{"rendered":"<p><strong>ANA MARIA CAMPOS<\/strong><\/p>\n<p>O governador Rodrigo Rollemberg (PSB) decidiu nomear o delegado C\u00edcero Jairo Vasconcelos Monteiro para o cargo de diretor-geral da Pol\u00edcia Civil, conforme confirmou ao <strong>Correio<\/strong>. Ele entra no lugar de Eric Seba, cuja aposentadoria est\u00e1 publicada no <em>Di\u00e1rio Oficial do Distrito Federal\u00a0<\/em>desta ter\u00e7a-feira (27\/11), e permanecer\u00e1 no comando da corpora\u00e7\u00e3o at\u00e9 o fim deste ano.<\/p>\n<p>&nbsp;<\/p>\n<p>A escolha do atual chefe do Pal\u00e1cio do Buriti contraria um pedido do governador eleito Ibaneis Rocha (MDB). Mais cedo, o emedebista havia ligado a Rollemberg para pedir a imediata nomea\u00e7\u00e3o de Robson C\u00e2ndido, designado para comandar a Pol\u00edcia Civil a partir de 1\u00ba de janeiro de 2019.<\/p>\n<p>&nbsp;<\/p>\n<p>C\u00edcero Jairo exercia a fun\u00e7\u00e3o de diretor-geral-adjunto da corpora\u00e7\u00e3o desde fevereiro de 2016. Ele ainda atuou como diretor da Divis\u00e3o de Repress\u00e3o ao Crime Organizado, coordenou o Departamento de Atividades Especiais e foi respons\u00e1vel pela intelig\u00eancia da Pol\u00edcia Civil.<\/p>\n<p>&nbsp;<\/p>\n","protected":false},"excerpt":{"rendered":"<p>ANA MARIA CAMPOS O governador Rodrigo Rollemberg (PSB) decidiu nomear o delegado C\u00edcero Jairo Vasconcelos Monteiro para o cargo de diretor-geral da Pol\u00edcia Civil, conforme confirmou ao Correio. Ele entra no lugar de Eric Seba, cuja aposentadoria est\u00e1 publicada no Di\u00e1rio Oficial do Distrito Federal\u00a0desta ter\u00e7a-feira (27\/11), e permanecer\u00e1 no comando da corpora\u00e7\u00e3o at\u00e9 o [&hellip;]<\/p>\n","protected":false},"author":90,"featured_media":13650,"comment_status":"open","ping_status":"closed","sticky":false,"template":"","format":"standard","meta":{"wpb_read_more":[],"footnotes":""},"categories":[234],"tags":[1590,408,917,102,193],"class_list":["post-13644","post","type-post","status-publish","format-standard","has-post-thumbnail","hentry","category-cb-poder","tag-cicero-jairo","tag-eric-seba","tag-ibaneis-rocha","tag-policia-civil","tag-rodrigo-rollemberg"],"_links":{"self":[{"href":"https:\/\/blogs2.correiobraziliense.com.br\/cbpoder\/wp-json\/wp\/v2\/posts\/13644","targetHints":{"allow":["GET"]}}],"collection":[{"href":"https:\/\/blogs2.correiobraziliense.com.br\/cbpoder\/wp-json\/wp\/v2\/posts"}],"about":[{"href":"https:\/\/blogs2.correiobraziliense.com.br\/cbpoder\/wp-json\/wp\/v2\/types\/post"}],"author":[{"embeddable":true,"href":"https:\/\/blogs2.correiobraziliense.com.br\/cbpoder\/wp-json\/wp\/v2\/users\/90"}],"replies":[{"embeddable":true,"href":"https:\/\/blogs2.correiobraziliense.com.br\/cbpoder\/wp-json\/wp\/v2\/comments?post=13644"}],"version-history":[{"count":4,"href":"https:\/\/blogs2.correiobraziliense.com.br\/cbpoder\/wp-json\/wp\/v2\/posts\/13644\/revisions"}],"predecessor-version":[{"id":13648,"href":"https:\/\/blogs2.correiobraziliense.com.br\/cbpoder\/wp-json\/wp\/v2\/posts\/13644\/revisions\/13648"}],"wp:featuredmedia":[{"embeddable":true,"href":"https:\/\/blogs2.correiobraziliense.com.br\/cbpoder\/wp-json\/wp\/v2\/media\/13650"}],"wp:attachment":[{"href":"https:\/\/blogs2.correiobraziliense.com.br\/cbpoder\/wp-json\/wp\/v2\/media?parent=13644"}],"wp:term":[{"taxonomy":"category","embeddable":true,"href":"https:\/\/blogs2.correiobraziliense.com.br\/cbpoder\/wp-json\/wp\/v2\/categories?post=13644"},{"taxonomy":"post_tag","embeddable":true,"href":"https:\/\/blogs2.correiobraziliense.com.br\/cbpoder\/wp-json\/wp\/v2\/tags?post=13644"}],"curies":[{"name":"wp","href":"https:\/\/api.w.org\/{rel}","templated":true}]}}