{"id":13652,"date":"2018-11-27T18:35:46","date_gmt":"2018-11-27T20:35:46","guid":{"rendered":"https:\/\/blogs2.correiobraziliense.com.br\/cbpoder\/?p=13652"},"modified":"2018-11-27T18:46:02","modified_gmt":"2018-11-27T20:46:02","slug":"ibaneis-apresenta-a-mandetta-nomes-cotados-para-a-secretaria-de-saude","status":"publish","type":"post","link":"https:\/\/blogs2.correiobraziliense.com.br\/cbpoder\/ibaneis-apresenta-a-mandetta-nomes-cotados-para-a-secretaria-de-saude\/","title":{"rendered":"Ibaneis apresenta a Mandetta nomes cotados para a Secretaria de Sa\u00fade"},"content":{"rendered":"<p><span style=\"font-weight: 400\">O governador eleito Ibaneis Rocha (MDB) reuniu-se, na manh\u00e3 desta ter\u00e7a-feira (27\/11), com o ministro da Sa\u00fade de Jair Bolsonaro (PSL), o deputado federal Luiz Henrique Mandetta (DEM-RS). No caf\u00e9 da manh\u00e3, realizado na casa do emedebista, o futuro chefe do Pal\u00e1cio do Buriti apresentou os cotados para o comando da pasta respons\u00e1vel pela assist\u00eancia m\u00e9dica no Distrito Federal e pediu recursos para reformas de hospitais. <\/span><\/p>\n<p>&nbsp;<\/p>\n<p><span style=\"font-weight: 400\">Ibaneis pretende anunciar, nesta quarta-feira (28), o escolhido para chefiar a Secretaria. \u201cDevo realizar uma reuni\u00e3o com o n\u00facleo de sa\u00fade da equipe de transi\u00e7\u00e3o e, logo depois, oficializar a decis\u00e3o\u201d, disse ao <\/span><b>Correio<\/b><span style=\"font-weight: 400\">. \u201cO futuro ministro sugeriu um perfil t\u00e9cnico\u201d, complementou o emedebista, sem citar nomes. <\/span><\/p>\n<p>&nbsp;<\/p>\n<p><span style=\"font-weight: 400\">Nos bastidores, muitas s\u00e3o as possibilidades ventiladas. Entre os integrantes da lista, constam o m\u00e9dico do Hospital Regional da Asa Norte (Hran) Adriano Guimar\u00e3es <span class=\"il\">Ibiapina<\/span>; o vice-presidente do Sindicato dos M\u00e9dicos do DF (SindM\u00e9dico), Carlos Fernando da Silva; e o secret\u00e1rio-executivo do Minist\u00e9rio da Sa\u00fade Adeilson Loureiro.\u00a0<\/span><\/p>\n<p>&nbsp;<\/p>\n<p><span style=\"font-weight: 400\">Em rela\u00e7\u00e3o aos subs\u00eddios para a implementa\u00e7\u00e3o de melhorias na infraestrutura dos centros m\u00e9dicos, Mandetta assegurou que realizaria um levantamento sobre quanto poderia ser alocado para o setor e pediu que o governador eleito elencasse cinco prioridades \u2014 Ibaneis fez men\u00e7\u00e3o ao Base e aos Hospitais Regionais de Ceil\u00e2ndia, Taguatinga, Planaltina e do Gama. \u201cTudo \u00e9 urgente, mas estes s\u00e3o os que est\u00e3o em situa\u00e7\u00e3o mais dram\u00e1tica\u201d, afirmou. <\/span><\/p>\n<p>&nbsp;<\/p>\n<p><span style=\"font-weight: 400\">Pela manh\u00e3, o futuro chefe do Executivo local ainda tratou da sa\u00fade p\u00fablica em reuni\u00e3o com deputados distritais, no Centro Internacional de Conven\u00e7\u00f5es do Brasil (CICB). Ibaneis pediu aos parlamentares a destina\u00e7\u00e3o de verba para a reforma dos demais hospitais da rede, por meio do protocolo de emendas \u00e0 Lei Or\u00e7ament\u00e1ria Anual (LOA) 2019.<\/span><\/p>\n<p>&nbsp;<\/p>\n<h2><b>Combate \u00e0 viol\u00eancia contra a mulher<\/b><\/h2>\n<p>&nbsp;<\/p>\n<p><span style=\"font-weight: 400\">A convite do presidente da Rep\u00fablica Michel Temer (MDB), Ibaneis participou, no Pal\u00e1cio do Planalto, de uma cerim\u00f4nia de assinatura do decreto que institui o Sistema Nacional de Pol\u00edticas para as Mulheres (Sinapom) e do Plano Nacional de Enfrentamento \u00e0 Viol\u00eancia Dom\u00e9stica contra a Mulher (PNaVid).<\/span><\/p>\n<p>&nbsp;<\/p>\n<p><span style=\"font-weight: 400\">O planejamento integra a campanha \u201cVoc\u00ea tem voz\u201d, do governo federal, realizada por meio do Minist\u00e9rio dos Direitos Humanos. Segundo Gustavo Rocha, atual titular do \u00f3rg\u00e3o e anunciado secret\u00e1rio de Justi\u00e7a do DF, a proposta, lan\u00e7ada domingo na internet, acumula mais de 400 mil acessos.<\/span><\/p>\n","protected":false},"excerpt":{"rendered":"<p>O governador eleito Ibaneis Rocha (MDB) reuniu-se, na manh\u00e3 desta ter\u00e7a-feira (27\/11), com o ministro da Sa\u00fade de Jair Bolsonaro (PSL), o deputado federal Luiz Henrique Mandetta (DEM-RS). No caf\u00e9 da manh\u00e3, realizado na casa do emedebista, o futuro chefe do Pal\u00e1cio do Buriti apresentou os cotados para o comando da pasta respons\u00e1vel pela assist\u00eancia [&hellip;]<\/p>\n","protected":false},"author":90,"featured_media":0,"comment_status":"open","ping_status":"closed","sticky":false,"template":"","format":"standard","meta":{"wpb_read_more":[],"footnotes":""},"categories":[234],"tags":[917,1591,1592,537],"class_list":["post-13652","post","type-post","status-publish","format-standard","hentry","category-cb-poder","tag-ibaneis-rocha","tag-mandetta","tag-ministro-da-saude","tag-secretaria-de-saude"],"_links":{"self":[{"href":"https:\/\/blogs2.correiobraziliense.com.br\/cbpoder\/wp-json\/wp\/v2\/posts\/13652","targetHints":{"allow":["GET"]}}],"collection":[{"href":"https:\/\/blogs2.correiobraziliense.com.br\/cbpoder\/wp-json\/wp\/v2\/posts"}],"about":[{"href":"https:\/\/blogs2.correiobraziliense.com.br\/cbpoder\/wp-json\/wp\/v2\/types\/post"}],"author":[{"embeddable":true,"href":"https:\/\/blogs2.correiobraziliense.com.br\/cbpoder\/wp-json\/wp\/v2\/users\/90"}],"replies":[{"embeddable":true,"href":"https:\/\/blogs2.correiobraziliense.com.br\/cbpoder\/wp-json\/wp\/v2\/comments?post=13652"}],"version-history":[{"count":2,"href":"https:\/\/blogs2.correiobraziliense.com.br\/cbpoder\/wp-json\/wp\/v2\/posts\/13652\/revisions"}],"predecessor-version":[{"id":13654,"href":"https:\/\/blogs2.correiobraziliense.com.br\/cbpoder\/wp-json\/wp\/v2\/posts\/13652\/revisions\/13654"}],"wp:attachment":[{"href":"https:\/\/blogs2.correiobraziliense.com.br\/cbpoder\/wp-json\/wp\/v2\/media?parent=13652"}],"wp:term":[{"taxonomy":"category","embeddable":true,"href":"https:\/\/blogs2.correiobraziliense.com.br\/cbpoder\/wp-json\/wp\/v2\/categories?post=13652"},{"taxonomy":"post_tag","embeddable":true,"href":"https:\/\/blogs2.correiobraziliense.com.br\/cbpoder\/wp-json\/wp\/v2\/tags?post=13652"}],"curies":[{"name":"wp","href":"https:\/\/api.w.org\/{rel}","templated":true}]}}