{"id":13715,"date":"2018-11-29T15:35:32","date_gmt":"2018-11-29T17:35:32","guid":{"rendered":"https:\/\/blogs2.correiobraziliense.com.br\/cbpoder\/?p=13715"},"modified":"2018-11-29T20:26:28","modified_gmt":"2018-11-29T22:26:28","slug":"com-presenca-de-ibaneis-advogados-votam-para-a-presidencia-da-oab-df-no-centro-de-convencoes","status":"publish","type":"post","link":"https:\/\/blogs2.correiobraziliense.com.br\/cbpoder\/com-presenca-de-ibaneis-advogados-votam-para-a-presidencia-da-oab-df-no-centro-de-convencoes\/","title":{"rendered":"Com presen\u00e7a de Ibaneis, advogados votam para a presid\u00eancia da OAB-DF no Centro de Conven\u00e7\u00f5es"},"content":{"rendered":"<p><b>ALEXANDRE DE PAULA<\/b><\/p>\n<p>&nbsp;<\/p>\n<p><span style=\"font-weight: 400\">Entre faixas, bandeiras, placas e cabos eleitorais das quatro chapas concorrentes, advogados movimentam, nesta quinta-feira (29\/11), o Centro de Conven\u00e7\u00f5es Ulysses Guimar\u00e3es para a escolha do presidente da Ordem dos Advogados do Brasil no DF (OAB-DF) pelo pr\u00f3ximo tri\u00eanio. O governador eleito Ibaneis Rocha (MDB), ex-presidente da Ordem, chegou por volta das 13h ao local para votar e permaneceu pedindo apoio para o candidato Jacques Veloso por mais de 1 hora.<\/span><\/p>\n<p>&nbsp;<\/p>\n<p><span style=\"font-weight: 400\">Quatro grupos disputam o comando da OAB-DF. A chapa \u201cQuem sabe faz a Ordem\u201d, liderada pelo atual secret\u00e1rio-geral Jacques Veloso; a \u201cIndepend\u00eancia na Ordem\u201d, presidida por D\u00e9lio Lins e Silva Junior; a \u201cSomos Todos OAB\u201d, encabe\u00e7ada por Max Telesca; e a \u201cOrdem Democr\u00e1tica\u201d, liderada por Renata Amaral.<\/span><\/p>\n<p>&nbsp;<\/p>\n<blockquote><p><span style=\"font-weight: 400\">O clima at\u00e9 o in\u00edcio da tarde era tranquilo. Apesar da empolga\u00e7\u00e3o de cabos eleitorais, que, lado a lado, abordavam os advogados para pedir voto, n\u00e3o houve registro de confus\u00f5es. Contudo, o clima esquentou por volta das 15h, momento em que apoiadores de Jacques Veloso e D\u00e9lio Lins come\u00e7aram a se provocar aos gritos. O confronto aumentou quando Ibaneis foi entrevistado por uma equipe de televis\u00e3o. &#8220;Independ\u00eancia&#8221;, gritavam apoiadores de D\u00e9lio. O governador eleito ignorou a provoca\u00e7\u00f5es e manteve a fala.<\/span><\/p><\/blockquote>\n<p>&nbsp;<\/p>\n<p><span style=\"font-weight: 400\">O atual presidente da OAB-DF, Juliano Costa Couto, celebrou a tranquilidade, em geral, da vota\u00e7\u00e3o e a participa\u00e7\u00e3o de eleitores. &#8220;Estou orgulhoso da log\u00edstica que conseguimos preparar. Tudo est\u00e1 tranquilo e com boa presen\u00e7a dos advogados, como o esperado&#8221;, avaliou.<\/span><\/p>\n<p>&nbsp;<\/p>\n<h2><b>Eleitor ilustre<\/b><\/h2>\n<p>&nbsp;<\/p>\n<p><span style=\"font-weight: 400\">Entre cumprimentos e pedidos de fotografia, Ibaneis Rocha conversou com aliados, pediu apoio para Jacques Veloso e frisou o clima democr\u00e1tico da elei\u00e7\u00e3o. Ibaneis destacou que, independente do resultado, o governo trabalhar\u00e1 junto \u00e0 OAB-DF. &#8220;Teremos uma boa rela\u00e7\u00e3o seja qual for o vencedor, desde que a inten\u00e7\u00e3o seja a ajudar a cidade.&#8221;<\/span><\/p>\n<p>&nbsp;<\/p>\n<p><span style=\"font-weight: 400\">O governador eleito comentou tamb\u00e9m a escolha do futuro secret\u00e1rio de Sa\u00fade, o farmac\u00eautico Osnei Okumoto. &#8220;\u00c9 algu\u00e9m que tem a confian\u00e7a tanto do atual ministro quanto do que vir\u00e1 e isso \u00e9 muito importante para a cidade&#8221;, afirmou.<\/span><\/p>\n","protected":false},"excerpt":{"rendered":"<p>ALEXANDRE DE PAULA &nbsp; Entre faixas, bandeiras, placas e cabos eleitorais das quatro chapas concorrentes, advogados movimentam, nesta quinta-feira (29\/11), o Centro de Conven\u00e7\u00f5es Ulysses Guimar\u00e3es para a escolha do presidente da Ordem dos Advogados do Brasil no DF (OAB-DF) pelo pr\u00f3ximo tri\u00eanio. O governador eleito Ibaneis Rocha (MDB), ex-presidente da Ordem, chegou por volta [&hellip;]<\/p>\n","protected":false},"author":90,"featured_media":13716,"comment_status":"open","ping_status":"closed","sticky":false,"template":"","format":"standard","meta":{"wpb_read_more":[],"footnotes":""},"categories":[234],"tags":[1612,1609,917,1610,1613,1611],"class_list":["post-13715","post","type-post","status-publish","format-standard","has-post-thumbnail","hentry","category-cb-poder","tag-delio-lins","tag-eleicoes-oab-df","tag-ibaneis-rocha","tag-jacques-veloso","tag-max-telesca","tag-renata-amaral"],"_links":{"self":[{"href":"https:\/\/blogs2.correiobraziliense.com.br\/cbpoder\/wp-json\/wp\/v2\/posts\/13715","targetHints":{"allow":["GET"]}}],"collection":[{"href":"https:\/\/blogs2.correiobraziliense.com.br\/cbpoder\/wp-json\/wp\/v2\/posts"}],"about":[{"href":"https:\/\/blogs2.correiobraziliense.com.br\/cbpoder\/wp-json\/wp\/v2\/types\/post"}],"author":[{"embeddable":true,"href":"https:\/\/blogs2.correiobraziliense.com.br\/cbpoder\/wp-json\/wp\/v2\/users\/90"}],"replies":[{"embeddable":true,"href":"https:\/\/blogs2.correiobraziliense.com.br\/cbpoder\/wp-json\/wp\/v2\/comments?post=13715"}],"version-history":[{"count":2,"href":"https:\/\/blogs2.correiobraziliense.com.br\/cbpoder\/wp-json\/wp\/v2\/posts\/13715\/revisions"}],"predecessor-version":[{"id":13731,"href":"https:\/\/blogs2.correiobraziliense.com.br\/cbpoder\/wp-json\/wp\/v2\/posts\/13715\/revisions\/13731"}],"wp:featuredmedia":[{"embeddable":true,"href":"https:\/\/blogs2.correiobraziliense.com.br\/cbpoder\/wp-json\/wp\/v2\/media\/13716"}],"wp:attachment":[{"href":"https:\/\/blogs2.correiobraziliense.com.br\/cbpoder\/wp-json\/wp\/v2\/media?parent=13715"}],"wp:term":[{"taxonomy":"category","embeddable":true,"href":"https:\/\/blogs2.correiobraziliense.com.br\/cbpoder\/wp-json\/wp\/v2\/categories?post=13715"},{"taxonomy":"post_tag","embeddable":true,"href":"https:\/\/blogs2.correiobraziliense.com.br\/cbpoder\/wp-json\/wp\/v2\/tags?post=13715"}],"curies":[{"name":"wp","href":"https:\/\/api.w.org\/{rel}","templated":true}]}}