{"id":13723,"date":"2018-11-29T19:54:42","date_gmt":"2018-11-29T21:54:42","guid":{"rendered":"https:\/\/blogs2.correiobraziliense.com.br\/cbpoder\/?p=13723"},"modified":"2018-11-29T20:25:43","modified_gmt":"2018-11-29T22:25:43","slug":"em-votacao-apertada-delio-lins-e-silva-e-eleito-presidente-da-oab-df","status":"publish","type":"post","link":"https:\/\/blogs2.correiobraziliense.com.br\/cbpoder\/em-votacao-apertada-delio-lins-e-silva-e-eleito-presidente-da-oab-df\/","title":{"rendered":"Em vota\u00e7\u00e3o apertada, D\u00e9lio Lins e Silva \u00e9 eleito presidente da OAB-DF"},"content":{"rendered":"<p><span style=\"font-weight: 400\">ALEXANDRE DE PAULA<\/span><\/p>\n<p><span style=\"font-weight: 400\">CEZAR FEITOSA<\/span><\/p>\n<p>&nbsp;<\/p>\n<p><span style=\"font-weight: 400\">Em vota\u00e7\u00e3o apertada, D\u00e9lio Lins elegeu-se presidente da Ordem dos Advogados do Brasil no Distrito Federal (OAB-DF) pelo pr\u00f3ximo tri\u00eanio, com 9.805 votos. Ele venceu Jacques Veloso, da chapa Quem Sabe Faz a Ordem (9.557); Renata Amaral, da Ordem Democr\u00e1tica (1.912); Max Telesca, da Somos OAB (1.597).<\/span><\/p>\n<p>&nbsp;<\/p>\n<p><span style=\"font-weight: 400\">D\u00e9lio Lins e Silva recebeu o apoio do advogado Francisco Caputo, que presidiu a OAB\/DF entre 2010 e 2012, ap\u00f3s vencer Ibaneis Rocha na disputa pelo cargo. Na gest\u00e3o de Caputo, ele atuou como conselheiro, presidindo as Comiss\u00f5es de Apoio ao Advogado Iniciante e de Honor\u00e1rios da Institui\u00e7\u00e3o. Caputo, agora, ser\u00e1 conselheiro federal.<\/span><\/p>\n<p>&nbsp;<\/p>\n<blockquote><p><span style=\"font-weight: 400\">O rec\u00e9m-eleito presidente da OAB-DF derrotou o candidato apoiado pelo futuro governador Ibaneis Rocha, Jacques Veloso, atual secret\u00e1rio-geral da Ordem. Ibaneis passou boa parte da tarde desta quinta-feira pedindo votos para Veloso no Centro de Conven\u00e7\u00f5es Ulysses Guimar\u00e3es.<\/span><\/p><\/blockquote>\n<p>&nbsp;<\/p>\n<p><span style=\"font-weight: 400\">Em 2015, D\u00e9lio disputou a presid\u00eancia da OAB\/DF, mas ficou na segunda coloca\u00e7\u00e3o, derrotado por Juliano Costa Couto, atual presidente. \u201cRecuperar o respeito e a representatividade aos advogados\u201d era a prioridade do advogado. D\u00e9lio focou a campanha na dissocia\u00e7\u00e3o da Ordem com a pol\u00edtica partid\u00e1ria.<\/span><\/p>\n<p>&nbsp;<\/p>\n<p><span style=\"font-weight: 400\">\u201cQueremos resgatar a voz da Ordem, como institui\u00e7\u00e3o que tem hist\u00f3ria na defesa dos direitos da sociedade e das prerrogativas profissionais. Isso s\u00f3 ser\u00e1 poss\u00edvel com a desvincula\u00e7\u00e3o total de partidos pol\u00edticos e interesses partid\u00e1rios. Lutamos por uma OAB\/DF independente de fato e que volte a representar os advogados e a advocacia\u201d, disse ao <\/span><b>Correio<\/b><span style=\"font-weight: 400\">, em entrevista durante a campanha.<\/span><\/p>\n<p>&nbsp;<\/p>\n<p>Ap\u00f3s o resultado do pleito, D\u00e9lio Lins e Silva compareceu ao Centro de Conven\u00e7\u00f5es Ulysses Guimar\u00e3es. Confira o v\u00eddeo:<\/p>\n<p>&nbsp;<\/p>\n<p>https:\/\/www.youtube.com\/watch?v=y0KwTAgj_W8&#038;feature=youtu.be<\/p>\n","protected":false},"excerpt":{"rendered":"<p>ALEXANDRE DE PAULA CEZAR FEITOSA &nbsp; Em vota\u00e7\u00e3o apertada, D\u00e9lio Lins elegeu-se presidente da Ordem dos Advogados do Brasil no Distrito Federal (OAB-DF) pelo pr\u00f3ximo tri\u00eanio, com 9.805 votos. Ele venceu Jacques Veloso, da chapa Quem Sabe Faz a Ordem (9.557); Renata Amaral, da Ordem Democr\u00e1tica (1.912); Max Telesca, da Somos OAB (1.597). &nbsp; D\u00e9lio [&hellip;]<\/p>\n","protected":false},"author":90,"featured_media":13695,"comment_status":"open","ping_status":"closed","sticky":false,"template":"","format":"standard","meta":{"wpb_read_more":[],"footnotes":""},"categories":[234],"tags":[1614,311,917,1610,1613,487,1611],"class_list":["post-13723","post","type-post","status-publish","format-standard","has-post-thumbnail","hentry","category-cb-poder","tag-delio-lins-e-silva","tag-eleicoes","tag-ibaneis-rocha","tag-jacques-veloso","tag-max-telesca","tag-oab-df","tag-renata-amaral"],"_links":{"self":[{"href":"https:\/\/blogs2.correiobraziliense.com.br\/cbpoder\/wp-json\/wp\/v2\/posts\/13723","targetHints":{"allow":["GET"]}}],"collection":[{"href":"https:\/\/blogs2.correiobraziliense.com.br\/cbpoder\/wp-json\/wp\/v2\/posts"}],"about":[{"href":"https:\/\/blogs2.correiobraziliense.com.br\/cbpoder\/wp-json\/wp\/v2\/types\/post"}],"author":[{"embeddable":true,"href":"https:\/\/blogs2.correiobraziliense.com.br\/cbpoder\/wp-json\/wp\/v2\/users\/90"}],"replies":[{"embeddable":true,"href":"https:\/\/blogs2.correiobraziliense.com.br\/cbpoder\/wp-json\/wp\/v2\/comments?post=13723"}],"version-history":[{"count":4,"href":"https:\/\/blogs2.correiobraziliense.com.br\/cbpoder\/wp-json\/wp\/v2\/posts\/13723\/revisions"}],"predecessor-version":[{"id":13730,"href":"https:\/\/blogs2.correiobraziliense.com.br\/cbpoder\/wp-json\/wp\/v2\/posts\/13723\/revisions\/13730"}],"wp:featuredmedia":[{"embeddable":true,"href":"https:\/\/blogs2.correiobraziliense.com.br\/cbpoder\/wp-json\/wp\/v2\/media\/13695"}],"wp:attachment":[{"href":"https:\/\/blogs2.correiobraziliense.com.br\/cbpoder\/wp-json\/wp\/v2\/media?parent=13723"}],"wp:term":[{"taxonomy":"category","embeddable":true,"href":"https:\/\/blogs2.correiobraziliense.com.br\/cbpoder\/wp-json\/wp\/v2\/categories?post=13723"},{"taxonomy":"post_tag","embeddable":true,"href":"https:\/\/blogs2.correiobraziliense.com.br\/cbpoder\/wp-json\/wp\/v2\/tags?post=13723"}],"curies":[{"name":"wp","href":"https:\/\/api.w.org\/{rel}","templated":true}]}}