{"id":13733,"date":"2018-11-30T12:31:46","date_gmt":"2018-11-30T14:31:46","guid":{"rendered":"https:\/\/blogs2.correiobraziliense.com.br\/cbpoder\/?p=13733"},"modified":"2018-11-30T12:40:08","modified_gmt":"2018-11-30T14:40:08","slug":"operador-do-esquema-na-saude-ja-estava-preso-por-ordem-do-juiz-marcelo-bretas","status":"publish","type":"post","link":"https:\/\/blogs2.correiobraziliense.com.br\/cbpoder\/operador-do-esquema-na-saude-ja-estava-preso-por-ordem-do-juiz-marcelo-bretas\/","title":{"rendered":"Operador do esquema na sa\u00fade j\u00e1 estava preso por ordem do juiz Marcelo Bretas"},"content":{"rendered":"<p><strong>Coluna Eixo Capital\/\/Por Ana Maria Campos<\/strong><\/p>\n<p>Conhecido como \u201cXerife\u201d, o empres\u00e1rio Miguel Iskin, um dos alvos da Opera\u00e7\u00e3o Conex\u00e3o Bras\u00edlia, deflagrada ontem pelo Minist\u00e9rio P\u00fablico do Distrito Federal, \u00e9 apontado como um dos operadores do esquema criminoso de fornecimento de equipamentos m\u00e9dico-hospitalares no Rio de Janeiro e em outros estados. Na manh\u00e3 de ontem, os investigadores estiveram na casa dele, de tr\u00eas andares, no Jardim Bot\u00e2nico, para cumprir mandados de busca e apreens\u00e3o e de pris\u00e3o preventiva. Iskin, no entanto, n\u00e3o estava no im\u00f3vel. Denunciado na Opera\u00e7\u00e3o Resson\u00e2ncia, do Minist\u00e9rio P\u00fablico Federal no Rio, ele est\u00e1 preso e sem condi\u00e7\u00f5es de aproveitar a vista para as maravilhas do Rio: o Cristo Redentor, a Lagoa Rodrigo de Freitas e a Pedra da G\u00e1vea. A acusa\u00e7\u00e3o \u00e9 de fraude nos contratos com o Instituto Nacional de Traumatologia e Ortopedia Jamil Haddad (Into). Ele havia sido liberado da pris\u00e3o em julho pelo ministro Gilmar Mendes, do STF, mas, dias depois, voltou para a cadeia, por ordem do juiz Marcelo Bretas. Agora, com a Opera\u00e7\u00e3o Conex\u00e3o Bras\u00edlia, ele \u00e9 alvo de dois mandados de pris\u00e3o preventiva. A avalia\u00e7\u00e3o dos promotores de Bras\u00edlia \u00e9 de que o esquema de Iskin foi importado, durante o governo Agnelo, para a \u00e1rea de sa\u00fade.<\/p>\n<p><strong>Apreciador de vinhos<\/strong><\/p>\n<p>Durante a busca e apreens\u00e3o na casa do empres\u00e1rio Miguel Iskin, investigadores da Opera\u00e7\u00e3o Conex\u00e3o Bras\u00edlia encontraram notas de compras de vinhos para grandes apreciadores que n\u00e3o se importam de gastar. Na lista, por exemplo, h\u00e1 Ch\u00e1teau P\u00e9trus, a US 3,8 mil, ou Ch\u00e1teau Margaux, a US$ 11 mil. Neste caso, algo em torno de R$ 40 mil.<\/p>\n<p><strong>Tudo no mesmo dia<\/strong><\/p>\n<p>Foi uma coincid\u00eancia curiosa. O governador do Rio, Luiz Fernando Pez\u00e3o, foi preso ontem, justamente no dia em que promotores de Justi\u00e7a de Bras\u00edlia realizavam a Opera\u00e7\u00e3o Bras\u00edlia tendo como alvos os integrantes do esquema de Cabral.<\/p>\n<p><a href=\"https:\/\/blogs2.correiobraziliense.com.br\/cbpoder\/wp-content\/uploads\/sites\/5\/2018\/11\/rafael-barbosa.jpg\"><img loading=\"lazy\" decoding=\"async\" class=\"size-full wp-image-13735 aligncenter\" src=\"https:\/\/blogs2.correiobraziliense.com.br\/cbpoder\/wp-content\/uploads\/sites\/5\/2018\/11\/rafael-barbosa.jpg\" alt=\"\" width=\"510\" height=\"333\" srcset=\"https:\/\/blogs2.correiobraziliense.com.br\/cbpoder\/wp-content\/uploads\/sites\/5\/2018\/11\/rafael-barbosa.jpg 510w, https:\/\/blogs2.correiobraziliense.com.br\/cbpoder\/wp-content\/uploads\/sites\/5\/2018\/11\/rafael-barbosa-300x196.jpg 300w, https:\/\/blogs2.correiobraziliense.com.br\/cbpoder\/wp-content\/uploads\/sites\/5\/2018\/11\/rafael-barbosa-350x229.jpg 350w, https:\/\/blogs2.correiobraziliense.com.br\/cbpoder\/wp-content\/uploads\/sites\/5\/2018\/11\/rafael-barbosa-230x150.jpg 230w\" sizes=\"auto, (max-width: 510px) 100vw, 510px\" \/><\/a><\/p>\n<p>&nbsp;<\/p>\n<p><strong>Trabalho silencioso<\/strong><\/p>\n<p>A investiga\u00e7\u00e3o sobre o contrato de \u00f3rteses e pr\u00f3teses sob o comando do ex-secret\u00e1rio de Sa\u00fade Rafael Barbosa, preso ontem preventivamente, \u00e9 um dos trabalhos de uma for\u00e7a-tarefa de combate \u00e0 corrup\u00e7\u00e3o na sa\u00fade, criada em julho pelo procurador-geral de Justi\u00e7a do DF, Leonardo Bessa, Coordenada pelo promotor de Justi\u00e7a Lu\u00eds Henrique Ishihara (foto), o grupo trabalha sem estardalha\u00e7o desde ent\u00e3o. Tamb\u00e9m participam da for\u00e7a-tarefa os promotores Fl\u00e1vio Henrique de Andrade, Rodrigo de Ara\u00fajo Bezerra e Gabriela Gonzalez Pinto.<\/p>\n<p>&nbsp;<\/p>\n<p><a href=\"https:\/\/blogs2.correiobraziliense.com.br\/cbpoder\/wp-content\/uploads\/sites\/5\/2018\/11\/cabral.jpg\"><img loading=\"lazy\" decoding=\"async\" class=\"size-full wp-image-13736 aligncenter\" src=\"https:\/\/blogs2.correiobraziliense.com.br\/cbpoder\/wp-content\/uploads\/sites\/5\/2018\/11\/cabral.jpg\" alt=\"\" width=\"510\" height=\"299\" srcset=\"https:\/\/blogs2.correiobraziliense.com.br\/cbpoder\/wp-content\/uploads\/sites\/5\/2018\/11\/cabral.jpg 510w, https:\/\/blogs2.correiobraziliense.com.br\/cbpoder\/wp-content\/uploads\/sites\/5\/2018\/11\/cabral-300x176.jpg 300w, https:\/\/blogs2.correiobraziliense.com.br\/cbpoder\/wp-content\/uploads\/sites\/5\/2018\/11\/cabral-350x205.jpg 350w, https:\/\/blogs2.correiobraziliense.com.br\/cbpoder\/wp-content\/uploads\/sites\/5\/2018\/11\/cabral-230x135.jpg 230w\" sizes=\"auto, (max-width: 510px) 100vw, 510px\" \/><\/a><\/p>\n<p><strong><br \/>\nDo c\u00edrculo de Cabral<\/strong><\/p>\n<p>Um dos alvos da Opera\u00e7\u00e3o Conex\u00e3o Bras\u00edlia, o ex-secret\u00e1rio de Sa\u00fade do Rio de Janeiro S\u00e9rgio Cort\u00eas \u00e9 um dos integrantes do grupo de S\u00e9rgio Cabral que participaram do famoso jantar em Paris, que ficou conhecido como a \u201cfarra dos guardanapos\u201d. \u00c9 apontado como um dos integrantes do esquema de corrup\u00e7\u00e3o na chamada \u201cm\u00e1fia das pr\u00f3teses e \u00f3rteses\u201d.<\/p>\n<p>&nbsp;<\/p>\n<p><a href=\"https:\/\/blogs2.correiobraziliense.com.br\/cbpoder\/wp-content\/uploads\/sites\/5\/2018\/11\/disputa-acirrada.jpg\"><img loading=\"lazy\" decoding=\"async\" class=\"aligncenter size-full wp-image-13737\" src=\"https:\/\/blogs2.correiobraziliense.com.br\/cbpoder\/wp-content\/uploads\/sites\/5\/2018\/11\/disputa-acirrada.jpg\" alt=\"\" width=\"510\" height=\"342\" srcset=\"https:\/\/blogs2.correiobraziliense.com.br\/cbpoder\/wp-content\/uploads\/sites\/5\/2018\/11\/disputa-acirrada.jpg 510w, https:\/\/blogs2.correiobraziliense.com.br\/cbpoder\/wp-content\/uploads\/sites\/5\/2018\/11\/disputa-acirrada-300x201.jpg 300w, https:\/\/blogs2.correiobraziliense.com.br\/cbpoder\/wp-content\/uploads\/sites\/5\/2018\/11\/disputa-acirrada-350x235.jpg 350w, https:\/\/blogs2.correiobraziliense.com.br\/cbpoder\/wp-content\/uploads\/sites\/5\/2018\/11\/disputa-acirrada-230x154.jpg 230w\" sizes=\"auto, (max-width: 510px) 100vw, 510px\" \/><\/a><\/p>\n<p><strong>Disputa acirrada<\/strong><\/p>\n<p>Foi grande a disputa pela escolha do titular da Secretaria de Ci\u00eancia e Tecnologia. O deputado Cristiano Ara\u00fajo (PSD) trabalhou para ser o escolhido no cargo que exerceu em 2012. O senador eleito Izalci Lucas (PSDB\/DF) tamb\u00e9m tem interesse no setor e quis influenciar a escolha. Mas coube ao PRB a indica\u00e7\u00e3o de Gilvan M\u00e1ximo para chefiar a pasta. A inten\u00e7\u00e3o inicial da legenda era emplacar o atual presidente regional, Vanderley Tavares. Em jogo, um dos projetos mais importantes do governo Ibaneis, a Cidade Inteligente.<\/p>\n<p><strong>Sem conex\u00f5es sindicais<\/strong><\/p>\n<p>A escolha do futuro secret\u00e1rio de Sa\u00fade do DF, Osnei Okumoto, saiu depois de uma ampla discuss\u00e3o. O governador eleito, Ibaneis Rocha (MDB), ouviu sindicalistas, servidores, m\u00e9dicos e o aliado Jofran Frejat (PR). Mas preferiu indicar algu\u00e9m sem rela\u00e7\u00e3o direta com esses setores que influenciam a gest\u00e3o. N\u00e3o queria um secret\u00e1rio sindicalista. Ganhou um profissional que tem o apoio do atual ministro da Sa\u00fade, Gilberto Occhi, e o pr\u00f3ximo, Luiz Henrique Mandetta. A expectativa na equipe de Ibaneis Rocha \u00e9 de que seja o portador de muitos recursos federais para melhorar os hospitais do Distrito Federal.<\/p>\n<p><strong>Uma coisa \u00e9 uma coisa&#8230;<\/strong><\/p>\n<p>A aposta entre advogados \u00e9 de que a classe n\u00e3o gosta da mistura de pol\u00edtica partid\u00e1ria e gest\u00e3o governamental com a atividade na OAB\/DF. Muitos podem ter votado em Ibaneis Rocha para o Pal\u00e1cio do Buriti, mas, em maioria, preferiram algu\u00e9m da oposi\u00e7\u00e3o para o comando da institui\u00e7\u00e3o. Seria esse o motivo da derrota de Jacques Veloso, apoiado por Ibaneis, e a vit\u00f3ria de D\u00e9lio Lins e Silva J\u00fanior, da oposi\u00e7\u00e3o.<\/p>\n","protected":false},"excerpt":{"rendered":"<p>Coluna Eixo Capital\/\/Por Ana Maria Campos Conhecido como \u201cXerife\u201d, o empres\u00e1rio Miguel Iskin, um dos alvos da Opera\u00e7\u00e3o Conex\u00e3o Bras\u00edlia, deflagrada ontem pelo Minist\u00e9rio P\u00fablico do Distrito Federal, \u00e9 apontado como um dos operadores do esquema criminoso de fornecimento de equipamentos m\u00e9dico-hospitalares no Rio de Janeiro e em outros estados. Na manh\u00e3 de ontem, os [&hellip;]<\/p>\n","protected":false},"author":9,"featured_media":13734,"comment_status":"open","ping_status":"closed","sticky":false,"template":"","format":"standard","meta":{"wpb_read_more":[],"footnotes":""},"categories":[234],"tags":[],"class_list":["post-13733","post","type-post","status-publish","format-standard","has-post-thumbnail","hentry","category-cb-poder"],"_links":{"self":[{"href":"https:\/\/blogs2.correiobraziliense.com.br\/cbpoder\/wp-json\/wp\/v2\/posts\/13733","targetHints":{"allow":["GET"]}}],"collection":[{"href":"https:\/\/blogs2.correiobraziliense.com.br\/cbpoder\/wp-json\/wp\/v2\/posts"}],"about":[{"href":"https:\/\/blogs2.correiobraziliense.com.br\/cbpoder\/wp-json\/wp\/v2\/types\/post"}],"author":[{"embeddable":true,"href":"https:\/\/blogs2.correiobraziliense.com.br\/cbpoder\/wp-json\/wp\/v2\/users\/9"}],"replies":[{"embeddable":true,"href":"https:\/\/blogs2.correiobraziliense.com.br\/cbpoder\/wp-json\/wp\/v2\/comments?post=13733"}],"version-history":[{"count":6,"href":"https:\/\/blogs2.correiobraziliense.com.br\/cbpoder\/wp-json\/wp\/v2\/posts\/13733\/revisions"}],"predecessor-version":[{"id":13743,"href":"https:\/\/blogs2.correiobraziliense.com.br\/cbpoder\/wp-json\/wp\/v2\/posts\/13733\/revisions\/13743"}],"wp:featuredmedia":[{"embeddable":true,"href":"https:\/\/blogs2.correiobraziliense.com.br\/cbpoder\/wp-json\/wp\/v2\/media\/13734"}],"wp:attachment":[{"href":"https:\/\/blogs2.correiobraziliense.com.br\/cbpoder\/wp-json\/wp\/v2\/media?parent=13733"}],"wp:term":[{"taxonomy":"category","embeddable":true,"href":"https:\/\/blogs2.correiobraziliense.com.br\/cbpoder\/wp-json\/wp\/v2\/categories?post=13733"},{"taxonomy":"post_tag","embeddable":true,"href":"https:\/\/blogs2.correiobraziliense.com.br\/cbpoder\/wp-json\/wp\/v2\/tags?post=13733"}],"curies":[{"name":"wp","href":"https:\/\/api.w.org\/{rel}","templated":true}]}}