{"id":13744,"date":"2018-11-30T18:10:51","date_gmt":"2018-11-30T20:10:51","guid":{"rendered":"https:\/\/blogs2.correiobraziliense.com.br\/cbpoder\/?p=13744"},"modified":"2018-11-30T18:10:51","modified_gmt":"2018-11-30T20:10:51","slug":"leonardo-de-castro-assumira-cecor-na-gestao-ibaneis-rocha","status":"publish","type":"post","link":"https:\/\/blogs2.correiobraziliense.com.br\/cbpoder\/leonardo-de-castro-assumira-cecor-na-gestao-ibaneis-rocha\/","title":{"rendered":"Leonardo de Castro assumir\u00e1 Cecor na gest\u00e3o Ibaneis Rocha"},"content":{"rendered":"<p><strong>WALDER GALV\u00c3O<\/strong><\/p>\n<p>&nbsp;<\/p>\n<p><span style=\"font-weight: 400\">Com o novo governo, come\u00e7am as trocas nos comandos das delegacias. A Coordena\u00e7\u00e3o Especial de Combate \u00e0 Corrup\u00e7\u00e3o, ao Crime Organizado, aos Crimes contra a Administra\u00e7\u00e3o P\u00fablica e aos Crimes contra a Ordem Tribut\u00e1ria (Cecor) ter\u00e1 um novo chefe. O delegado Leonardo de Castro assumir\u00e1 a Especializada, respons\u00e1vel por grandes opera\u00e7\u00f5es ao longo de 2018 no Distrito Federal. \u00a0<\/span><\/p>\n<p>&nbsp;<\/p>\n<p><span style=\"font-weight: 400\">H\u00e1 mais de 12 anos na corpora\u00e7\u00e3o, Leonardo \u00e9 diretor da Divis\u00e3o de Repress\u00e3o \u00e0s Drogas 1 (DRD1) da Coordena\u00e7\u00e3o de Repress\u00e3o \u00e0s Drogas (Cord). No in\u00edcio da carreira, o delegado fez parte da Coordena\u00e7\u00e3o de Repress\u00e3o a Roubos por seis meses e seguiu para a Cord. <\/span><\/p>\n<p>&nbsp;<\/p>\n<p><span style=\"font-weight: 400\">Em entrevista ao <\/span><b>Correio<\/b><span style=\"font-weight: 400\">, ele garantiu estar animado com a escolha do novo comandante da Pol\u00edcia Civil, Robson C\u00e2ndido. \u201cVamos fazer um bom trabalho. A escolha \u00e9 recente e ainda n\u00e3o deu para fazer planos. Mas vamos empregar a experi\u00eancia que a gente tem trabalhando l\u00e1\u201d, ressaltou. \u00a0<\/span><\/p>\n<p>&nbsp;<\/p>\n<p><span style=\"font-weight: 400\">Atualmente, o delegado Fernando C\u00e9sar est\u00e1 \u00e0 frente da Cecor. Em 2019, ele seguir\u00e1 para a Coordena\u00e7\u00e3o de Homic\u00eddio da corpora\u00e7\u00e3o.<\/span><\/p>\n<p>&nbsp;<\/p>\n","protected":false},"excerpt":{"rendered":"<p>WALDER GALV\u00c3O &nbsp; Com o novo governo, come\u00e7am as trocas nos comandos das delegacias. A Coordena\u00e7\u00e3o Especial de Combate \u00e0 Corrup\u00e7\u00e3o, ao Crime Organizado, aos Crimes contra a Administra\u00e7\u00e3o P\u00fablica e aos Crimes contra a Ordem Tribut\u00e1ria (Cecor) ter\u00e1 um novo chefe. O delegado Leonardo de Castro assumir\u00e1 a Especializada, respons\u00e1vel por grandes opera\u00e7\u00f5es ao [&hellip;]<\/p>\n","protected":false},"author":90,"featured_media":13745,"comment_status":"open","ping_status":"closed","sticky":false,"template":"","format":"quote","meta":{"wpb_read_more":[],"footnotes":""},"categories":[234],"tags":[1051,917,1616],"class_list":["post-13744","post","type-post","status-publish","format-quote","has-post-thumbnail","hentry","category-cb-poder","tag-cecor","tag-ibaneis-rocha","tag-leonardo-de-castro","post_format-post-format-quote"],"_links":{"self":[{"href":"https:\/\/blogs2.correiobraziliense.com.br\/cbpoder\/wp-json\/wp\/v2\/posts\/13744","targetHints":{"allow":["GET"]}}],"collection":[{"href":"https:\/\/blogs2.correiobraziliense.com.br\/cbpoder\/wp-json\/wp\/v2\/posts"}],"about":[{"href":"https:\/\/blogs2.correiobraziliense.com.br\/cbpoder\/wp-json\/wp\/v2\/types\/post"}],"author":[{"embeddable":true,"href":"https:\/\/blogs2.correiobraziliense.com.br\/cbpoder\/wp-json\/wp\/v2\/users\/90"}],"replies":[{"embeddable":true,"href":"https:\/\/blogs2.correiobraziliense.com.br\/cbpoder\/wp-json\/wp\/v2\/comments?post=13744"}],"version-history":[{"count":1,"href":"https:\/\/blogs2.correiobraziliense.com.br\/cbpoder\/wp-json\/wp\/v2\/posts\/13744\/revisions"}],"predecessor-version":[{"id":13746,"href":"https:\/\/blogs2.correiobraziliense.com.br\/cbpoder\/wp-json\/wp\/v2\/posts\/13744\/revisions\/13746"}],"wp:featuredmedia":[{"embeddable":true,"href":"https:\/\/blogs2.correiobraziliense.com.br\/cbpoder\/wp-json\/wp\/v2\/media\/13745"}],"wp:attachment":[{"href":"https:\/\/blogs2.correiobraziliense.com.br\/cbpoder\/wp-json\/wp\/v2\/media?parent=13744"}],"wp:term":[{"taxonomy":"category","embeddable":true,"href":"https:\/\/blogs2.correiobraziliense.com.br\/cbpoder\/wp-json\/wp\/v2\/categories?post=13744"},{"taxonomy":"post_tag","embeddable":true,"href":"https:\/\/blogs2.correiobraziliense.com.br\/cbpoder\/wp-json\/wp\/v2\/tags?post=13744"}],"curies":[{"name":"wp","href":"https:\/\/api.w.org\/{rel}","templated":true}]}}