{"id":14009,"date":"2018-12-24T19:27:52","date_gmt":"2018-12-24T21:27:52","guid":{"rendered":"https:\/\/blogs2.correiobraziliense.com.br\/cbpoder\/?p=14009"},"modified":"2018-12-24T19:28:27","modified_gmt":"2018-12-24T21:28:27","slug":"valmir-campelo-sera-presidente-da-valec-no-governo-bolsonaro","status":"publish","type":"post","link":"https:\/\/blogs2.correiobraziliense.com.br\/cbpoder\/valmir-campelo-sera-presidente-da-valec-no-governo-bolsonaro\/","title":{"rendered":"Valmir Campelo ser\u00e1 presidente da Valec no governo Bolsonaro"},"content":{"rendered":"<h5>ANA MARIA CAMPOS<\/h5>\n<p>O ex-presidente do Tribunal de Contas da Uni\u00e3o (TCU) Valmir Campelo vai presidir a Valec, a estatal das ferrovias. Ele aceitou convite do futuro ministro da Infraestrutura,\u00a0\u00a0Tarc\u00edsio Freitas, a quem o \u00f3rg\u00e3o ficar\u00e1 vinculado.<\/p>\n<p>&nbsp;<\/p>\n<p>A escolha decorre do bom tr\u00e2nsito de Campelo nos tribunais, no TCU e tamb\u00e9m no meio pol\u00edtico.<\/p>\n<p>&nbsp;<\/p>\n<p>\u00c9 o primeiro nome do Distrito Federal na equipe do presidente Jair Bolsonaro.<\/p>\n<p>&nbsp;<\/p>\n<p>Valmir Campelo foi administrador de Taguatinga, Gama e Brazl\u00e2ndia, deputado, senador, ministro do TCU e vice-presidente do Banco do Brasil. Neste ano, estava cotado para disputar o governo do DF ou o Senado pelo PPS, mas desistiu de qualquer candidatura.<\/p>\n","protected":false},"excerpt":{"rendered":"<p>ANA MARIA CAMPOS O ex-presidente do Tribunal de Contas da Uni\u00e3o (TCU) Valmir Campelo vai presidir a Valec, a estatal das ferrovias. Ele aceitou convite do futuro ministro da Infraestrutura,\u00a0\u00a0Tarc\u00edsio Freitas, a quem o \u00f3rg\u00e3o ficar\u00e1 vinculado. &nbsp; A escolha decorre do bom tr\u00e2nsito de Campelo nos tribunais, no TCU e tamb\u00e9m no meio pol\u00edtico. [&hellip;]<\/p>\n","protected":false},"author":9,"featured_media":0,"comment_status":"open","ping_status":"closed","sticky":false,"template":"","format":"standard","meta":{"wpb_read_more":[],"footnotes":""},"categories":[234],"tags":[1658,1193],"class_list":["post-14009","post","type-post","status-publish","format-standard","hentry","category-cb-poder","tag-valec","tag-valmir-campelo"],"_links":{"self":[{"href":"https:\/\/blogs2.correiobraziliense.com.br\/cbpoder\/wp-json\/wp\/v2\/posts\/14009","targetHints":{"allow":["GET"]}}],"collection":[{"href":"https:\/\/blogs2.correiobraziliense.com.br\/cbpoder\/wp-json\/wp\/v2\/posts"}],"about":[{"href":"https:\/\/blogs2.correiobraziliense.com.br\/cbpoder\/wp-json\/wp\/v2\/types\/post"}],"author":[{"embeddable":true,"href":"https:\/\/blogs2.correiobraziliense.com.br\/cbpoder\/wp-json\/wp\/v2\/users\/9"}],"replies":[{"embeddable":true,"href":"https:\/\/blogs2.correiobraziliense.com.br\/cbpoder\/wp-json\/wp\/v2\/comments?post=14009"}],"version-history":[{"count":3,"href":"https:\/\/blogs2.correiobraziliense.com.br\/cbpoder\/wp-json\/wp\/v2\/posts\/14009\/revisions"}],"predecessor-version":[{"id":14013,"href":"https:\/\/blogs2.correiobraziliense.com.br\/cbpoder\/wp-json\/wp\/v2\/posts\/14009\/revisions\/14013"}],"wp:attachment":[{"href":"https:\/\/blogs2.correiobraziliense.com.br\/cbpoder\/wp-json\/wp\/v2\/media?parent=14009"}],"wp:term":[{"taxonomy":"category","embeddable":true,"href":"https:\/\/blogs2.correiobraziliense.com.br\/cbpoder\/wp-json\/wp\/v2\/categories?post=14009"},{"taxonomy":"post_tag","embeddable":true,"href":"https:\/\/blogs2.correiobraziliense.com.br\/cbpoder\/wp-json\/wp\/v2\/tags?post=14009"}],"curies":[{"name":"wp","href":"https:\/\/api.w.org\/{rel}","templated":true}]}}