{"id":14015,"date":"2018-12-26T08:06:03","date_gmt":"2018-12-26T10:06:03","guid":{"rendered":"https:\/\/blogs2.correiobraziliense.com.br\/cbpoder\/?p=14015"},"modified":"2018-12-26T12:50:29","modified_gmt":"2018-12-26T14:50:29","slug":"rafael-prudente-presidente-camara-legislativa","status":"publish","type":"post","link":"https:\/\/blogs2.correiobraziliense.com.br\/cbpoder\/rafael-prudente-presidente-camara-legislativa\/","title":{"rendered":"Filho de Leonardo Prudente constr\u00f3i acordo para chegar \u00e0 Presid\u00eancia da C\u00e2mara Legislativa"},"content":{"rendered":"<h6>Coluna Eixo Capital \/ Por Ana Maria Campos<\/h6>\n<p>O deputado Rafael Prudente (MDB) segue os passos do pai, Leonardo Prudente. Eleito para o segundo mandato, o distrital construiu um acordo para chegar \u00e0 Presid\u00eancia da C\u00e2mara Legislativa no pr\u00f3ximo bi\u00eanio, cargo que o pai exerceu em 2009 at\u00e9 a ren\u00fancia em 2010, por conta do esc\u00e2ndalo da Opera\u00e7\u00e3o Caixa de Pandora. Com a ren\u00fancia e a condena\u00e7\u00e3o em segunda inst\u00e2ncia, por improbidade administrativa, Prudente teve de abandonar a pol\u00edtica, abrindo espa\u00e7o para o herdeiro. A campanha de Rafael ainda \u00e9 bancada pela fam\u00edlia. Dos R$ 823 mil que arrecadou, a maior parte, R$ 350 mil, foi doa\u00e7\u00e3o do irm\u00e3o Leonardo Cavalcanti Prudente. Mas Rafael tem conquistado espa\u00e7o entre deputados, com personalidade pr\u00f3pria. \u00c9 apontado como cumpridor de acordos pol\u00edticos, habilidoso nas negocia\u00e7\u00f5es e com perspectivas promissoras na carreira. Conseguiu formar maioria para chegar \u00e0 Presid\u00eancia da Casa, sem sustos, duas semanas antes do pleito, algo raro. Nesse ritmo, pode chegar bem mais longe que o pai na vida p\u00fablica, se n\u00e3o for atropelado, claro.<\/p>\n<p><strong>Sem confronto<\/strong><\/p>\n<p>Para chegar \u00e0 Presid\u00eancia, o deputado Rafael Prudente (MDB) j\u00e1 tem o apoio de pelo menos 16 distritais. Nessa costura, est\u00e3o at\u00e9 mesmo os dois parlamentares eleitos pelo PSB, de Rodrigo Rollemberg, Jos\u00e9 Gomes e Roosevelt Vilela. \u00c9 aquela m\u00e1xima de oposi\u00e7\u00e3o sem confronto, que leva quase a uma aproxima\u00e7\u00e3o com o futuro governo.<\/p>\n<p>&nbsp;<\/p>\n<h2><strong>Escolhas<\/strong><\/h2>\n<p>O Avante, ali\u00e1s, pode crescer. O deputado eleito Eduardo Pedrosa (PTC), pensa em se filiar ao PSL de Jair Bolsonaro, e o Avante, do vice-governador Paco Britto. \u00c9 uma aposta entre se aproximar do poder nacional ou do local.<\/p>\n<p>&nbsp;<\/p>\n<h2><strong>Sem trombadas<\/strong><\/h2>\n<p>Rodrigo Rollemberg e Ibaneis Rocha podem discordar e se estranhar nos bastidores. Mas n\u00e3o est\u00e3o dispostos a trombadas p\u00fablicas. Mesmo com o debate sobre o saldo em caixa nos cofres p\u00fablicos dos \u00faltimos dias, n\u00e3o deve haver, pelo menos nos primeiros meses, uma rela\u00e7\u00e3o de inimigos. O atual governador j\u00e1 disse a interlocutores que n\u00e3o \u00e9 seu estilo trabalhar nos tribunais contra o sucessor nas representa\u00e7\u00f5es protocoladas durante a campanha. Ibaneis, por sua vez, n\u00e3o dever\u00e1 perseguir o antecessor.<\/p>\n<p>&nbsp;<\/p>\n<h2><strong>Na praia do Parano\u00e1<\/strong><\/h2>\n<p>A uma semana de deixar o poder, o governador Rodrigo Rollemberg (PSB) aproveitou o domingo para curtir o Lago Parano\u00e1. Depois de uma cerveja com amigos, praticou stand up paddle, atividade esportiva aqu\u00e1tica que ganha adeptos em Bras\u00edlia.<\/p>\n<p>&nbsp;<\/p>\n<h2><strong>Valmir Campelo vai presidir a Valec<\/strong><\/h2>\n<p>O ex-presidente do Tribunal de Contas da Uni\u00e3o (TCU) Valmir Campelo aceitou convite do futuro ministro da Infraestrutura, Tarc\u00edsio Freitas, e assumir\u00e1 a Presid\u00eancia da Valec, a estatal das ferrovias brasileiras. \u00c9 o primeiro pol\u00edtico do DF a assumir um cargo no governo de Jair Bolsonaro. Campelo foi administrador regional de Brazl\u00e2ndia, Gama e Taguatinga, deputado, senador, ministro do TCU e vice-presidente do Banco do Brasil. No banco, ajudou o DF com a libera\u00e7\u00e3o de empr\u00e9stimo de R$ 500 milh\u00f5es para obras de infraestrutura e mobilidade, nos primeiros meses da administra\u00e7\u00e3o de Rollemberg. Pode ser mais um bom interlocutor para Ibaneis Rocha no governo federal.<\/p>\n<p>&nbsp;<\/p>\n<h2><strong>MDB e Avante fortes<\/strong><\/h2>\n<p>Com Rafael Prudente na Presid\u00eancia da C\u00e2mara Legislativa, o MDB vai comandar o Legislativo e o Executivo. O Avante, legenda do futuro vice-governador Paco Britto, tamb\u00e9m ter\u00e1 um espa\u00e7o importante. No acordo para a elei\u00e7\u00e3o da Mesa e forma\u00e7\u00e3o das comiss\u00f5es, os dois distritais eleitos pelo Avante ter\u00e3o destaque. Jo\u00e3o Cardoso deve ser o terceiro secret\u00e1rio e Reginaldo Sardinha dever\u00e1 presidir a Comiss\u00e3o de Constitui\u00e7\u00e3o e Justi\u00e7a (CCJ).<\/p>\n<p>&nbsp;<\/p>\n<h2><strong>S\u00f3 papos<\/strong><\/h2>\n<p>\u201cTodos estes &#8216;liberais&#8217; usam Bolsonaro de escada e depois dizem que n\u00e3o defendem suas ideias. S\u00f3 acredita em determinados grupinhos quem \u00e9 muito inocente. Querem voar que voem, mas sem mentir ou ludibriar seria muito melhor para todos, mas sabemos como sempre jogaram!\u201d<\/p>\n<p>Vereador Carlos Bolsonaro (PSL), comentando a onda liberal que chegou aos diret\u00f3rios das universidades<\/p>\n<p>&nbsp;<\/p>\n<p>\u201cCarlos Bolsonaro acha que a @liberdadeUnB, grupo que eu criei na UnB, \u00e9 fruto de seu pai. Fundado em 2009, ganhou DCE pela 1\u00aa vez em 2011, reeleito cinco vezes. \u00c9poca em que Bolso era s\u00f3 um deputado do baixo clero. E Bolsokid, cujo \u00fanico emprego at\u00e9 hoje foi ser pol\u00edtico, j\u00e1 era sustentado pelo er\u00e1rio\u201d<\/p>\n<p>Economista Carlos Go\u00e9s, um dos fundadores do movimento liberal que comanda o DCE da UnB, pelo Twitter<\/p>\n","protected":false},"excerpt":{"rendered":"<p>Coluna Eixo Capital \/ Por Ana Maria Campos O deputado Rafael Prudente (MDB) segue os passos do pai, Leonardo Prudente. Eleito para o segundo mandato, o distrital construiu um acordo para chegar \u00e0 Presid\u00eancia da C\u00e2mara Legislativa no pr\u00f3ximo bi\u00eanio, cargo que o pai exerceu em 2009 at\u00e9 a ren\u00fancia em 2010, por conta do [&hellip;]<\/p>\n","protected":false},"author":9,"featured_media":14016,"comment_status":"open","ping_status":"closed","sticky":false,"template":"","format":"standard","meta":{"wpb_read_more":[],"footnotes":""},"categories":[234],"tags":[70,1659,364],"class_list":["post-14015","post","type-post","status-publish","format-standard","has-post-thumbnail","hentry","category-cb-poder","tag-camara-legislativa","tag-leonado-prudente","tag-rafael-prudente"],"_links":{"self":[{"href":"https:\/\/blogs2.correiobraziliense.com.br\/cbpoder\/wp-json\/wp\/v2\/posts\/14015","targetHints":{"allow":["GET"]}}],"collection":[{"href":"https:\/\/blogs2.correiobraziliense.com.br\/cbpoder\/wp-json\/wp\/v2\/posts"}],"about":[{"href":"https:\/\/blogs2.correiobraziliense.com.br\/cbpoder\/wp-json\/wp\/v2\/types\/post"}],"author":[{"embeddable":true,"href":"https:\/\/blogs2.correiobraziliense.com.br\/cbpoder\/wp-json\/wp\/v2\/users\/9"}],"replies":[{"embeddable":true,"href":"https:\/\/blogs2.correiobraziliense.com.br\/cbpoder\/wp-json\/wp\/v2\/comments?post=14015"}],"version-history":[{"count":4,"href":"https:\/\/blogs2.correiobraziliense.com.br\/cbpoder\/wp-json\/wp\/v2\/posts\/14015\/revisions"}],"predecessor-version":[{"id":14020,"href":"https:\/\/blogs2.correiobraziliense.com.br\/cbpoder\/wp-json\/wp\/v2\/posts\/14015\/revisions\/14020"}],"wp:featuredmedia":[{"embeddable":true,"href":"https:\/\/blogs2.correiobraziliense.com.br\/cbpoder\/wp-json\/wp\/v2\/media\/14016"}],"wp:attachment":[{"href":"https:\/\/blogs2.correiobraziliense.com.br\/cbpoder\/wp-json\/wp\/v2\/media?parent=14015"}],"wp:term":[{"taxonomy":"category","embeddable":true,"href":"https:\/\/blogs2.correiobraziliense.com.br\/cbpoder\/wp-json\/wp\/v2\/categories?post=14015"},{"taxonomy":"post_tag","embeddable":true,"href":"https:\/\/blogs2.correiobraziliense.com.br\/cbpoder\/wp-json\/wp\/v2\/tags?post=14015"}],"curies":[{"name":"wp","href":"https:\/\/api.w.org\/{rel}","templated":true}]}}