{"id":14029,"date":"2018-12-28T08:28:19","date_gmt":"2018-12-28T10:28:19","guid":{"rendered":"https:\/\/blogs2.correiobraziliense.com.br\/cbpoder\/?p=14029"},"modified":"2018-12-28T08:28:19","modified_gmt":"2018-12-28T10:28:19","slug":"seis-mil-cargos-comissionados-distribuidos-novo-governo-df","status":"publish","type":"post","link":"https:\/\/blogs2.correiobraziliense.com.br\/cbpoder\/seis-mil-cargos-comissionados-distribuidos-novo-governo-df\/","title":{"rendered":"Mais de seis mil cargos comissionados devem ser distribu\u00eddos no novo governo do DF"},"content":{"rendered":"<h6>Coluna Eixo Capital \/ Por Ana Maria Campos<\/h6>\n<p>Levantamento publicado ontem no Di\u00e1rio Oficial do DF indica que hoje h\u00e1 6.734 cargos comissionados na estrutura administrativa preenchidos por servidores sem v\u00ednculo, ou seja, de livre provimento, sem concurso p\u00fablico. Os dados se referem a dezembro de 2018. A maior parte est\u00e1 lotada na Secretaria de Sa\u00fade. S\u00e3o 400 servidores. Em seguida, aparece a supersecretaria de Trabalho, Desenvolvimento Social, Mulher, Igualdade Racial e Direitos Humanos, com 369 funcion\u00e1rios comissionados. A Pol\u00edcia Militar do DF est\u00e1 em terceiro, com 370 cargos exercidos por servidores sem v\u00ednculo. Na sequ\u00eancia, a Secretaria de Pol\u00edticas para Adolescentes, Crian\u00e7as e Juventude. S\u00e3o 301 comissionados. Mas o novo governo deve promover uma reestrutura\u00e7\u00e3o da m\u00e1quina, valorizando algumas pastas.<\/p>\n<p>&nbsp;<\/p>\n<h2><strong>Briga contra o conservadorismo na educa\u00e7\u00e3o<\/strong><\/h2>\n<p>Especialista em educa\u00e7\u00e3o e considerado um bom quadro, o futuro secret\u00e1rio de Educa\u00e7\u00e3o Rafael Parente j\u00e1 come\u00e7a a sofrer resist\u00eancias entre os conservadores e pol\u00edticos evang\u00e9licos, especialmente nas redes sociais. Rafael critica o projeto Escola sem Partido, defende uni\u00e3o homoafetiva e postou cr\u00edticas a Jair Bolsonaro durante a campanha. Filho do ex-ministro e ex-presidente da Petrobras Pedro Parente e afilhado do ex-deputado Sigmaringa Seixas, Rafael \u00e9 um estudioso na \u00e1rea de educa\u00e7\u00e3o e n\u00e3o foge de quest\u00f5es pol\u00eamicas. S\u00f3 o tempo dir\u00e1 se vai vencer as guerras ideol\u00f3gicas em tempos de intoler\u00e2ncia e tantas diverg\u00eancias raivosas.<\/p>\n<p>&nbsp;<\/p>\n<h2><strong>No p\u00e1reo<\/strong><\/h2>\n<p>Apesar do acordo que envolve a elei\u00e7\u00e3o do deputado Rafael Prudente (MDB) \u00e0 Presid\u00eancia da C\u00e2mara Legislativa, com apoio do Executivo, o deputado Cl\u00e1udio Abrantes (PDT) continua no p\u00e1reo. Ele garante que vai bater chapa com Prudente.<\/p>\n<p>&nbsp;<\/p>\n<h2><strong>Vida longa a quem traz solu\u00e7\u00f5es<\/strong><\/h2>\n<p>Quem conhece bem o governador eleito Ibaneis Rocha aposta que muitas mudan\u00e7as poder\u00e3o ocorrer em sua equipe ao longo dos quatro anos de mandato. Ter\u00e1 vida longa quem apresentar mais solu\u00e7\u00f5es que problemas, mais fontes de financiamentos de projetos e menos reclama\u00e7\u00f5es de falta de recursos. Ibaneis cobra resultados e tem pressa.<\/p>\n<p>&nbsp;<\/p>\n<h2><strong>Moretti \u00e9 mantido na seguran\u00e7a<\/strong><\/h2>\n<p>O atual secret\u00e1rio de Seguran\u00e7a P\u00fablica e Paz Social, Alessandro Moretti, deve ser mantido na pasta, como adjunto, mesmo cargo que exerceu at\u00e9 a exonera\u00e7\u00e3o do titular, Cristiano Barbosa, na semana passada. Barbosa aceitou convite para assumir a Secretaria de Seguran\u00e7a de Tocantins. Moretti ser\u00e1 o n\u00famero dois da pasta que, no governo de Ibaneis Rocha, ser\u00e1 comandada por Anderson Torres. Os tr\u00eas s\u00e3o delegados da Pol\u00edcia Federal (PF).<\/p>\n<p>&nbsp;<\/p>\n<h2><strong>Sig e a Pol\u00edcia Civil<\/strong><\/h2>\n<p>Ex-presidente da C\u00e2mara Legislativa e ex-presidente do Sinpol, o ex-deputado Fabio Barcelos conta que o advogado Luiz Carlos Sigmaringa Seixas, que morreu nesta semana, teve um papel importante na qualidade dos servi\u00e7os da Pol\u00edcia Civil. \u201cDurante a Constituinte, havia um grupo de parlamentares e o pr\u00f3prio Pal\u00e1cio do Planalto que queria tirar a manuten\u00e7\u00e3o da Pol\u00edcia Civil pela Uni\u00e3o. E o Sigmaringa era subrelator de uma comiss\u00e3o que cuidava dessa mat\u00e9ria, para o Distrito Federal e para os antigos territ\u00f3rios. Atendendo a um pedido de um grupo de policiais que ficava tentando garantir alguns direitos dessa corpora\u00e7\u00e3o, o Sig acatou e nos deixou mantidos pela Uni\u00e3o, nos tirando da vala comum\u201d, afirma. \u201cIsso foi muito importante para n\u00f3s e \u00e9 o que nos permite lutar por uma condi\u00e7\u00e3o melhor de sal\u00e1rios\u201d.<\/p>\n<p>&nbsp;<\/p>\n<p>&nbsp;<\/p>\n<h2><strong>\u00c0 QUEIMA-ROUPA<\/strong><\/h2>\n<p><em><strong>Humberto Fonseca, atual secret\u00e1rio de Sa\u00fade<\/strong><\/em><\/p>\n<p><em>Que balan\u00e7o faz da administra\u00e7\u00e3o Rollemberg na \u00e1rea da sa\u00fade?<\/em><br \/>\nO grande m\u00e9rito do governo foi patrocinar uma verdadeira reconstru\u00e7\u00e3o do sistema de sa\u00fade, a partir de seus alicerces. Encontramos terra arrasada, d\u00edvidas impag\u00e1veis, despesas sem contrato, desorganiza\u00e7\u00e3o administrativa, falta de normatiza\u00e7\u00e3o e de planejamento. As mudan\u00e7as vieram ao custo de muito trabalho e v\u00e1rios enfrentamentos, mas j\u00e1 trouxeram bons resultados e estabeleceram com clareza um novo rumo para a sa\u00fade p\u00fablica do DF. Sabe-se hoje o que precisa ser feito e como fazer. Tudo de forma dialogada e transparente.<\/p>\n<p>&nbsp;<\/p>\n<p><em>Quais foram os principais avan\u00e7os?<\/em><br \/>\nO principal avan\u00e7o foi a total reestrutura\u00e7\u00e3o da rede de sa\u00fade a partir da aten\u00e7\u00e3o prim\u00e1ria, com a amplia\u00e7\u00e3o da estrat\u00e9gia sa\u00fade da fam\u00edlia, de 30% para 70% de cobertura. Al\u00e9m disso, a regionaliza\u00e7\u00e3o, estrutura\u00e7\u00e3o dos ambulat\u00f3rios de especialidades, a cria\u00e7\u00e3o do Instituto Hospital de Base, a amplia\u00e7\u00e3o e consolida\u00e7\u00e3o do Hospital da Crian\u00e7a, a cria\u00e7\u00e3o do complexo regulador, a organiza\u00e7\u00e3o dos processos de trabalho e do planejamento estrat\u00e9gico, a implanta\u00e7\u00e3o do processo eletr\u00f4nico, a sistematiza\u00e7\u00e3o e a manualiza\u00e7\u00e3o das contrata\u00e7\u00f5es e execu\u00e7\u00f5es contratuais, que levaram praticamente ao fim das despesas sem contrato, com queda de 99,96% em nossa gest\u00e3o.<\/p>\n<p>&nbsp;<\/p>\n<p><em>O que gostaria de ter executado e n\u00e3o foi poss\u00edvel tirar do papel nesse per\u00edodo?<\/em><br \/>\nGostar\u00edamos de ter tido mais tempo para expandir o modelo do IHB para outras unidades hospitalares. Gostar\u00edamos de ter contratado agentes comunit\u00e1rios de sa\u00fade para completar as equipes de sa\u00fade da fam\u00edlia e chegamos a mandar um projeto de lei para viabilizar essa contrata\u00e7\u00e3o. Gostar\u00edamos de ter entregado o processo de regula\u00e7\u00e3o totalmente conclu\u00eddo. Gostar\u00edamos de ter conseguido contratar de um operador log\u00edstico para aperfei\u00e7oar nosso armazenamento e distribui\u00e7\u00e3o de medicamentos e materiais. Embora tenhamos avan\u00e7ado, n\u00e3o conseguimos resultados substanciais no que tange \u00e0 manuten\u00e7\u00e3o de n\u00edveis \u00f3timos de abastecimento da rede.<\/p>\n<p>&nbsp;<\/p>\n<p><em>Que conselho daria ao seu sucessor?<\/em><br \/>\nAjude as pessoas e fique firme. A miss\u00e3o \u00e9 muito dif\u00edcil, mas tamb\u00e9m \u00e9 muito gratificante.<\/p>\n","protected":false},"excerpt":{"rendered":"<p>Coluna Eixo Capital \/ Por Ana Maria Campos Levantamento publicado ontem no Di\u00e1rio Oficial do DF indica que hoje h\u00e1 6.734 cargos comissionados na estrutura administrativa preenchidos por servidores sem v\u00ednculo, ou seja, de livre provimento, sem concurso p\u00fablico. Os dados se referem a dezembro de 2018. A maior parte est\u00e1 lotada na Secretaria de [&hellip;]<\/p>\n","protected":false},"author":9,"featured_media":14030,"comment_status":"open","ping_status":"closed","sticky":false,"template":"","format":"standard","meta":{"wpb_read_more":[],"footnotes":""},"categories":[234],"tags":[],"class_list":["post-14029","post","type-post","status-publish","format-standard","has-post-thumbnail","hentry","category-cb-poder"],"_links":{"self":[{"href":"https:\/\/blogs2.correiobraziliense.com.br\/cbpoder\/wp-json\/wp\/v2\/posts\/14029","targetHints":{"allow":["GET"]}}],"collection":[{"href":"https:\/\/blogs2.correiobraziliense.com.br\/cbpoder\/wp-json\/wp\/v2\/posts"}],"about":[{"href":"https:\/\/blogs2.correiobraziliense.com.br\/cbpoder\/wp-json\/wp\/v2\/types\/post"}],"author":[{"embeddable":true,"href":"https:\/\/blogs2.correiobraziliense.com.br\/cbpoder\/wp-json\/wp\/v2\/users\/9"}],"replies":[{"embeddable":true,"href":"https:\/\/blogs2.correiobraziliense.com.br\/cbpoder\/wp-json\/wp\/v2\/comments?post=14029"}],"version-history":[{"count":1,"href":"https:\/\/blogs2.correiobraziliense.com.br\/cbpoder\/wp-json\/wp\/v2\/posts\/14029\/revisions"}],"predecessor-version":[{"id":14031,"href":"https:\/\/blogs2.correiobraziliense.com.br\/cbpoder\/wp-json\/wp\/v2\/posts\/14029\/revisions\/14031"}],"wp:featuredmedia":[{"embeddable":true,"href":"https:\/\/blogs2.correiobraziliense.com.br\/cbpoder\/wp-json\/wp\/v2\/media\/14030"}],"wp:attachment":[{"href":"https:\/\/blogs2.correiobraziliense.com.br\/cbpoder\/wp-json\/wp\/v2\/media?parent=14029"}],"wp:term":[{"taxonomy":"category","embeddable":true,"href":"https:\/\/blogs2.correiobraziliense.com.br\/cbpoder\/wp-json\/wp\/v2\/categories?post=14029"},{"taxonomy":"post_tag","embeddable":true,"href":"https:\/\/blogs2.correiobraziliense.com.br\/cbpoder\/wp-json\/wp\/v2\/tags?post=14029"}],"curies":[{"name":"wp","href":"https:\/\/api.w.org\/{rel}","templated":true}]}}