{"id":14072,"date":"2019-01-04T09:21:37","date_gmt":"2019-01-04T11:21:37","guid":{"rendered":"https:\/\/blogs2.correiobraziliense.com.br\/cbpoder\/?p=14072"},"modified":"2019-01-04T11:46:32","modified_gmt":"2019-01-04T13:46:32","slug":"relatoria-sobre-seguranca-publica-aponta-aumento-na-criminalidade-do-df","status":"publish","type":"post","link":"https:\/\/blogs2.correiobraziliense.com.br\/cbpoder\/relatoria-sobre-seguranca-publica-aponta-aumento-na-criminalidade-do-df\/","title":{"rendered":"Relat\u00f3rio sobre seguran\u00e7a p\u00fablica aponta aumento na criminalidade do DF"},"content":{"rendered":"<h6>Coluna Eixo Capital \/ Por Ana Maria Campos<\/h6>\n<p>O relat\u00f3rio final da transi\u00e7\u00e3o sobre a seguran\u00e7a p\u00fablica ainda vai provocar muita pol\u00eamica. O texto, como a coluna revelou ontem, indica que houve aumento na criminalidade nos \u00faltimos anos, com mais assaltos e assassinatos. O ex-governador Rodrigo Rollemberg (PSB) reclamou \u00e0 coluna: \u201cDuvido o novo secret\u00e1rio de seguran\u00e7a afirmar que h\u00e1 manipula\u00e7\u00e3o no n\u00famero de homic\u00eddios\u201d. Mas os sindicatos que representam a Pol\u00edcia Civil, como o Sinpol e o Sindepo, sempre contestaram as estat\u00edsticas. Um ponto, no entanto, ningu\u00e9m contesta: em quatro anos, o governo anterior n\u00e3o comprou nenhuma viatura para a Pol\u00edcia Civil do DF.<\/p>\n<p>&nbsp;<\/p>\n<h2><strong>Quem pagou?<\/strong><\/h2>\n<p>Essa n\u00e3o \u00e9 a \u00fanica diverg\u00eancia entre os governos. Ibaneis Rocha pagou nesta semana, de forma antecipada os sal\u00e1rios dos servidores do GDF. Rodrigo Rollemberg diz que deixou tudo pronto para liberar os sal\u00e1rios, mas o novo governador \u00e9 quem depositou. Assim seguir\u00e1 o embate nos pr\u00f3ximos meses.<\/p>\n<h2><strong>LUOS e os escrit\u00f3rios de advocacia sob o crivo de Ibaneis<\/strong><\/h2>\n<p>Caber\u00e1 ao governador Ibaneis Rocha (MDB) sancionar a \u00edntegra ou vetar trechos da Lei de Uso e Ocupa\u00e7\u00e3o do Solo (LUOS), aprovada no fim do ano passado pela C\u00e2mara Legislativa. A reda\u00e7\u00e3o final foi publicada na edi\u00e7\u00e3o de ontem do Di\u00e1rio da C\u00e2mara. Um dos trechos interessa muito aos advogados. Uma emenda, de autoria do ex-deputado Raimundo Ribeiro, autoriza a instala\u00e7\u00e3o de escrit\u00f3rios de advocacia em \u00e1reas residenciais, de bairros como Lago Sul, Lago Norte e Park Way. Bem prov\u00e1vel que Ibaneis atenda \u00e0 demanda de sua classe e vai ficar para a hist\u00f3ria como o governador que sancionou a LUOS.<\/p>\n<h2><strong>A imagem em destaque<\/strong><\/h2>\n<p>A nova p\u00e1gina oficial da Secretaria de Justi\u00e7a e Cidadania exibe uma foto em destaque do titular rec\u00e9m-empossado da pasta, o ex-chefe de Assuntos Jur\u00eddicos da Casa Civil da Presid\u00eancia da Rep\u00fablica, Gustavo Rocha. A imagem pode ferir o princ\u00edpio da impessoalidade na administra\u00e7\u00e3o p\u00fablica previsto no artigo 37 da Constitui\u00e7\u00e3o.<\/p>\n<h2><strong>Nova marca<\/strong><\/h2>\n<p>Na gest\u00e3o de Ibaneis Rocha, a administra\u00e7\u00e3o volta a ser identificada como Governo do Distrito Federal. Com Rodrigo Rollemberg, o poder Executivo era tratado como Governo de Bras\u00edlia. E o s\u00edmbolo passa a ser o ip\u00ea amarelo.<\/p>\n<h2><strong>Grupos rivais contemplados<\/strong><\/h2>\n<p>O novo chefe da Casa Militar, coronel J\u00falio C\u00e9sar Lima de Oliveira (foto), integra um grupo advers\u00e1rio \u00e0 atual comandante-geral da Pol\u00edcia Militar, coronel Sheyla Sampaio. J\u00falio C\u00e9sar \u00e9 da segunda turma de forma\u00e7\u00e3o da Academia da Pol\u00edcia Militar do DF. Sheyla \u00e9 da primeira turma. Quem vai mandar mais? Ambos ser\u00e3o subordinados ao secret\u00e1rio de Seguran\u00e7a P\u00fablica e Paz Social, Anderson Torres.<\/p>\n<h2><strong>Menos barulho<\/strong><\/h2>\n<p>O deputado Reginaldo Sardinha (Avante) apresentou projeto de lei que pro\u00edbe o manuseio, utiliza\u00e7\u00e3o, queima e soltura de fogos ou qualquer artif\u00edcio pirot\u00e9cnico que provoque barulho no Distrito Federal. O objetivo \u00e9 proteger a sa\u00fade dos animais dom\u00e9sticos que sofrem em festas como o R\u00e9veillon. Medidas semelhantes est\u00e3o em vigor em S\u00e3o Paulo, Goi\u00e2nia e Londrina. Em Florian\u00f3polis, a queima de fogos da virada deste ano foi maior e menos barulhenta justamente para n\u00e3o incomodar os pets. A C\u00e2mara Legislativa ainda n\u00e3o conseguiu chegar a um consenso para a regulamenta\u00e7\u00e3o da Lei do Sil\u00eancio em igrejas, bares e casas de espet\u00e1culo. Agora h\u00e1 mais uma pol\u00eamica.<\/p>\n<h2><strong>Terceiro turno<\/strong><\/h2>\n<p>Paulo Fernando, que foi candidato a deputado federal pelo Patriota, entrou com uma a\u00e7\u00e3o no TRE\/DF de impugna\u00e7\u00e3o de mandato eletivo contra o Lu\u00eds Miranda (DEM), com acusa\u00e7\u00e3o de corrup\u00e7\u00e3o, fraude e abuso do poder economico eleitoral. Ele alega que o advers\u00e1rio distribuiu nas redes sociais tr\u00eas Iphones. Houve um sorteio e, segundo ele, os produtos foram entregues em 22 de agosto. \u201cTal conduta configura il\u00edcito eleitoral. Com essa conduta, al\u00e9m de violar a legisla\u00e7\u00e3o, o impugnado causou um impacto eleitoral e desequilibrou a disputa, atacando a democracia e a legitimidade do pleito\u201d, aponta Paulo Fernando. N\u00e3o \u00e9 a \u00fanica frente de combate ao parlamentar (foto) que se elegeu morando em Miami. O PR, partido de Laerte Bessa, tamb\u00e9m entrou com uma a\u00e7\u00e3o de investiga\u00e7\u00e3o judicial por abuso de poder econ\u00f4mico.<\/p>\n<h2><\/h2>\n<h2><strong>Bessa e Paulo Fernando na fila<\/strong><\/h2>\n<p>Se Lu\u00eds Miranda perder o mandato, h\u00e1 duas possibilidades. Caso a Justi\u00e7a eleitoral considere os votos do PTB, como j\u00e1 ocorreu com os distritais, o eleito ser\u00e1 Paulo Fernando (Patriotas). Se n\u00e3o validar, o deputado Laerte Bessa (PR) assume o mandato.<\/p>\n","protected":false},"excerpt":{"rendered":"<p>Coluna Eixo Capital \/ Por Ana Maria Campos O relat\u00f3rio final da transi\u00e7\u00e3o sobre a seguran\u00e7a p\u00fablica ainda vai provocar muita pol\u00eamica. O texto, como a coluna revelou ontem, indica que houve aumento na criminalidade nos \u00faltimos anos, com mais assaltos e assassinatos. O ex-governador Rodrigo Rollemberg (PSB) reclamou \u00e0 coluna: \u201cDuvido o novo secret\u00e1rio [&hellip;]<\/p>\n","protected":false},"author":9,"featured_media":14075,"comment_status":"open","ping_status":"closed","sticky":false,"template":"","format":"standard","meta":{"wpb_read_more":[],"footnotes":""},"categories":[234],"tags":[1667,49,5],"class_list":["post-14072","post","type-post","status-publish","format-standard","has-post-thumbnail","hentry","category-cb-poder","tag-criminalidade","tag-rollemberg","tag-seguranca"],"_links":{"self":[{"href":"https:\/\/blogs2.correiobraziliense.com.br\/cbpoder\/wp-json\/wp\/v2\/posts\/14072","targetHints":{"allow":["GET"]}}],"collection":[{"href":"https:\/\/blogs2.correiobraziliense.com.br\/cbpoder\/wp-json\/wp\/v2\/posts"}],"about":[{"href":"https:\/\/blogs2.correiobraziliense.com.br\/cbpoder\/wp-json\/wp\/v2\/types\/post"}],"author":[{"embeddable":true,"href":"https:\/\/blogs2.correiobraziliense.com.br\/cbpoder\/wp-json\/wp\/v2\/users\/9"}],"replies":[{"embeddable":true,"href":"https:\/\/blogs2.correiobraziliense.com.br\/cbpoder\/wp-json\/wp\/v2\/comments?post=14072"}],"version-history":[{"count":2,"href":"https:\/\/blogs2.correiobraziliense.com.br\/cbpoder\/wp-json\/wp\/v2\/posts\/14072\/revisions"}],"predecessor-version":[{"id":14076,"href":"https:\/\/blogs2.correiobraziliense.com.br\/cbpoder\/wp-json\/wp\/v2\/posts\/14072\/revisions\/14076"}],"wp:featuredmedia":[{"embeddable":true,"href":"https:\/\/blogs2.correiobraziliense.com.br\/cbpoder\/wp-json\/wp\/v2\/media\/14075"}],"wp:attachment":[{"href":"https:\/\/blogs2.correiobraziliense.com.br\/cbpoder\/wp-json\/wp\/v2\/media?parent=14072"}],"wp:term":[{"taxonomy":"category","embeddable":true,"href":"https:\/\/blogs2.correiobraziliense.com.br\/cbpoder\/wp-json\/wp\/v2\/categories?post=14072"},{"taxonomy":"post_tag","embeddable":true,"href":"https:\/\/blogs2.correiobraziliense.com.br\/cbpoder\/wp-json\/wp\/v2\/tags?post=14072"}],"curies":[{"name":"wp","href":"https:\/\/api.w.org\/{rel}","templated":true}]}}