{"id":14086,"date":"2019-01-04T18:38:14","date_gmt":"2019-01-04T20:38:14","guid":{"rendered":"https:\/\/blogs2.correiobraziliense.com.br\/cbpoder\/?p=14086"},"modified":"2019-01-04T18:38:14","modified_gmt":"2019-01-04T20:38:14","slug":"ibaneis-autoriza-liberacao-de-recursos-para-a-recuperacao-de-viadutos-do-df","status":"publish","type":"post","link":"https:\/\/blogs2.correiobraziliense.com.br\/cbpoder\/ibaneis-autoriza-liberacao-de-recursos-para-a-recuperacao-de-viadutos-do-df\/","title":{"rendered":"Ibaneis autoriza libera\u00e7\u00e3o de recursos para a recupera\u00e7\u00e3o de viadutos do DF"},"content":{"rendered":"<p><strong>ALEXANDRE DE PAULA<\/strong><\/p>\n<p><span style=\"font-weight: 400\">Durante o lan\u00e7amento do programa SOS DF, nesta sexta-feira (04\/01), o governador Ibaneis Rocha (MDB) assinou ordens de servi\u00e7o para dar in\u00edcio ao processo licitat\u00f3rio de obras e de servi\u00e7os de manuten\u00e7\u00e3o no Distrito Federal. Entre as medidas autorizadas, est\u00e3o a revitaliza\u00e7\u00e3o das tesourinhas do Plano Piloto \u2014 \u00a0com custo de R$ 7,9 milh\u00f5es \u2014 e de viadutos sobre a Galeria dos Estados \u2014 R$ 4,7 milh\u00f5es \u2014, al\u00e9m de viadutos na via N2 \u2014 com previs\u00e3o de investimento de R$ 7,7 milh\u00f5es. As obras inspiram cuidados h\u00e1 muito tempo e foram alvo de relat\u00f3rios do Tribunal de Contas do Distrito Federal (TCDF).<\/span><\/p>\n<p>&nbsp;<\/p>\n<p><span style=\"font-weight: 400\">Promessas de campanha, como a constru\u00e7\u00e3o do viaduto no Recanto das Emas, entre o Bal\u00e3o do Periquito e o viaduto de Samambaia, tamb\u00e9m foram contempladas pelo novo chefe do Executivo Local. Est\u00e3o autorizadas, ainda, as licita\u00e7\u00f5es para constru\u00e7\u00e3o de passarelas na BR-020 e em Sobradinho, al\u00e9m da restaura\u00e7\u00e3o do pavimento e constru\u00e7\u00e3o de ciclovias no Eix\u00e3o. <\/span><\/p>\n<p>&nbsp;<\/p>\n<p><span style=\"font-weight: 400\">Al\u00e9m disso, o governador assinou ordem de servi\u00e7o de para abertura de licita\u00e7\u00e3o para a recupera\u00e7\u00e3o, revitaliza\u00e7\u00e3o e manuten\u00e7\u00e3o de todas as passarelas do sistema rodovi\u00e1rio do DF, al\u00e9m de autorizar processo licitat\u00f3rio para a manuten\u00e7\u00e3o de drenagem e pavimenta\u00e7\u00e3o em v\u00e1rias regi\u00f5es administrativas, com custo de R$ 16,2 milh\u00f5es. <\/span><\/p>\n<p>&nbsp;<\/p>\n<p><span style=\"font-weight: 400\">O programa SOS DF ser\u00e1 a prioridade dos primeiros dias da gest\u00e3o, com a\u00e7\u00f5es emergenciais em \u00e1reas como sa\u00fade, seguran\u00e7a, obras e educa\u00e7\u00e3o.<\/span><\/p>\n<p>&nbsp;<\/p>\n<h2>Confira as interven\u00e7\u00f5es<\/h2>\n<p>&nbsp;<\/p>\n<p><b>Contrata\u00e7\u00e3o de empresas para a realiza\u00e7\u00e3o da recupera\u00e7\u00e3o, manuten\u00e7\u00e3o corretiva e revitaliza\u00e7\u00e3o dos viadutos das vias ERWS e ERLS sobre a Galeria dos Estados<\/b><span style=\"font-weight: 400\"> &#8211; R$ 4.708.455,54<\/span><\/p>\n<p>&nbsp;<\/p>\n<p><b>Autoriza\u00e7\u00e3o para o lan\u00e7amento de licita\u00e7\u00e3o para a compra de materiais para a execu\u00e7\u00e3o de servi\u00e7os de limpeza de bocas de lobo e pavimenta\u00e7\u00e3o &#8211; <\/b><span style=\"font-weight: 400\">R$ 16.200.000<\/span><\/p>\n<p>&nbsp;<\/p>\n<p><b>Autoriza\u00e7\u00e3o para o lan\u00e7amento de licita\u00e7\u00e3o para a recupera\u00e7\u00e3o estrutural e revitaliza\u00e7\u00e3o dos viadutos das tesourinhas do Plano Piloto &#8211; <\/b><span style=\"font-weight: 400\">R$ 7.941.370,94<\/span><\/p>\n<p>&nbsp;<\/p>\n<p><b>Autoriza\u00e7\u00e3o para a continua\u00e7\u00e3o de licita\u00e7\u00e3o para a recupera\u00e7\u00e3o, refor\u00e7o estrutural e revitaliza\u00e7\u00e3o de viadutos localizados no Eixo Rodovi\u00e1rio Leste<\/b><span style=\"font-weight: 400\"> &#8211; R$ 7.782.938,03<\/span><\/p>\n<p>&nbsp;<\/p>\n<p><b>Constru\u00e7\u00e3o de passarela na BR-020, pr\u00f3ximo ao Condom\u00ednio Vivendas Nova Petr\u00f3polis<\/b><span style=\"font-weight: 400\"> &#8211; Sem valor indicado<\/span><\/p>\n<p>&nbsp;<\/p>\n<p><b>Autoriza\u00e7\u00e3o para o in\u00edcio do contrato de restaura\u00e7\u00e3o do Pavimento e Constru\u00e7\u00e3o de Ciclofaixa nos Eixos Rodovi\u00e1rios Sul e Norte <\/b><span style=\"font-weight: 400\">&#8211; Sem valor indicado<\/span><\/p>\n<p>&nbsp;<\/p>\n<p><b>Autoriza\u00e7\u00e3o para o in\u00edcio do contrato para recupera\u00e7\u00e3o, revitaliza\u00e7\u00e3o e Manuten\u00e7\u00e3o de todas as passarelas do Sistema Rodovi\u00e1rio do DF<\/b><span style=\"font-weight: 400\"> &#8211; Sem valor indicado<\/span><\/p>\n<p>&nbsp;<\/p>\n<p><b>Autoriza\u00e7\u00e3o para o in\u00edcio do contrato para constru\u00e7\u00e3o de passarela na BR-020, pr\u00f3ximo ao Condom\u00ednio Colina 2, em Sobradinho<\/b><span style=\"font-weight: 400\"> &#8211; Sem valor indicado<\/span><\/p>\n<p>&nbsp;<\/p>\n<p><b>Autoriza\u00e7\u00e3o para o lan\u00e7amento do processo licitat\u00f3rio para a constru\u00e7\u00e3o do viaduto do Recanto das Emas, entre o Bal\u00e3o do Periquito e o viaduto de Samambaia<\/b><span style=\"font-weight: 400\"> &#8211; Sem valor indicado<\/span><\/p>\n","protected":false},"excerpt":{"rendered":"<p>ALEXANDRE DE PAULA Durante o lan\u00e7amento do programa SOS DF, nesta sexta-feira (04\/01), o governador Ibaneis Rocha (MDB) assinou ordens de servi\u00e7o para dar in\u00edcio ao processo licitat\u00f3rio de obras e de servi\u00e7os de manuten\u00e7\u00e3o no Distrito Federal. Entre as medidas autorizadas, est\u00e3o a revitaliza\u00e7\u00e3o das tesourinhas do Plano Piloto \u2014 \u00a0com custo de R$ [&hellip;]<\/p>\n","protected":false},"author":90,"featured_media":13474,"comment_status":"open","ping_status":"closed","sticky":false,"template":"","format":"standard","meta":{"wpb_read_more":[],"footnotes":""},"categories":[234],"tags":[917,1668,1670,1669],"class_list":["post-14086","post","type-post","status-publish","format-standard","has-post-thumbnail","hentry","category-cb-poder","tag-ibaneis-rocha","tag-pontes","tag-sos-df","tag-viadutos"],"_links":{"self":[{"href":"https:\/\/blogs2.correiobraziliense.com.br\/cbpoder\/wp-json\/wp\/v2\/posts\/14086","targetHints":{"allow":["GET"]}}],"collection":[{"href":"https:\/\/blogs2.correiobraziliense.com.br\/cbpoder\/wp-json\/wp\/v2\/posts"}],"about":[{"href":"https:\/\/blogs2.correiobraziliense.com.br\/cbpoder\/wp-json\/wp\/v2\/types\/post"}],"author":[{"embeddable":true,"href":"https:\/\/blogs2.correiobraziliense.com.br\/cbpoder\/wp-json\/wp\/v2\/users\/90"}],"replies":[{"embeddable":true,"href":"https:\/\/blogs2.correiobraziliense.com.br\/cbpoder\/wp-json\/wp\/v2\/comments?post=14086"}],"version-history":[{"count":2,"href":"https:\/\/blogs2.correiobraziliense.com.br\/cbpoder\/wp-json\/wp\/v2\/posts\/14086\/revisions"}],"predecessor-version":[{"id":14088,"href":"https:\/\/blogs2.correiobraziliense.com.br\/cbpoder\/wp-json\/wp\/v2\/posts\/14086\/revisions\/14088"}],"wp:featuredmedia":[{"embeddable":true,"href":"https:\/\/blogs2.correiobraziliense.com.br\/cbpoder\/wp-json\/wp\/v2\/media\/13474"}],"wp:attachment":[{"href":"https:\/\/blogs2.correiobraziliense.com.br\/cbpoder\/wp-json\/wp\/v2\/media?parent=14086"}],"wp:term":[{"taxonomy":"category","embeddable":true,"href":"https:\/\/blogs2.correiobraziliense.com.br\/cbpoder\/wp-json\/wp\/v2\/categories?post=14086"},{"taxonomy":"post_tag","embeddable":true,"href":"https:\/\/blogs2.correiobraziliense.com.br\/cbpoder\/wp-json\/wp\/v2\/tags?post=14086"}],"curies":[{"name":"wp","href":"https:\/\/api.w.org\/{rel}","templated":true}]}}