{"id":14201,"date":"2019-01-16T13:58:38","date_gmt":"2019-01-16T15:58:38","guid":{"rendered":"https:\/\/blogs2.correiobraziliense.com.br\/cbpoder\/?p=14201"},"modified":"2019-01-16T13:58:38","modified_gmt":"2019-01-16T15:58:38","slug":"reforma-do-plenario-pode-atrapalhar-convocacao-extraordinaria-da-camara-legislativa","status":"publish","type":"post","link":"https:\/\/blogs2.correiobraziliense.com.br\/cbpoder\/reforma-do-plenario-pode-atrapalhar-convocacao-extraordinaria-da-camara-legislativa\/","title":{"rendered":"Reforma do plen\u00e1rio pode atrapalhar convoca\u00e7\u00e3o extraordin\u00e1ria da C\u00e2mara Legislativa"},"content":{"rendered":"<h5>ANA MARIA CAMPOS<\/h5>\n<p>Anunciada pelo governador Ibaneis Rocha (MDB), a convoca\u00e7\u00e3o extraordin\u00e1ria da C\u00e2mara Legislativa neste recesso pode n\u00e3o ocorrer por uma quest\u00e3o pr\u00e1tica. O plen\u00e1rio de vota\u00e7\u00f5es est\u00e1 fechado para reforma.<\/p>\n<p>&nbsp;<\/p>\n<p>Teve in\u00edcio ontem (15\/01) uma obra de troca do carpete e do cabeamento que, de acordo com o segundo secret\u00e1rio da C\u00e2mara, Rob\u00e9rio Negreiros (PSD), estava programada havia quatro meses. \u201cOs contratos t\u00eam prazo\u201d, afirma o deputado que se reelegeu para o cargo na Mesa Diretora.<\/p>\n<p>&nbsp;<\/p>\n<p>O cabeamento j\u00e1 ser\u00e1 instalado com a previs\u00e3o de implanta\u00e7\u00e3o do novo sistema do painel eletr\u00f4nico de vota\u00e7\u00f5es, projeto que est\u00e1 sob a responsabilidade do vice-presidente da C\u00e2mara Legislativa, Rodrigo Delmasso (PRB).<\/p>\n<p>&nbsp;<\/p>\n<p>O prazo de conclus\u00e3o da obra \u00e9 de 25 dias. At\u00e9 o fim do recesso, a C\u00e2mara vai fazer uma adapta\u00e7\u00e3o para que as sess\u00f5es ocorram temporariamente no audit\u00f3rio. Mas essa obra tamb\u00e9m leva ainda 10 dias, segundo Rob\u00e9rio.<\/p>\n<p>&nbsp;<\/p>\n<p>Ibaneis se re\u00fane hoje (16\/01) com os deputados distritais no Pal\u00e1cio do Buriti para explicar a urg\u00eancia da vota\u00e7\u00e3o dos projetos. O governador tem pressa em adotar medidas positivas com impacto para a popula\u00e7\u00e3o.<\/p>\n<p>&nbsp;<\/p>\n<p>Entre os projetos na pauta, est\u00e3o a amplia\u00e7\u00e3o do modelo de gest\u00e3o do Instituto Hospital de Base para outras unidades de sa\u00fade; a cria\u00e7\u00e3o de gratifica\u00e7\u00e3o para policiais e a implanta\u00e7\u00e3o de tr\u00eas novas regi\u00f5es administrativas.<\/p>\n<p>&nbsp;<\/p>\n<p>Mas a resist\u00eancia \u00e0 convoca\u00e7\u00e3o extraordin\u00e1ria entre deputados \u00e9 grande.<\/p>\n<p>&nbsp;<\/p>\n<p><a href=\"https:\/\/blogs2.correiobraziliense.com.br\/cbpoder\/wp-content\/uploads\/sites\/5\/2019\/01\/FABDD5B5-45DB-455B-AB76-2386FF243BEF-e1547653754418.jpeg\"><img loading=\"lazy\" decoding=\"async\" class=\"alignnone size-large wp-image-14203\" src=\"https:\/\/blogs2.correiobraziliense.com.br\/cbpoder\/wp-content\/uploads\/sites\/5\/2019\/01\/FABDD5B5-45DB-455B-AB76-2386FF243BEF-1024x768.jpeg\" alt=\"Reforma do plen\u00e1rio da C\u00e2mara Legislativa \" width=\"1024\" height=\"768\" \/><\/a><\/p>\n","protected":false},"excerpt":{"rendered":"<p>ANA MARIA CAMPOS Anunciada pelo governador Ibaneis Rocha (MDB), a convoca\u00e7\u00e3o extraordin\u00e1ria da C\u00e2mara Legislativa neste recesso pode n\u00e3o ocorrer por uma quest\u00e3o pr\u00e1tica. O plen\u00e1rio de vota\u00e7\u00f5es est\u00e1 fechado para reforma. &nbsp; Teve in\u00edcio ontem (15\/01) uma obra de troca do carpete e do cabeamento que, de acordo com o segundo secret\u00e1rio da C\u00e2mara, [&hellip;]<\/p>\n","protected":false},"author":9,"featured_media":14204,"comment_status":"open","ping_status":"closed","sticky":false,"template":"","format":"standard","meta":{"wpb_read_more":[],"footnotes":""},"categories":[234],"tags":[70,1691,917,235,618],"class_list":["post-14201","post","type-post","status-publish","format-standard","has-post-thumbnail","hentry","category-cb-poder","tag-camara-legislativa","tag-convocacao-extraordinaria","tag-ibaneis-rocha","tag-reforma","tag-roberio"],"_links":{"self":[{"href":"https:\/\/blogs2.correiobraziliense.com.br\/cbpoder\/wp-json\/wp\/v2\/posts\/14201","targetHints":{"allow":["GET"]}}],"collection":[{"href":"https:\/\/blogs2.correiobraziliense.com.br\/cbpoder\/wp-json\/wp\/v2\/posts"}],"about":[{"href":"https:\/\/blogs2.correiobraziliense.com.br\/cbpoder\/wp-json\/wp\/v2\/types\/post"}],"author":[{"embeddable":true,"href":"https:\/\/blogs2.correiobraziliense.com.br\/cbpoder\/wp-json\/wp\/v2\/users\/9"}],"replies":[{"embeddable":true,"href":"https:\/\/blogs2.correiobraziliense.com.br\/cbpoder\/wp-json\/wp\/v2\/comments?post=14201"}],"version-history":[{"count":1,"href":"https:\/\/blogs2.correiobraziliense.com.br\/cbpoder\/wp-json\/wp\/v2\/posts\/14201\/revisions"}],"predecessor-version":[{"id":14205,"href":"https:\/\/blogs2.correiobraziliense.com.br\/cbpoder\/wp-json\/wp\/v2\/posts\/14201\/revisions\/14205"}],"wp:featuredmedia":[{"embeddable":true,"href":"https:\/\/blogs2.correiobraziliense.com.br\/cbpoder\/wp-json\/wp\/v2\/media\/14204"}],"wp:attachment":[{"href":"https:\/\/blogs2.correiobraziliense.com.br\/cbpoder\/wp-json\/wp\/v2\/media?parent=14201"}],"wp:term":[{"taxonomy":"category","embeddable":true,"href":"https:\/\/blogs2.correiobraziliense.com.br\/cbpoder\/wp-json\/wp\/v2\/categories?post=14201"},{"taxonomy":"post_tag","embeddable":true,"href":"https:\/\/blogs2.correiobraziliense.com.br\/cbpoder\/wp-json\/wp\/v2\/tags?post=14201"}],"curies":[{"name":"wp","href":"https:\/\/api.w.org\/{rel}","templated":true}]}}