{"id":14469,"date":"2019-02-11T09:16:54","date_gmt":"2019-02-11T11:16:54","guid":{"rendered":"https:\/\/blogs2.correiobraziliense.com.br\/cbpoder\/?p=14469"},"modified":"2019-02-11T09:16:54","modified_gmt":"2019-02-11T11:16:54","slug":"flavia-arruda-passe-livre","status":"publish","type":"post","link":"https:\/\/blogs2.correiobraziliense.com.br\/cbpoder\/flavia-arruda-passe-livre\/","title":{"rendered":"&#8216;Excessos e fraudes sangram o sistema&#8217;, diz Fl\u00e1via Arruda sobre passe livre"},"content":{"rendered":"<p><em>Deputada federal Fl\u00e1via Arruda (PR\/DF)<\/em><\/p>\n<blockquote><p>\u201cO governo Arruda criou o passe livre estudantil. Foi um avan\u00e7o. Mas hoje realmente tem excessos e fraudes, que sangram o sistema\u201d<\/p><\/blockquote>\n<p><strong>Como foi a estreia na C\u00e2mara dos Deputados?<br \/>\n<\/strong><br \/>\nEstou muito motivada. O trabalho est\u00e1 s\u00f3 come\u00e7ando, mas sinto uma boa energia. Tenho tido uma \u00f3tima rela\u00e7\u00e3o com deputadas e deputados de todos os estados e de diferentes linhas ideol\u00f3gicas. Tamb\u00e9m tenho procurado aprender com os mais experientes. O conv\u00edvio com a bancada do DF e com a bancada feminina, em particular, est\u00e1 sendo muito positivo.<\/p>\n<p><strong>Votou em Rodrigo Maia (DEM\/RJ) para presidente?<br \/>\n<\/strong><br \/>\nVotei e trabalhei pelo Rodrigo Maia, nosso amigo pessoal e um l\u00edder experiente e equilibrado para conduzir a Casa nessa fase dif\u00edcil e importante para o pa\u00eds. Essa elei\u00e7\u00e3o da mesa diretora tamb\u00e9m teve especial empenho meu em lutar pela vit\u00f3ria da deputada Soraya Santos na primeira secretaria, a primeira mulher a ocupar o cargo na hist\u00f3ria da C\u00e2mara. A for\u00e7a e o protagonismo da bancada feminina ser\u00e3o marcantes nesta legislatura.<\/p>\n<p><strong>Qual a sua avalia\u00e7\u00e3o sobre o projeto anticrime do ministro Sergio Moro?<br \/>\n<\/strong><br \/>\nVamos aguardar chegar o texto definitivo na C\u00e2mara. Algo tem que ser feito para diminuir a criminalidade no Brasil, mas sem retrocesso nos direitos humanos.<\/p>\n<p><strong>Tem alguma medida do pacote que voc\u00ea considere mais importante?<br \/>\n<\/strong><br \/>\nN\u00e3o vou me precipitar. Vamos aguardar o texto oficial e as discuss\u00f5es na C\u00e2mara, que ser\u00e3o muito ricas.<\/p>\n<p><strong>J\u00e1 apresentou seu primeiro projeto de lei?<br \/>\n<\/strong><br \/>\nApresentei os tr\u00eas primeiros: um que define melhor o alimento integral, que visa melhorar o padr\u00e3o alimentar; outro que pro\u00edbe o contigenciamento do Fundo da Crian\u00e7a e do Adolescente; e o que institui o dia nacional de conscientiza\u00e7\u00e3o das doen\u00e7as cr\u00f4nicas, que \u00e9 um campo no qual temos muito para avan\u00e7ar.<\/p>\n<p><strong>Qual \u00e9 a sua opini\u00e3o sobre o projeto Escola sem Partido que ser\u00e1 discutido na C\u00e2mara?<\/strong><\/p>\n<p>Sou favor\u00e1vel a uma escola laica e sem influ\u00eancias pol\u00edticas, mas n\u00e3o concordo com nenhum tipo de patrulhamento sobre os professores. \u00c9 um texto que, na minha vis\u00e3o, merecer\u00e1 ajustes para evitar excessos e qualquer tipo de censura.<\/p>\n<p><strong>Sobre o governo atual, o governador Ibaneis tem acertado ou errado mais?<\/strong><\/p>\n<p>O governador Ibaneis tem uma enorme vontade de fazer, tem trabalhado muito e isso \u00e9 muito positivo. Quem trabalha pode at\u00e9 cometer um ou outro erro, o que \u00e9 muito melhor que a omiss\u00e3o.<\/p>\n<p><strong>Acha justo restringir o passe livre estudantil?<\/strong><\/p>\n<p>O governo Arruda criou o passe livre estudantil. Foi um avan\u00e7o. Mas hoje realmente tem excessos e fraudes, que sangram o sistema e t\u00eam que ser corrigidos. \u00c9 preciso avan\u00e7ar na fiscaliza\u00e7\u00e3o, no atendimento e controle dos benef\u00edcios concedidos ao usu\u00e1rio do transporte p\u00fablico. O Valter (Casimiro) \u00e9 um excelente secret\u00e1rio, j\u00e1 foi ministro e saber\u00e1 buscar as corre\u00e7\u00f5es no sistema.<\/p>\n","protected":false},"excerpt":{"rendered":"<p>Deputada federal Fl\u00e1via Arruda (PR\/DF) \u201cO governo Arruda criou o passe livre estudantil. Foi um avan\u00e7o. Mas hoje realmente tem excessos e fraudes, que sangram o sistema\u201d Como foi a estreia na C\u00e2mara dos Deputados? Estou muito motivada. O trabalho est\u00e1 s\u00f3 come\u00e7ando, mas sinto uma boa energia. Tenho tido uma \u00f3tima rela\u00e7\u00e3o com deputadas [&hellip;]<\/p>\n","protected":false},"author":9,"featured_media":14470,"comment_status":"open","ping_status":"closed","sticky":false,"template":"","format":"standard","meta":{"wpb_read_more":[],"footnotes":""},"categories":[234],"tags":[],"class_list":["post-14469","post","type-post","status-publish","format-standard","has-post-thumbnail","hentry","category-cb-poder"],"_links":{"self":[{"href":"https:\/\/blogs2.correiobraziliense.com.br\/cbpoder\/wp-json\/wp\/v2\/posts\/14469","targetHints":{"allow":["GET"]}}],"collection":[{"href":"https:\/\/blogs2.correiobraziliense.com.br\/cbpoder\/wp-json\/wp\/v2\/posts"}],"about":[{"href":"https:\/\/blogs2.correiobraziliense.com.br\/cbpoder\/wp-json\/wp\/v2\/types\/post"}],"author":[{"embeddable":true,"href":"https:\/\/blogs2.correiobraziliense.com.br\/cbpoder\/wp-json\/wp\/v2\/users\/9"}],"replies":[{"embeddable":true,"href":"https:\/\/blogs2.correiobraziliense.com.br\/cbpoder\/wp-json\/wp\/v2\/comments?post=14469"}],"version-history":[{"count":1,"href":"https:\/\/blogs2.correiobraziliense.com.br\/cbpoder\/wp-json\/wp\/v2\/posts\/14469\/revisions"}],"predecessor-version":[{"id":14471,"href":"https:\/\/blogs2.correiobraziliense.com.br\/cbpoder\/wp-json\/wp\/v2\/posts\/14469\/revisions\/14471"}],"wp:featuredmedia":[{"embeddable":true,"href":"https:\/\/blogs2.correiobraziliense.com.br\/cbpoder\/wp-json\/wp\/v2\/media\/14470"}],"wp:attachment":[{"href":"https:\/\/blogs2.correiobraziliense.com.br\/cbpoder\/wp-json\/wp\/v2\/media?parent=14469"}],"wp:term":[{"taxonomy":"category","embeddable":true,"href":"https:\/\/blogs2.correiobraziliense.com.br\/cbpoder\/wp-json\/wp\/v2\/categories?post=14469"},{"taxonomy":"post_tag","embeddable":true,"href":"https:\/\/blogs2.correiobraziliense.com.br\/cbpoder\/wp-json\/wp\/v2\/tags?post=14469"}],"curies":[{"name":"wp","href":"https:\/\/api.w.org\/{rel}","templated":true}]}}