{"id":14472,"date":"2019-02-11T16:54:06","date_gmt":"2019-02-11T18:54:06","guid":{"rendered":"https:\/\/blogs2.correiobraziliense.com.br\/cbpoder\/?p=14472"},"modified":"2019-02-11T19:16:45","modified_gmt":"2019-02-11T21:16:45","slug":"ministerio-publico-do-df-pede-a-anulacao-de-posse-do-presidente-da-caesb","status":"publish","type":"post","link":"https:\/\/blogs2.correiobraziliense.com.br\/cbpoder\/ministerio-publico-do-df-pede-a-anulacao-de-posse-do-presidente-da-caesb\/","title":{"rendered":"Minist\u00e9rio P\u00fablico do DF pede a anula\u00e7\u00e3o de posse do presidente da Caesb"},"content":{"rendered":"<h5>ANA MARIA CAMPOS<\/h5>\n<p>O Minist\u00e9rio P\u00fablico do Distrito Federal e Territ\u00f3rios (MPDFT) ajuizou hoje (11\/02) uma a\u00e7\u00e3o civil p\u00fablica que pede a nulidade da posse de Fernando Leite como presidente da Companhia de Saneamento Ambiental do Distrito Federal (Caesb).<\/p>\n<p>&nbsp;<\/p>\n<p>O argumento \u00e9 de que Leite foi condenado por ato de improbidade administrativa em a\u00e7\u00e3o que transitou em julgado em 22 de setembro de 2016, por contrato sem licita\u00e7\u00e3o na \u00e1rea de publicidade, durante gest\u00e3o anterior como presidente da Caesb, em 2003. A contrata\u00e7\u00e3o ocorreu em desacordo a uma decis\u00e3o do Tribunal de Contas do DF.<\/p>\n<p>&nbsp;<\/p>\n<p>Na senten\u00e7a da 6\u00aa Vara de Fazenda, confirmada pela 2\u00aa Turma C\u00edvel do Tribunal de Justi\u00e7a do DF, Fernando Leite foi condenado \u00e0 perda da fun\u00e7\u00e3o, ao pagamento de multa correspondente a tr\u00eas vezes a sua remunera\u00e7\u00e3o, \u00e0 suspens\u00e3o dos direitos pol\u00edticos e ficou impedido de firmar contratos com o Poder P\u00fablico pelo per\u00edodo de tr\u00eas anos. O prazo se encerra em setembro de 2019.<\/p>\n<p>&nbsp;<\/p>\n<p>Segundo o MPDFT, a posse foi ilegal por contrariar norma interna da Caesb e a decis\u00e3o judicial da qual n\u00e3o cabem mais recursos. A a\u00e7\u00e3o \u00e9 assinada pelos promotores de Justi\u00e7a Eduardo Gazzinelli Veloso, Alexandre Fernandes Gon\u00e7alves, Lenna Nunes Daher e Alexandre Sales de Paula e Souza, da Promotoria de Defesa do Patrim\u00f4nio P\u00fablico e Social (Prodep).<\/p>\n<p>&nbsp;<\/p>\n<p>A nomea\u00e7\u00e3o de Fernando Leite foi aprovada em reuni\u00e3o extraordin\u00e1ria do Conselho de Administra\u00e7\u00e3o da Caesb, em 8 de janeiro, por indica\u00e7\u00e3o do governador Ibaneis Rocha (MDB).<\/p>\n<p>&nbsp;<\/p>\n<p>Na a\u00e7\u00e3o civil p\u00fablica, os promotores pedem a tutela antecipada, ou seja, que a posse seja suspensa por meio de uma liminar at\u00e9 que o m\u00e9rito seja julgado.<\/p>\n<p>&nbsp;<\/p>\n<p><strong>OUTRO LADO<\/strong><\/p>\n<p>Em nota, a Caesb informa que desconhece a a\u00e7\u00e3o civil p\u00fablica que pede a nulidade da posse do presidente da Caesb, Fernando Leite.\u00a0\u00a0<u><\/u><u><\/u>Em dezembro de 2018, a Casa Civil do Governo de Transi\u00e7\u00e3o fez an\u00e1lise pr\u00e9via de todos os documentos, certid\u00f5es e requisitos exigidos pela Lei 13.303 de 2016.\u00a0<u><\/u><u><\/u>Posteriormente, o nome de Fernando Leite foi aprovado pelo Comit\u00ea de Ilegibilidade da Caesb, que tamb\u00e9m analisou todos os documentos e requisitos antes de validar a indica\u00e7\u00e3o.<u><\/u><u><\/u><\/p>\n<p>A Caesb est\u00e1 aguardando a eventual intima\u00e7\u00e3o e cita\u00e7\u00e3o para se manifestar.<\/p>\n<p>&nbsp;<\/p>\n<p>&nbsp;<\/p>\n","protected":false},"excerpt":{"rendered":"<p>ANA MARIA CAMPOS O Minist\u00e9rio P\u00fablico do Distrito Federal e Territ\u00f3rios (MPDFT) ajuizou hoje (11\/02) uma a\u00e7\u00e3o civil p\u00fablica que pede a nulidade da posse de Fernando Leite como presidente da Companhia de Saneamento Ambiental do Distrito Federal (Caesb). &nbsp; O argumento \u00e9 de que Leite foi condenado por ato de improbidade administrativa em a\u00e7\u00e3o [&hellip;]<\/p>\n","protected":false},"author":9,"featured_media":14473,"comment_status":"open","ping_status":"closed","sticky":false,"template":"","format":"standard","meta":{"wpb_read_more":[],"footnotes":""},"categories":[234],"tags":[175,1724,800,262],"class_list":["post-14472","post","type-post","status-publish","format-standard","has-post-thumbnail","hentry","category-cb-poder","tag-caesb","tag-fernando-leite","tag-ministerio-publico-do-df","tag-posse"],"_links":{"self":[{"href":"https:\/\/blogs2.correiobraziliense.com.br\/cbpoder\/wp-json\/wp\/v2\/posts\/14472","targetHints":{"allow":["GET"]}}],"collection":[{"href":"https:\/\/blogs2.correiobraziliense.com.br\/cbpoder\/wp-json\/wp\/v2\/posts"}],"about":[{"href":"https:\/\/blogs2.correiobraziliense.com.br\/cbpoder\/wp-json\/wp\/v2\/types\/post"}],"author":[{"embeddable":true,"href":"https:\/\/blogs2.correiobraziliense.com.br\/cbpoder\/wp-json\/wp\/v2\/users\/9"}],"replies":[{"embeddable":true,"href":"https:\/\/blogs2.correiobraziliense.com.br\/cbpoder\/wp-json\/wp\/v2\/comments?post=14472"}],"version-history":[{"count":3,"href":"https:\/\/blogs2.correiobraziliense.com.br\/cbpoder\/wp-json\/wp\/v2\/posts\/14472\/revisions"}],"predecessor-version":[{"id":14480,"href":"https:\/\/blogs2.correiobraziliense.com.br\/cbpoder\/wp-json\/wp\/v2\/posts\/14472\/revisions\/14480"}],"wp:featuredmedia":[{"embeddable":true,"href":"https:\/\/blogs2.correiobraziliense.com.br\/cbpoder\/wp-json\/wp\/v2\/media\/14473"}],"wp:attachment":[{"href":"https:\/\/blogs2.correiobraziliense.com.br\/cbpoder\/wp-json\/wp\/v2\/media?parent=14472"}],"wp:term":[{"taxonomy":"category","embeddable":true,"href":"https:\/\/blogs2.correiobraziliense.com.br\/cbpoder\/wp-json\/wp\/v2\/categories?post=14472"},{"taxonomy":"post_tag","embeddable":true,"href":"https:\/\/blogs2.correiobraziliense.com.br\/cbpoder\/wp-json\/wp\/v2\/tags?post=14472"}],"curies":[{"name":"wp","href":"https:\/\/api.w.org\/{rel}","templated":true}]}}