{"id":14600,"date":"2019-02-19T11:09:17","date_gmt":"2019-02-19T14:09:17","guid":{"rendered":"https:\/\/blogs2.correiobraziliense.com.br\/cbpoder\/?p=14600"},"modified":"2019-02-19T11:42:24","modified_gmt":"2019-02-19T14:42:24","slug":"ibaneis-anuncia-reajuste-da-policia-civil-em-seis-parcelas-ate-2021","status":"publish","type":"post","link":"https:\/\/blogs2.correiobraziliense.com.br\/cbpoder\/ibaneis-anuncia-reajuste-da-policia-civil-em-seis-parcelas-ate-2021\/","title":{"rendered":"Ibaneis anuncia reajuste da Pol\u00edcia Civil em seis parcelas at\u00e9 2021"},"content":{"rendered":"<h5>ANA MARIA CAMPOS<\/h5>\n<p>O governador Ibaneis Rocha (MDB) anunciou nesta manh\u00e3 (19\/02) a proposta de reajuste para a Pol\u00edcia Civil do DF. Ser\u00e1 em seis parcelas, sendo duas anuais, em abril e setembro de cada ano. No primeiro ano, cada parcela ser\u00e1 de 5%.<\/p>\n<p>&nbsp;<\/p>\n<p>Em 2020, o reajuste ser\u00e1 de 13% em duas parcelas e, em 2021, o restante para chegar a 37%, percentual que iguala os sal\u00e1rios dos policiais civis aos da Pol\u00edcia Federal. \u201cIsso n\u00e3o impede que havendo um incremento de arrecada\u00e7\u00e3o, uma melhoria, que a gente possa antecipar essas parcelas\u201d, disse Ibaneis.<\/p>\n<p>&nbsp;<\/p>\n<p>O an\u00fancio ocorreu durante solenidade de entrega de novas viaturas da Pol\u00edcia Civil do DF, com a presen\u00e7a de policiais civis e representantes dos sindicatos da categoria.<\/p>\n<p>&nbsp;<\/p>\n<p>O impacto neste ano ser\u00e1 de R$ 96 milh\u00f5es, segundo o secret\u00e1rio de Fazenda, Or\u00e7amento e Gest\u00e3o, Andr\u00e9 Clemente. Os percentuais de 2020 e 2021 est\u00e3o sendo calculados pela equipe t\u00e9cnica para que Ibaneis possa encaminhar a mensagem ao governo federal, j\u00e1 que o reajuste precisa ser autorizado pelo Congresso Nacional.<\/p>\n<p>&nbsp;<\/p>\n<p>Nos pr\u00f3ximos dias, o governador deve anunciar tamb\u00e9m o reajuste da Pol\u00edcia Militar e do Corpo de Bombeiros.<\/p>\n","protected":false},"excerpt":{"rendered":"<p>ANA MARIA CAMPOS O governador Ibaneis Rocha (MDB) anunciou nesta manh\u00e3 (19\/02) a proposta de reajuste para a Pol\u00edcia Civil do DF. Ser\u00e1 em seis parcelas, sendo duas anuais, em abril e setembro de cada ano. No primeiro ano, cada parcela ser\u00e1 de 5%. &nbsp; Em 2020, o reajuste ser\u00e1 de 13% em duas parcelas [&hellip;]<\/p>\n","protected":false},"author":9,"featured_media":14383,"comment_status":"open","ping_status":"closed","sticky":false,"template":"","format":"standard","meta":{"wpb_read_more":[],"footnotes":""},"categories":[234],"tags":[467,102],"class_list":["post-14600","post","type-post","status-publish","format-standard","has-post-thumbnail","hentry","category-cb-poder","tag-paridade","tag-policia-civil"],"_links":{"self":[{"href":"https:\/\/blogs2.correiobraziliense.com.br\/cbpoder\/wp-json\/wp\/v2\/posts\/14600","targetHints":{"allow":["GET"]}}],"collection":[{"href":"https:\/\/blogs2.correiobraziliense.com.br\/cbpoder\/wp-json\/wp\/v2\/posts"}],"about":[{"href":"https:\/\/blogs2.correiobraziliense.com.br\/cbpoder\/wp-json\/wp\/v2\/types\/post"}],"author":[{"embeddable":true,"href":"https:\/\/blogs2.correiobraziliense.com.br\/cbpoder\/wp-json\/wp\/v2\/users\/9"}],"replies":[{"embeddable":true,"href":"https:\/\/blogs2.correiobraziliense.com.br\/cbpoder\/wp-json\/wp\/v2\/comments?post=14600"}],"version-history":[{"count":3,"href":"https:\/\/blogs2.correiobraziliense.com.br\/cbpoder\/wp-json\/wp\/v2\/posts\/14600\/revisions"}],"predecessor-version":[{"id":14603,"href":"https:\/\/blogs2.correiobraziliense.com.br\/cbpoder\/wp-json\/wp\/v2\/posts\/14600\/revisions\/14603"}],"wp:featuredmedia":[{"embeddable":true,"href":"https:\/\/blogs2.correiobraziliense.com.br\/cbpoder\/wp-json\/wp\/v2\/media\/14383"}],"wp:attachment":[{"href":"https:\/\/blogs2.correiobraziliense.com.br\/cbpoder\/wp-json\/wp\/v2\/media?parent=14600"}],"wp:term":[{"taxonomy":"category","embeddable":true,"href":"https:\/\/blogs2.correiobraziliense.com.br\/cbpoder\/wp-json\/wp\/v2\/categories?post=14600"},{"taxonomy":"post_tag","embeddable":true,"href":"https:\/\/blogs2.correiobraziliense.com.br\/cbpoder\/wp-json\/wp\/v2\/tags?post=14600"}],"curies":[{"name":"wp","href":"https:\/\/api.w.org\/{rel}","templated":true}]}}