{"id":14604,"date":"2019-02-19T15:18:30","date_gmt":"2019-02-19T18:18:30","guid":{"rendered":"https:\/\/blogs2.correiobraziliense.com.br\/cbpoder\/?p=14604"},"modified":"2019-02-20T00:17:56","modified_gmt":"2019-02-20T03:17:56","slug":"e-inviavel-ter-um-presidio-federal-na-capital-diz-ibaneis-em-almoco-com-empresarios","status":"publish","type":"post","link":"https:\/\/blogs2.correiobraziliense.com.br\/cbpoder\/e-inviavel-ter-um-presidio-federal-na-capital-diz-ibaneis-em-almoco-com-empresarios\/","title":{"rendered":"\u201c\u00c9 invi\u00e1vel ter um pres\u00eddio federal na capital&#8221;, diz Ibaneis, em almo\u00e7o com empres\u00e1rios"},"content":{"rendered":"<p>Ap\u00f3s a transfer\u00eancia de l\u00edderes do PCC para Distrito Federal, o governador Ibaneis Rocha (MDB) anunciou, nesta ter\u00e7a-feira (19\/01), que negociar\u00e1 com o Pal\u00e1cio do Planalto a transforma\u00e7\u00e3o da Penitenci\u00e1ria Federal de Bras\u00edlia, apta a receber presos de alta periculosidade de todo o Brasil, em uma unidade prisional distrital. \u201c\u00c9 invi\u00e1vel ter um pres\u00eddio federal na capital da Rep\u00fablica, principalmente dentro de uma estrutura onde h\u00e1 um entorno com inseguran\u00e7a e pobreza muito grandes. Isso vem contra tudo que se chama de seguran\u00e7a. Inclusive para as autoridades que vivem aqui\u201d, disse.<\/p>\n<p>&nbsp;<\/p>\n<p>O governador pretende usar o espa\u00e7o, constru\u00eddo com recurso da Uni\u00e3o e vinculado ao Minist\u00e9rio da Justi\u00e7a, para abrigar somente os presos mais violentos de Bras\u00edlia. \u201cA ideia \u00e9 termos uma estrutura prisional a mais para cuidar deles\u201d, complementou.\u00a0Ibaneis contou, ainda, que, antes da transfer\u00eancia das lideran\u00e7as do PCC para a capital, realizada na \u00faltima semana, recebeu uma liga\u00e7\u00e3o do ministro da Justi\u00e7a, S\u00e9rgio Moro. Na conversa, o governador disse ter assinalado que n\u00e3o concordou com a investida e salientou que a responsabilidade pela seguran\u00e7a no local era do governo federal.<\/p>\n<p>&nbsp;<\/p>\n<p><strong>Setor produtivo<\/strong><\/p>\n<p>As declara\u00e7\u00f5es ocorreram durante um almo\u00e7o do Grupo de L\u00edderes Empresariais (Lide), cujo foco recaiu sobre a gera\u00e7\u00e3o de empregos, o lan\u00e7amento de obras p\u00fablicas e a desburocratiza\u00e7\u00e3o dos processos para a abertura de empresas.\u00a0Em resposta \u00e0s perguntas de empres\u00e1rios, Ibaneis falou sobre um tema delicado: a ativa\u00e7\u00e3o do Centro Administrativo de Bras\u00edlia (Centrad), uma estrutura de custo bilion\u00e1rio localizada em Taguatinga, que nunca chegou a funcionar em raz\u00e3o de suspeitas de superfaturamento.<\/p>\n<p>&nbsp;<\/p>\n<p>Desde a transi\u00e7\u00e3o, o GDF negocia com a Caixa Econ\u00f4mica Federal e o Banco Santander, respons\u00e1veis pelo financiamento da obra, al\u00e9m das empresas do cons\u00f3rcio executor, integrado pela Odebrecht e Via Engenharia. A ideia do Pal\u00e1cio do Buriti \u00e9 comprar o espa\u00e7o, constru\u00eddo por uma Parceria P\u00fablico-Privada (PPP). No local, seria abrigada parte da administra\u00e7\u00e3o p\u00fablica.<\/p>\n<p>&nbsp;<\/p>\n<p>De acordo com o governador, o acerto enfrenta resist\u00eancia das empresas. Ele afirmou que deu o prazo de 28 de fevereiro para a Caixa viabilizar o acordo com a Odebrecht e a Via. Caso n\u00e3o haja consenso, um decreto de interven\u00e7\u00e3o ser\u00e1 publicado em 1\u00b0 de mar\u00e7o, e o Executivo local ocupar\u00e1 o Centrad. \u201cEu insisto na via da negocia\u00e7\u00e3o. Mas temos todos os instrumentos legais que nos permitem ocupar o pr\u00e9dio, que \u00e9 o DF\u201d, alegou. E completou: \u201cMas acredito que as empresas est\u00e3o come\u00e7ando a ter sensibilidade. Tive not\u00edcia pelos advogados que v\u00e3o propor uma redu\u00e7\u00e3o significativa do valor que est\u00e3o cobrando\u201d.<\/p>\n<p>&nbsp;<\/p>\n<p>Para receber parte da administra\u00e7\u00e3o p\u00fablica, no entanto, o espa\u00e7o precisa de reformas, al\u00e9m do mobili\u00e1rio. Ibaneis alegou que a quest\u00e3o n\u00e3o ser\u00e1 um empecilho. \u201cTemos recursos. S\u00e3o R$ 300 milh\u00f5es para comprar os m\u00f3veis. E falta 8% das obras, o que equivale ao valor de R$ 4 milh\u00f5es a R$ 5 milh\u00f5es. Al\u00e9m do mais, nada disso impede a ocupa\u00e7\u00e3o parcial\u201d, pontuou.<\/p>\n","protected":false},"excerpt":{"rendered":"<p>Ap\u00f3s a transfer\u00eancia de l\u00edderes do PCC para Distrito Federal, o governador Ibaneis Rocha (MDB) anunciou, nesta ter\u00e7a-feira (19\/01), que negociar\u00e1 com o Pal\u00e1cio do Planalto a transforma\u00e7\u00e3o da Penitenci\u00e1ria Federal de Bras\u00edlia, apta a receber presos de alta periculosidade de todo o Brasil, em uma unidade prisional distrital. \u201c\u00c9 invi\u00e1vel ter um pres\u00eddio federal [&hellip;]<\/p>\n","protected":false},"author":90,"featured_media":14605,"comment_status":"open","ping_status":"closed","sticky":false,"template":"","format":"standard","meta":{"wpb_read_more":[],"footnotes":""},"categories":[234],"tags":[],"class_list":["post-14604","post","type-post","status-publish","format-standard","has-post-thumbnail","hentry","category-cb-poder"],"_links":{"self":[{"href":"https:\/\/blogs2.correiobraziliense.com.br\/cbpoder\/wp-json\/wp\/v2\/posts\/14604","targetHints":{"allow":["GET"]}}],"collection":[{"href":"https:\/\/blogs2.correiobraziliense.com.br\/cbpoder\/wp-json\/wp\/v2\/posts"}],"about":[{"href":"https:\/\/blogs2.correiobraziliense.com.br\/cbpoder\/wp-json\/wp\/v2\/types\/post"}],"author":[{"embeddable":true,"href":"https:\/\/blogs2.correiobraziliense.com.br\/cbpoder\/wp-json\/wp\/v2\/users\/90"}],"replies":[{"embeddable":true,"href":"https:\/\/blogs2.correiobraziliense.com.br\/cbpoder\/wp-json\/wp\/v2\/comments?post=14604"}],"version-history":[{"count":4,"href":"https:\/\/blogs2.correiobraziliense.com.br\/cbpoder\/wp-json\/wp\/v2\/posts\/14604\/revisions"}],"predecessor-version":[{"id":14616,"href":"https:\/\/blogs2.correiobraziliense.com.br\/cbpoder\/wp-json\/wp\/v2\/posts\/14604\/revisions\/14616"}],"wp:featuredmedia":[{"embeddable":true,"href":"https:\/\/blogs2.correiobraziliense.com.br\/cbpoder\/wp-json\/wp\/v2\/media\/14605"}],"wp:attachment":[{"href":"https:\/\/blogs2.correiobraziliense.com.br\/cbpoder\/wp-json\/wp\/v2\/media?parent=14604"}],"wp:term":[{"taxonomy":"category","embeddable":true,"href":"https:\/\/blogs2.correiobraziliense.com.br\/cbpoder\/wp-json\/wp\/v2\/categories?post=14604"},{"taxonomy":"post_tag","embeddable":true,"href":"https:\/\/blogs2.correiobraziliense.com.br\/cbpoder\/wp-json\/wp\/v2\/tags?post=14604"}],"curies":[{"name":"wp","href":"https:\/\/api.w.org\/{rel}","templated":true}]}}