{"id":14860,"date":"2019-03-27T20:47:07","date_gmt":"2019-03-27T23:47:07","guid":{"rendered":"https:\/\/blogs2.correiobraziliense.com.br\/cbpoder\/?p=14860"},"modified":"2019-03-27T20:50:04","modified_gmt":"2019-03-27T23:50:04","slug":"apos-derrota-no-tcu-ibaneis-diz-que-nao-ha-data-para-tratar-de-reajustes-a-servidores","status":"publish","type":"post","link":"https:\/\/blogs2.correiobraziliense.com.br\/cbpoder\/apos-derrota-no-tcu-ibaneis-diz-que-nao-ha-data-para-tratar-de-reajustes-a-servidores\/","title":{"rendered":"Ap\u00f3s derrota no TCU, Ibaneis diz que n\u00e3o h\u00e1 data para tratar de reajustes a servidores"},"content":{"rendered":"<p><span style=\"font-family: Utopia, sans-serif\"><span style=\"font-size: small\">Com um rombo de R$ 12 bilh\u00f5es herdado de gest\u00f5es anteriores \u2014 somados os d\u00e9bitos dos \u00f3rg\u00e3os do Executivo local e das empresas p\u00fablicas vinculadas ao DF \u2014, o governador Ibaneis Rocha (MDB) falava na inviabilidade de conceder novos aumentos ao funcionalismo local neste ano. Por\u00e9m, ainda cogitava negociar o pagamento, de forma parcelada, da terceira parcela do reajuste garantido por Agnelo Queiroz (PT), pendente desde 2015. Com a decis\u00e3o do Tribunal de Contas da Uni\u00e3o (TCU), que acrescenta mais R$ 10 bilh\u00f5es \u00e0s d\u00edvidas da capital, entretanto, o chefe do Pal\u00e1cio do Buriti disse que n\u00e3o h\u00e1 sequer uma data para revisitar os assuntos.<\/span><\/span><\/p>\n<p><span style=\"font-family: Utopia, sans-serif\"><span style=\"font-size: small\">Em entrevista ao programa\u00a0<i>\u00c9 Not\u00edcia<\/i>, da Rede TV, transmitido na madrugada desta quarta-feira (27), Ibaneis havia dito que \u201cAgnelo desestruturou as contas do DF a partir da concess\u00e3o de reajustes sem qualquer crit\u00e9rio\u201d e lembrou que a maior parte da receita da capital estava comprometida pela folha de pagamento do funcionalismo.<\/span><\/span><\/p>\n<p><span style=\"font-family: Utopia, sans-serif\"><span style=\"font-size: small\">O chefe do Buriti disse sofrer uma grande press\u00e3o dos servidores que \u201cquerem cada vez mais\u201d. \u201cJ\u00e1 deixei bem claro: n\u00e3o vou dar reajuste para ningu\u00e9m neste ano. N\u00e3o existe essa possibilidade\u201d, cravou. O emedebista, entretanto, reconheceu a d\u00edvida existente com os servidores. \u201cEles t\u00eam uma terceira parcela do reajuste em aberto. H\u00e1 v\u00e1rios processos judiciais transitados em julgado que determinam o pagamento. Ent\u00e3o, quero fazer um escalonamento com todas as categorias para que a gente comece a quitar o passivo\u201d, complementou.<\/span><\/span><\/p>\n<p><span style=\"font-family: Utopia, sans-serif\"><span style=\"font-size: small\">Ap\u00f3s a derrota no TCU, que acarreta uma queda de R$ 700 milh\u00f5es na arrecada\u00e7\u00e3o, por\u00e9m, Ibaneis descartou conduzir a negocia\u00e7\u00e3o neste momento. \u201cPrimeiro, precisamos reverter no STF essa decis\u00e3o, que foi dur\u00edssima para o DF. S\u00f3 depois disso, teremos condi\u00e7\u00f5es de fazer promessas \u00e0s categorias. N\u00e3o h\u00e1 como pensar em reajustes nesse momento\u201d, afirmou o governador, que prometeu diversos aumentos e a valoriza\u00e7\u00e3o do servidor durante a corrida pelo Buriti.<\/span><\/span><\/p>\n","protected":false},"excerpt":{"rendered":"<p>Com um rombo de R$ 12 bilh\u00f5es herdado de gest\u00f5es anteriores \u2014 somados os d\u00e9bitos dos \u00f3rg\u00e3os do Executivo local e das empresas p\u00fablicas vinculadas ao DF \u2014, o governador Ibaneis Rocha (MDB) falava na inviabilidade de conceder novos aumentos ao funcionalismo local neste ano. Por\u00e9m, ainda cogitava negociar o pagamento, de forma parcelada, da [&hellip;]<\/p>\n","protected":false},"author":90,"featured_media":14198,"comment_status":"open","ping_status":"closed","sticky":false,"template":"","format":"standard","meta":{"wpb_read_more":[],"footnotes":""},"categories":[234],"tags":[1020,917,288,271],"class_list":["post-14860","post","type-post","status-publish","format-standard","has-post-thumbnail","hentry","category-cb-poder","tag-funcionalismo","tag-ibaneis-rocha","tag-reajuste","tag-servidores"],"_links":{"self":[{"href":"https:\/\/blogs2.correiobraziliense.com.br\/cbpoder\/wp-json\/wp\/v2\/posts\/14860","targetHints":{"allow":["GET"]}}],"collection":[{"href":"https:\/\/blogs2.correiobraziliense.com.br\/cbpoder\/wp-json\/wp\/v2\/posts"}],"about":[{"href":"https:\/\/blogs2.correiobraziliense.com.br\/cbpoder\/wp-json\/wp\/v2\/types\/post"}],"author":[{"embeddable":true,"href":"https:\/\/blogs2.correiobraziliense.com.br\/cbpoder\/wp-json\/wp\/v2\/users\/90"}],"replies":[{"embeddable":true,"href":"https:\/\/blogs2.correiobraziliense.com.br\/cbpoder\/wp-json\/wp\/v2\/comments?post=14860"}],"version-history":[{"count":2,"href":"https:\/\/blogs2.correiobraziliense.com.br\/cbpoder\/wp-json\/wp\/v2\/posts\/14860\/revisions"}],"predecessor-version":[{"id":14862,"href":"https:\/\/blogs2.correiobraziliense.com.br\/cbpoder\/wp-json\/wp\/v2\/posts\/14860\/revisions\/14862"}],"wp:featuredmedia":[{"embeddable":true,"href":"https:\/\/blogs2.correiobraziliense.com.br\/cbpoder\/wp-json\/wp\/v2\/media\/14198"}],"wp:attachment":[{"href":"https:\/\/blogs2.correiobraziliense.com.br\/cbpoder\/wp-json\/wp\/v2\/media?parent=14860"}],"wp:term":[{"taxonomy":"category","embeddable":true,"href":"https:\/\/blogs2.correiobraziliense.com.br\/cbpoder\/wp-json\/wp\/v2\/categories?post=14860"},{"taxonomy":"post_tag","embeddable":true,"href":"https:\/\/blogs2.correiobraziliense.com.br\/cbpoder\/wp-json\/wp\/v2\/tags?post=14860"}],"curies":[{"name":"wp","href":"https:\/\/api.w.org\/{rel}","templated":true}]}}