{"id":15115,"date":"2019-04-24T20:15:16","date_gmt":"2019-04-24T23:15:16","guid":{"rendered":"https:\/\/blogs2.correiobraziliense.com.br\/cbpoder\/?p=15115"},"modified":"2019-04-24T20:23:38","modified_gmt":"2019-04-24T23:23:38","slug":"ex-advogado-geral-da-uniao-contesta-versao-de-que-ibaneis-exagerou-na-bebida-durante-voo-para-portugal","status":"publish","type":"post","link":"https:\/\/blogs2.correiobraziliense.com.br\/cbpoder\/ex-advogado-geral-da-uniao-contesta-versao-de-que-ibaneis-exagerou-na-bebida-durante-voo-para-portugal\/","title":{"rendered":"Ex-advogado-geral da Uni\u00e3o contesta vers\u00e3o de que Ibaneis exagerou na bebida durante voo para Portugal"},"content":{"rendered":"<h5>ANA MARIA CAMPOS<\/h5>\n<p>Desde a \u00faltima quarta-feira (23\/04), circula em grupos de WhatsApp uma mat\u00e9ria sobre a viagem do governador Ibaneis Rocha (MDB) na classe executiva do voo da TAP para Lisboa, onde esteve at\u00e9 ontem participando do VII F\u00f3rum Jur\u00eddico, promovido pelo IDP. A vers\u00e3o \u00e9 de que Ibaneis bebeu al\u00e9m da conta e provocou constrangimentos entre os passageiros. A hist\u00f3ria foi desmentida pelo ex-advogado-geral da Uni\u00e3o Lu\u00eds In\u00e1cio Adams, que viajou de Bras\u00edlia a Portugal no assento logo atr\u00e1s do governador. &#8220;Isso \u00e9 uma mentira grosseira. N\u00e3o gosto de ser envolvido em mentiras&#8221;, afirmou Adams ao <strong>Correio<\/strong>.<\/p>\n<p>&nbsp;<\/p>\n<p>Adams \u00e9 citado na mat\u00e9ria como uma testemunha do ocorrido. Mas o advogado conta que viu Ibaneis tomando vinho como v\u00e1rios passageiros na sala vip e depois no jantar servido durante o voo, sem qualquer problema. &#8220;Fa\u00e7o quest\u00e3o de reparar a verdade. Ele tamb\u00e9m n\u00e3o estava com um s\u00e9quito de assessores, como foi dito. Estava acompanhado apenas da chefe de gabinete, Kaline Gonzaga Costa.<\/p>\n<p>&nbsp;<\/p>\n<p>Advogado-geral da Uni\u00e3o nos governos de Lula e de Dilma Rousseff, entre 2009 e 2016, Adams afirma que n\u00e3o tem nenhum interesse no caso al\u00e9m de esclarecer o que houve. Ele recebeu v\u00e1rias mensagens pelo celular de pessoas que queriam saber o que, de fato, aconteceu no voo. &#8220;N\u00e3o sou o melhor amigo do governador. N\u00e3o tenho a\u00e7\u00f5es contra o governo e nem contratos com o GDF&#8221;, acrescentou. &#8220;Mas n\u00e3o vi nada de inapropriado. Foi tudo absolutamente normal. Nem vi crise com o comissariado&#8221;, acrescentou.<\/p>\n<p>&nbsp;<\/p>\n<p><strong>O que houve com o governador Ibaneis Rocha no voo de Bras\u00edlia a Portugal no \u00faltimo domingo?<\/strong><\/p>\n<p>N\u00e3o vi nada inapropriado. Foi tudo normal. Nada, absolutamente nada que chamasse a aten\u00e7\u00e3o. No avi\u00e3o, n\u00f3s, passageiros, jantamos, vimos filmes e dormimos. Nada de mais tamb\u00e9m que provocasse a aten\u00e7\u00e3o do comissariado. Foi uma mentira grosseira.<\/p>\n<p>&nbsp;<\/p>\n<p><strong>O governador bebeu al\u00e9m da conta?<\/strong><\/p>\n<p>Eu vi que ele tomou vinho na sala VIP (do aeroporto), como todo quase todo mundo. Depois tomou um pouco durante a refei\u00e7\u00e3o, como \u00e9 natural num voo como esse. Tamb\u00e9m n\u00e3o estava acompanhado de um s\u00e9quito de servidores. Estava apenas com a chefe de gabinete.<\/p>\n<p>&nbsp;<\/p>\n<p><strong>Voc\u00eas estiveram juntos no VII F\u00f3rum Jur\u00eddico de Lisboa?<\/strong><\/p>\n<p>Est\u00e1vamos l\u00e1. Eu tinha a minha agenda e ele, a dele. Fa\u00e7o quest\u00e3o de desmentir a hist\u00f3ria (de que o governador bebeu muito) porque fui citado (na mat\u00e9ria) como testemunha.<\/p>\n<p>&nbsp;<\/p>\n<p><strong>Uma mat\u00e9ria com esse teor repercutiu muito&#8230;<\/strong><\/p>\n<p>Recebi umas 15 mensagens de WhatsApp. Resolvi registrar no site (onde saiu publicada a mat\u00e9ria) a minha discord\u00e2ncia, mas ao fazer isso, precisava publicar a mat\u00e9ria no meu Facebook. Por isso, desisti.<\/p>\n<p>&nbsp;<\/p>\n<p><strong>Voc\u00ea e o governador s\u00e3o advogados. S\u00e3o amigos?<\/strong><\/p>\n<p>N\u00e3o sou amigo do governador Ibaneis. Ele at\u00e9 j\u00e1 fez uma representa\u00e7\u00e3o contra mim \u00e0 Comiss\u00e3o de \u00c9tica P\u00fablica da Presid\u00eancia. Era uma coisa sem import\u00e2ncia, que n\u00e3o avan\u00e7ou e foi arquivada. Mas n\u00e3o somos os melhores amigos. N\u00e3o tenho a\u00e7\u00f5es contra o governo e nem contratos com o GDF. Mas n\u00e3o gosto de ser envolvido em mentiras. Pode-se concordar ou discordar das pessoas, desde que ocorra de maneira \u00e9tica. Por isso, tive necessidade de reparar a verdade.<\/p>\n","protected":false},"excerpt":{"rendered":"<p>ANA MARIA CAMPOS Desde a \u00faltima quarta-feira (23\/04), circula em grupos de WhatsApp uma mat\u00e9ria sobre a viagem do governador Ibaneis Rocha (MDB) na classe executiva do voo da TAP para Lisboa, onde esteve at\u00e9 ontem participando do VII F\u00f3rum Jur\u00eddico, promovido pelo IDP. A vers\u00e3o \u00e9 de que Ibaneis bebeu al\u00e9m da conta e [&hellip;]<\/p>\n","protected":false},"author":9,"featured_media":15119,"comment_status":"open","ping_status":"closed","sticky":false,"template":"","format":"standard","meta":{"wpb_read_more":[],"footnotes":""},"categories":[234],"tags":[966,1774,820],"class_list":["post-15115","post","type-post","status-publish","format-standard","has-post-thumbnail","hentry","category-cb-poder","tag-ibaneis","tag-luis-adams","tag-portugal"],"_links":{"self":[{"href":"https:\/\/blogs2.correiobraziliense.com.br\/cbpoder\/wp-json\/wp\/v2\/posts\/15115","targetHints":{"allow":["GET"]}}],"collection":[{"href":"https:\/\/blogs2.correiobraziliense.com.br\/cbpoder\/wp-json\/wp\/v2\/posts"}],"about":[{"href":"https:\/\/blogs2.correiobraziliense.com.br\/cbpoder\/wp-json\/wp\/v2\/types\/post"}],"author":[{"embeddable":true,"href":"https:\/\/blogs2.correiobraziliense.com.br\/cbpoder\/wp-json\/wp\/v2\/users\/9"}],"replies":[{"embeddable":true,"href":"https:\/\/blogs2.correiobraziliense.com.br\/cbpoder\/wp-json\/wp\/v2\/comments?post=15115"}],"version-history":[{"count":6,"href":"https:\/\/blogs2.correiobraziliense.com.br\/cbpoder\/wp-json\/wp\/v2\/posts\/15115\/revisions"}],"predecessor-version":[{"id":15122,"href":"https:\/\/blogs2.correiobraziliense.com.br\/cbpoder\/wp-json\/wp\/v2\/posts\/15115\/revisions\/15122"}],"wp:featuredmedia":[{"embeddable":true,"href":"https:\/\/blogs2.correiobraziliense.com.br\/cbpoder\/wp-json\/wp\/v2\/media\/15119"}],"wp:attachment":[{"href":"https:\/\/blogs2.correiobraziliense.com.br\/cbpoder\/wp-json\/wp\/v2\/media?parent=15115"}],"wp:term":[{"taxonomy":"category","embeddable":true,"href":"https:\/\/blogs2.correiobraziliense.com.br\/cbpoder\/wp-json\/wp\/v2\/categories?post=15115"},{"taxonomy":"post_tag","embeddable":true,"href":"https:\/\/blogs2.correiobraziliense.com.br\/cbpoder\/wp-json\/wp\/v2\/tags?post=15115"}],"curies":[{"name":"wp","href":"https:\/\/api.w.org\/{rel}","templated":true}]}}