{"id":15123,"date":"2019-04-25T08:49:21","date_gmt":"2019-04-25T11:49:21","guid":{"rendered":"https:\/\/blogs2.correiobraziliense.com.br\/cbpoder\/?p=15123"},"modified":"2019-04-25T08:49:21","modified_gmt":"2019-04-25T11:49:21","slug":"ibaneis-e-rafael-prudente-pedem-dissolucao-do-diretorio-do-mdb-df","status":"publish","type":"post","link":"https:\/\/blogs2.correiobraziliense.com.br\/cbpoder\/ibaneis-e-rafael-prudente-pedem-dissolucao-do-diretorio-do-mdb-df\/","title":{"rendered":"Ibaneis quer tirar de Filippelli o comando do MDB\/DF"},"content":{"rendered":"<h5>EIXO CAPITAL\/ANA MARIA CAMPOS<\/h5>\n<div dir=\"ltr\">Chegou ao fim a boa rela\u00e7\u00e3o pol\u00edtica entre o governador Ibaneis Rocha e o ex-vice-governador Tadeu Filippelli.<\/div>\n<div dir=\"ltr\"><\/div>\n<div dir=\"ltr\">Ibaneis e o presidente da C\u00e2mara Legislativa, Rafael Prudente (MDB), protocolaram um pedido de dissolu\u00e7\u00e3o do diret\u00f3rio regional do partido, sob o comando de Filippelli.<\/div>\n<div dir=\"ltr\"><\/div>\n<div dir=\"ltr\">Ibaneis prega renova\u00e7\u00e3o na legenda e tem em Prudente um dos nomes prov\u00e1veis para assumir as decis\u00f5es do MDB.<\/div>\n<div dir=\"ltr\"><\/div>\n<div dir=\"ltr\">Filippelli soube do processo por interm\u00e9dio do presidente nacional, Romero Juc\u00e1 (RR), na noite de anteontem. \u201cN\u00e3o estou sabendo de nada\u201d, disse Filippelli ao <strong>Correio<\/strong>.<\/div>\n<div dir=\"ltr\"><\/div>\n<div dir=\"ltr\">Ele ligou para Prudente, mas n\u00e3o conseguiu muitos detalhes. H\u00e1 tempos as rela\u00e7\u00f5es entre Ibaneis e Filippelli n\u00e3o v\u00e3o bem. Mas agora come\u00e7ou uma queda de bra\u00e7os p\u00fablica em que um dos dois sair\u00e1 derrotado.<\/div>\n<div class=\"inserted\" dir=\"ltr\"><\/div>\n<div dir=\"ltr\"><\/div>\n<div dir=\"ltr\"><strong>Ben\u00e7\u00e3os de Sarney<\/strong><\/div>\n<div dir=\"ltr\"><\/div>\n<div dir=\"ltr\"><a href=\"https:\/\/blogs2.correiobraziliense.com.br\/cbpoder\/wp-content\/uploads\/sites\/5\/2019\/04\/F3163128-FF01-4317-855B-47C297231019-e1556192582120.jpeg\"><img loading=\"lazy\" decoding=\"async\" class=\"alignnone size-large wp-image-15128\" src=\"https:\/\/blogs2.correiobraziliense.com.br\/cbpoder\/wp-content\/uploads\/sites\/5\/2019\/04\/F3163128-FF01-4317-855B-47C297231019-1024x768.jpeg\" alt=\"Anivers\u00e1rio de Sarney\" width=\"1024\" height=\"768\" \/><\/a><\/div>\n<div dir=\"ltr\"><\/div>\n<div dir=\"ltr\">Em meio ao embate no MDB\/DF, pol\u00edticos do partido estiveram ontem (24\/04) casa de Jos\u00e9 Sarney, na Pen\u00ednsula dos Ministros, para celebrar o anivers\u00e1rio de 89 anos do ex-presidente da Rep\u00fablica.<\/div>\n<div dir=\"ltr\"><\/div>\n<div dir=\"ltr\">Entre os presentes, estava Tadeu Filippelli que conversou ao p\u00e9 do ouvido com muitos correligion\u00e1rios.<\/div>\n<div dir=\"ltr\"><\/div>\n<div dir=\"ltr\">Ele pretendia dar uma passada para um abra\u00e7o. Mas aproveitou a aus\u00eancia do governador Ibaneis Rocha para ficar \u00e0 vontade nas rodas de conversa. Entre os pol\u00edticos do DF, passou por l\u00e1 o ex-governador Jos\u00e9 Roberto Arruda.<\/div>\n<p>&nbsp;<\/p>\n<p>&nbsp;<\/p>\n","protected":false},"excerpt":{"rendered":"<p>EIXO CAPITAL\/ANA MARIA CAMPOS Chegou ao fim a boa rela\u00e7\u00e3o pol\u00edtica entre o governador Ibaneis Rocha e o ex-vice-governador Tadeu Filippelli. Ibaneis e o presidente da C\u00e2mara Legislativa, Rafael Prudente (MDB), protocolaram um pedido de dissolu\u00e7\u00e3o do diret\u00f3rio regional do partido, sob o comando de Filippelli. Ibaneis prega renova\u00e7\u00e3o na legenda e tem em Prudente [&hellip;]<\/p>\n","protected":false},"author":9,"featured_media":15126,"comment_status":"open","ping_status":"closed","sticky":false,"template":"","format":"standard","meta":{"wpb_read_more":[],"footnotes":""},"categories":[234],"tags":[1346,131,966,1415],"class_list":["post-15123","post","type-post","status-publish","format-standard","has-post-thumbnail","hentry","category-cb-poder","tag-eixo-capital","tag-filippelli","tag-ibaneis","tag-mdb"],"_links":{"self":[{"href":"https:\/\/blogs2.correiobraziliense.com.br\/cbpoder\/wp-json\/wp\/v2\/posts\/15123","targetHints":{"allow":["GET"]}}],"collection":[{"href":"https:\/\/blogs2.correiobraziliense.com.br\/cbpoder\/wp-json\/wp\/v2\/posts"}],"about":[{"href":"https:\/\/blogs2.correiobraziliense.com.br\/cbpoder\/wp-json\/wp\/v2\/types\/post"}],"author":[{"embeddable":true,"href":"https:\/\/blogs2.correiobraziliense.com.br\/cbpoder\/wp-json\/wp\/v2\/users\/9"}],"replies":[{"embeddable":true,"href":"https:\/\/blogs2.correiobraziliense.com.br\/cbpoder\/wp-json\/wp\/v2\/comments?post=15123"}],"version-history":[{"count":2,"href":"https:\/\/blogs2.correiobraziliense.com.br\/cbpoder\/wp-json\/wp\/v2\/posts\/15123\/revisions"}],"predecessor-version":[{"id":15129,"href":"https:\/\/blogs2.correiobraziliense.com.br\/cbpoder\/wp-json\/wp\/v2\/posts\/15123\/revisions\/15129"}],"wp:featuredmedia":[{"embeddable":true,"href":"https:\/\/blogs2.correiobraziliense.com.br\/cbpoder\/wp-json\/wp\/v2\/media\/15126"}],"wp:attachment":[{"href":"https:\/\/blogs2.correiobraziliense.com.br\/cbpoder\/wp-json\/wp\/v2\/media?parent=15123"}],"wp:term":[{"taxonomy":"category","embeddable":true,"href":"https:\/\/blogs2.correiobraziliense.com.br\/cbpoder\/wp-json\/wp\/v2\/categories?post=15123"},{"taxonomy":"post_tag","embeddable":true,"href":"https:\/\/blogs2.correiobraziliense.com.br\/cbpoder\/wp-json\/wp\/v2\/tags?post=15123"}],"curies":[{"name":"wp","href":"https:\/\/api.w.org\/{rel}","templated":true}]}}