{"id":15130,"date":"2019-04-25T09:00:00","date_gmt":"2019-04-25T12:00:00","guid":{"rendered":"https:\/\/blogs2.correiobraziliense.com.br\/cbpoder\/?p=15130"},"modified":"2019-04-25T09:00:00","modified_gmt":"2019-04-25T12:00:00","slug":"policia-civil-apura-quem-distribuiu-fake-news-sobre-ibaneis","status":"publish","type":"post","link":"https:\/\/blogs2.correiobraziliense.com.br\/cbpoder\/policia-civil-apura-quem-distribuiu-fake-news-sobre-ibaneis\/","title":{"rendered":"Pol\u00edcia Civil apura quem distribuiu fake news sobre Ibaneis"},"content":{"rendered":"<h5>Eixo Capital\/ANA MARIA CAMPOS<\/h5>\n<div dir=\"ltr\"><strong>Disparos sob investiga\u00e7\u00e3o<\/strong><\/div>\n<div dir=\"ltr\"><\/div>\n<div dir=\"ltr\">A pedido do governo, a Pol\u00edcia Civil do DF investiga quem disparou nas redes de WhatsApp a mat\u00e9ria sobre a viagem do governador Ibaneis Rocha a Lisboa, quando teria chamado a aten\u00e7\u00e3o de passageiros na classe executiva da TAP por excesso de vinho.<\/div>\n<div dir=\"ltr\"><\/div>\n<div dir=\"ltr\">O ex-advogado-geral da Uni\u00e3o, Lu\u00eds Adams, apontado como testemunha do ocorrido, desmente a hist\u00f3ria.<\/div>\n<div dir=\"ltr\"><\/div>\n<div dir=\"ltr\">Mas a mat\u00e9ria viralizou. Muita gente recebeu o texto de v\u00e1rios contatos. Ibaneis ficou bastante irritado e promete acionar a Justi\u00e7a.<\/div>\n<div dir=\"ltr\"><\/div>\n<div dir=\"ltr\"><\/div>\n<div dir=\"ltr\"><strong>Embates do passado<\/strong><\/div>\n<div dir=\"ltr\"><\/div>\n<div dir=\"ltr\"><\/div>\n<div dir=\"ltr\">O ex-advogado-geral da Uni\u00e3o Lu\u00eds Adams, que estava no voo de Bras\u00edlia a Lisboa com Ibaneis Rocha, no \u00faltimo domingo, decidiu contestar publicamente a vers\u00e3o que circulou nos \u00faltimos dias, publicada em um blog da cidade, de que o governador bebeu muito na viagem a Portugal. Mas os dois n\u00e3o s\u00e3o amigos.<\/div>\n<div dir=\"ltr\"><\/div>\n<div dir=\"ltr\">Na presid\u00eancia da OAB\/DF, Ibaneis apresentou em 2013 uma representa\u00e7\u00e3o na Comiss\u00e3o de \u00c9tica P\u00fablica da Presid\u00eancia da Rep\u00fablica com pedido de advert\u00eancia a Adams, ent\u00e3o advogado-geral da Uni\u00e3o.<\/div>\n<div dir=\"ltr\"><\/div>\n<div dir=\"ltr\">O questionamento se referia ao processo de altera\u00e7\u00e3o da Lei Org\u00e2nica da AGU. Mas a demanda n\u00e3o prosperou.<\/div>\n<p>&nbsp;<\/p>\n","protected":false},"excerpt":{"rendered":"<p>Eixo Capital\/ANA MARIA CAMPOS Disparos sob investiga\u00e7\u00e3o A pedido do governo, a Pol\u00edcia Civil do DF investiga quem disparou nas redes de WhatsApp a mat\u00e9ria sobre a viagem do governador Ibaneis Rocha a Lisboa, quando teria chamado a aten\u00e7\u00e3o de passageiros na classe executiva da TAP por excesso de vinho. O ex-advogado-geral da Uni\u00e3o, Lu\u00eds [&hellip;]<\/p>\n","protected":false},"author":9,"featured_media":14146,"comment_status":"open","ping_status":"closed","sticky":false,"template":"","format":"standard","meta":{"wpb_read_more":[],"footnotes":""},"categories":[234],"tags":[1372,966,812,820,1775],"class_list":["post-15130","post","type-post","status-publish","format-standard","has-post-thumbnail","hentry","category-cb-poder","tag-fake-news","tag-ibaneis","tag-pcdf","tag-portugal","tag-voo"],"_links":{"self":[{"href":"https:\/\/blogs2.correiobraziliense.com.br\/cbpoder\/wp-json\/wp\/v2\/posts\/15130","targetHints":{"allow":["GET"]}}],"collection":[{"href":"https:\/\/blogs2.correiobraziliense.com.br\/cbpoder\/wp-json\/wp\/v2\/posts"}],"about":[{"href":"https:\/\/blogs2.correiobraziliense.com.br\/cbpoder\/wp-json\/wp\/v2\/types\/post"}],"author":[{"embeddable":true,"href":"https:\/\/blogs2.correiobraziliense.com.br\/cbpoder\/wp-json\/wp\/v2\/users\/9"}],"replies":[{"embeddable":true,"href":"https:\/\/blogs2.correiobraziliense.com.br\/cbpoder\/wp-json\/wp\/v2\/comments?post=15130"}],"version-history":[{"count":1,"href":"https:\/\/blogs2.correiobraziliense.com.br\/cbpoder\/wp-json\/wp\/v2\/posts\/15130\/revisions"}],"predecessor-version":[{"id":15131,"href":"https:\/\/blogs2.correiobraziliense.com.br\/cbpoder\/wp-json\/wp\/v2\/posts\/15130\/revisions\/15131"}],"wp:featuredmedia":[{"embeddable":true,"href":"https:\/\/blogs2.correiobraziliense.com.br\/cbpoder\/wp-json\/wp\/v2\/media\/14146"}],"wp:attachment":[{"href":"https:\/\/blogs2.correiobraziliense.com.br\/cbpoder\/wp-json\/wp\/v2\/media?parent=15130"}],"wp:term":[{"taxonomy":"category","embeddable":true,"href":"https:\/\/blogs2.correiobraziliense.com.br\/cbpoder\/wp-json\/wp\/v2\/categories?post=15130"},{"taxonomy":"post_tag","embeddable":true,"href":"https:\/\/blogs2.correiobraziliense.com.br\/cbpoder\/wp-json\/wp\/v2\/tags?post=15130"}],"curies":[{"name":"wp","href":"https:\/\/api.w.org\/{rel}","templated":true}]}}