{"id":15137,"date":"2019-04-25T10:37:37","date_gmt":"2019-04-25T13:37:37","guid":{"rendered":"https:\/\/blogs2.correiobraziliense.com.br\/cbpoder\/?p=15137"},"modified":"2019-04-25T10:37:37","modified_gmt":"2019-04-25T13:37:37","slug":"depois-de-criticas-de-ibaneis-dftrans-tera-comite-de-governanca","status":"publish","type":"post","link":"https:\/\/blogs2.correiobraziliense.com.br\/cbpoder\/depois-de-criticas-de-ibaneis-dftrans-tera-comite-de-governanca\/","title":{"rendered":"Depois de cr\u00edticas de Ibaneis, DFTrans ter\u00e1 comit\u00ea de governan\u00e7a"},"content":{"rendered":"<p>Alvo constante de reclama\u00e7\u00f5es dos usu\u00e1rios e criticado at\u00e9 pelo governador Ibaneis Rocha (MDB), o Transporte Urbano do Distrito Federal (DFTrans) ter\u00e1 um Comit\u00ea Interno de Governan\u00e7a (CIG) para melhorar o servi\u00e7o prestado e evitar irregularidades e problemas.<\/p>\n<p>A portaria que institui o novo comit\u00ea foi publicada na edi\u00e7\u00e3o desta quinta-feira (25\/4) do Di\u00e1rio Oficial do DF. Caber\u00e1 ao grupo, que se reunir\u00e1 mensalmente, decidir e propor iniciativas que possam acompanhar os resultados do \u00f3rg\u00e3o e avaliar riscos na gest\u00e3o.<\/p>\n<p>O comit\u00ea ser\u00e1 respons\u00e1vel por identificar tamb\u00e9m erros cometidos pelo \u00f3rg\u00e3o e garantir que o servi\u00e7o disponibilizado seja eficiente e sem preju\u00edzos \u00e0 m\u00e1quina p\u00fablica. Participar\u00e3o do comit\u00ea os diretores da entidade, al\u00e9m dos chefes das assessorias jur\u00eddica e de comunica\u00e7\u00e3o e da controladoria setorial do DFTrans.<\/p>\n<p>A medida vem pouco tempo depois do governador Ibaneis Rocha tecer cr\u00edticas duras ao trabalho do \u00f3rg\u00e3o e afirmar que extinguiria o DFTrans. \u201cS\u00f3 tem dado trabalho e desrespeito \u00e0 popula\u00e7\u00e3o. \u00c9 uma central de corrup\u00e7\u00e3o\u201d, disparou o emedebista, referindo-se a esc\u00e2ndalos envolvendo a autarquia, em 8 de abril. O GDF estuda transferir atribui\u00e7\u00f5es do DFTrans para o BRB e para a Secretaria de Transportes.<\/p>\n<p>As cr\u00edticas, \u00e0 \u00e9poca, foram motivadas tamb\u00e9m por falhas no sistema de bilhetagem que deixaram milhares de usu\u00e1rios sem conseguir usar o vale transporte. \u201cPe\u00e7o paci\u00eancia \u00e0 comunidade, pe\u00e7o desculpas, mas eu recebi o sistema nessa situa\u00e7\u00e3o e vou levar um tempo para solucionar\u201d, justificou Ibaneis, na ocasi\u00e3o.<\/p>\n","protected":false},"excerpt":{"rendered":"<p>Alvo constante de reclama\u00e7\u00f5es dos usu\u00e1rios e criticado at\u00e9 pelo governador Ibaneis Rocha (MDB), o Transporte Urbano do Distrito Federal (DFTrans) ter\u00e1 um Comit\u00ea Interno de Governan\u00e7a (CIG) para melhorar o servi\u00e7o prestado e evitar irregularidades e problemas. A portaria que institui o novo comit\u00ea foi publicada na edi\u00e7\u00e3o desta quinta-feira (25\/4) do Di\u00e1rio Oficial [&hellip;]<\/p>\n","protected":false},"author":75,"featured_media":15138,"comment_status":"open","ping_status":"closed","sticky":false,"template":"","format":"standard","meta":{"wpb_read_more":[],"footnotes":""},"categories":[234],"tags":[],"class_list":["post-15137","post","type-post","status-publish","format-standard","has-post-thumbnail","hentry","category-cb-poder"],"_links":{"self":[{"href":"https:\/\/blogs2.correiobraziliense.com.br\/cbpoder\/wp-json\/wp\/v2\/posts\/15137","targetHints":{"allow":["GET"]}}],"collection":[{"href":"https:\/\/blogs2.correiobraziliense.com.br\/cbpoder\/wp-json\/wp\/v2\/posts"}],"about":[{"href":"https:\/\/blogs2.correiobraziliense.com.br\/cbpoder\/wp-json\/wp\/v2\/types\/post"}],"author":[{"embeddable":true,"href":"https:\/\/blogs2.correiobraziliense.com.br\/cbpoder\/wp-json\/wp\/v2\/users\/75"}],"replies":[{"embeddable":true,"href":"https:\/\/blogs2.correiobraziliense.com.br\/cbpoder\/wp-json\/wp\/v2\/comments?post=15137"}],"version-history":[{"count":1,"href":"https:\/\/blogs2.correiobraziliense.com.br\/cbpoder\/wp-json\/wp\/v2\/posts\/15137\/revisions"}],"predecessor-version":[{"id":15139,"href":"https:\/\/blogs2.correiobraziliense.com.br\/cbpoder\/wp-json\/wp\/v2\/posts\/15137\/revisions\/15139"}],"wp:featuredmedia":[{"embeddable":true,"href":"https:\/\/blogs2.correiobraziliense.com.br\/cbpoder\/wp-json\/wp\/v2\/media\/15138"}],"wp:attachment":[{"href":"https:\/\/blogs2.correiobraziliense.com.br\/cbpoder\/wp-json\/wp\/v2\/media?parent=15137"}],"wp:term":[{"taxonomy":"category","embeddable":true,"href":"https:\/\/blogs2.correiobraziliense.com.br\/cbpoder\/wp-json\/wp\/v2\/categories?post=15137"},{"taxonomy":"post_tag","embeddable":true,"href":"https:\/\/blogs2.correiobraziliense.com.br\/cbpoder\/wp-json\/wp\/v2\/tags?post=15137"}],"curies":[{"name":"wp","href":"https:\/\/api.w.org\/{rel}","templated":true}]}}