{"id":15150,"date":"2019-04-26T07:44:11","date_gmt":"2019-04-26T10:44:11","guid":{"rendered":"https:\/\/blogs2.correiobraziliense.com.br\/cbpoder\/?p=15150"},"modified":"2019-04-26T08:53:38","modified_gmt":"2019-04-26T11:53:38","slug":"preparando-se-para-manifestacoes-na-esplanada-pmdf-compra-grades-e-paineis","status":"publish","type":"post","link":"https:\/\/blogs2.correiobraziliense.com.br\/cbpoder\/preparando-se-para-manifestacoes-na-esplanada-pmdf-compra-grades-e-paineis\/","title":{"rendered":"Preparando-se para manifesta\u00e7\u00f5es na Esplanada, PMDF compra grades e pain\u00e9is"},"content":{"rendered":"<p><strong>Coluna Eixo Capital\/Por Ana Maria Campos<\/strong><\/p>\n<p>Enquanto o Gabinete de Seguran\u00e7a Institucional (GSI) da Presid\u00eancia da Rep\u00fablica e o Minist\u00e9rio da Justi\u00e7a e Seguran\u00e7a P\u00fablica se preparam para as manifesta\u00e7\u00f5es na Esplanada, a Pol\u00edcia Militar do DF tamb\u00e9m se equipa. A corpora\u00e7\u00e3o abriu licita\u00e7\u00e3o para contratar empresa especializada na instala\u00e7\u00e3o, montagem, desmontagem e fornecimento de grades e de pain\u00e9is met\u00e1licos de fechamento de \u00e1rea. Material para utiliza\u00e7\u00e3o em eventos, manifesta\u00e7\u00f5es e outras situa\u00e7\u00f5es que requeiram o emprego da tropa. O custo estimado \u00e9 de R$ 1,4 milh\u00e3o.<\/p>\n<h2><strong>Tempo para buscar aliados<\/strong><\/h2>\n<p>N\u00e3o h\u00e1 prazo determinado para que a Executiva Nacional do MDB avalie o pedido do governador Ibaneis Rocha e do presidente da C\u00e2mara Legislativa, Rafael Prudente (MDB), <a href=\"https:\/\/blogs2.correiobraziliense.com.br\/cbpoder\/ibaneis-e-rafael-prudente-pedem-dissolucao-do-diretorio-do-mdb-df\/\">para dissolu\u00e7\u00e3o do diret\u00f3rio regional do partido<\/a>, hoje sob o comando do ex-vice-governador Tadeu Filippelli. \u201cCabe \u00e0 nacional do partido cuidar da tramita\u00e7\u00e3o\u201d, explica Bruno Rangel, advogado que assina o documento. Enquanto isso, Ibaneis e Filippelli buscam aliados.<\/p>\n<h2><strong>Guerra nas redes<\/strong><\/h2>\n<p>Existe uma campanha contra o procurador da Rep\u00fablica Deltan Dallagnol, chefe da for\u00e7a-tarefa da Lava-Jato em Curitiba, especialmente nas redes sociais. Muitos usam o anonimato para atac\u00e1-lo, ainda mais agora que o Conselho Nacional do Minist\u00e9rio P\u00fablico (CNMP) abriu processo contra ele por ter criticado decis\u00f5es de ministros do Supremo Tribunal Federal (STF). Dallagnol tem se defendido tamb\u00e9m neste campo, mas leva muitas pedradas. Numa postagem, o procurador escreveu: \u201cO trabalho do MPF na Lava-Jato, de novo, \u00e9 t\u00e9cnico, imparcial e apartid\u00e1rio, buscando a responsabiliza\u00e7\u00e3o de quem quer que tenha praticado crimes no contexto do megaesquema de corrup\u00e7\u00e3o na Petrobras\u201d. O ator Jos\u00e9 de Abreu, militante de esquerda e que recentemente se autointitulou presidente do Brasil, rebateu grosseiramente: \u201cVai se f\u2026, babaca. Acha que algu\u00e9m que pensa acredita em voc\u00ea?\u201d<\/p>\n<h2><strong>Fundo Constitucional do DF: assunto perigoso<\/strong><\/h2>\n<p>O financiamento da Regi\u00e3o Metropolitana do DF, cuja amplia\u00e7\u00e3o foi debatida em comiss\u00e3o especial por meio de uma medida provis\u00f3ria, \u00e9 o grande entrave para a cria\u00e7\u00e3o de uma for\u00e7a-conjunta que administre o territ\u00f3rio, formada por Distrito Federal e munic\u00edpios de Goi\u00e1s e Minas Gerais. A movimenta\u00e7\u00e3o \u00e9 perigosa. Pol\u00edticos de v\u00e1rias partes do pa\u00eds est\u00e3o de olho no que consideram um privil\u00e9gio: o repasse federal de mais de R$ 14 bilh\u00f5es, do Fundo Constitucional do DF. Mineiros e goianos queriam que a verba fosse usada para custear as pol\u00edticas p\u00fablicas da Regi\u00e3o Metropolitana. A bancada do Distrito Federal reagiu. Com isso, a MP, editada no ano passado pelo ent\u00e3o presidente Michel Temer, <a href=\"https:\/\/blogs2.correiobraziliense.com.br\/cbpoder\/votacao-e-adiada-e-mp-da-regiao-metropolitana-do-df-deve-caducar\/\">deve caducar<\/a>. Mas o debate continua.<\/p>\n<h2><strong>Ideias para a manuten\u00e7\u00e3o da Regi\u00e3o Metropolitana do DF<\/strong><\/h2>\n<p>A senadora Leila Barros (PSB\/DF) conseguiu 28 assinaturas para protocolar hoje uma PEC que prev\u00ea que os valores arrecadados com o IPVA \u2014 imposto estadual \u2014 e o ITBI \u2014imposto municipal \u2014 sejam revertidos para um fundo constitucional que ser\u00e1 criado para cada Regi\u00e3o Metropolitana. A soma desses encargos, prev\u00ea a PEC, ser\u00e1 o valor que o governo deve contribuir. Em todo o pa\u00eds, existem 27 regi\u00f5es metropolitanas em 19 estados. A medida valeria para os munic\u00edpios de Goi\u00e1s e Minas integrados ao DF. J\u00e1 a deputada Fl\u00e1via Arruda (PR\/DF) prop\u00f4s utilizar parte dos recursos do Fundo do Centro-Oeste (FCO) para financiar projetos na regi\u00e3o.<\/p>\n<h2><strong>CLDF: press\u00e3o para convoca\u00e7\u00e3o de aprovados<\/strong><\/h2>\n<p>Com o apoio de deputados distritais, candidatos aprovados no concurso da C\u00e2mara Legislativa t\u00eam atuado para cobrar a convoca\u00e7\u00e3o de novos servidores. A CLDF nomeou quatro pessoas \u2014 as contrata\u00e7\u00f5es foram de t\u00e9cnicos especializados. A maior parte dos cargos em disputa deve ter o resultado final homologado nos pr\u00f3ximos dias, com o julgamento dos \u00faltimos recursos de provas discursivas. Sem concurso p\u00fablico desde 2005, a C\u00e2mara sofre com a falta de pessoal. Dos 1.054 cargos de servidores efetivos, 494 est\u00e3o vagos. A estimativa \u00e9 de que haja 124 aposentadorias nos pr\u00f3ximos anos. Deputados distritais, servidores e aprovados t\u00eam mantido conversas para tentar recompor os quadros da Casa. Em algumas \u00e1reas, 84% dos cargos est\u00e3o vagos.<\/p>\n<h2><strong>A pergunta que n\u00e3o quer calar\u2026.<\/strong><\/h2>\n<p>Por que os nomes de Lucio Costa e Oscar Niemeyer, os principais arquitetos de Bras\u00edlia, n\u00e3o batizaram nenhum monumento da cidade?<\/p>\n<h2><strong>Emenda para favorecer professoras<\/strong><\/h2>\n<p>O deputado Professor Israel (PV-DF) \u00e9 o \u00fanico representante do DF na Comiss\u00e3o Especial da Reforma da Previd\u00eancia, instalada ontem. O parlamentar vai atuar com duras cr\u00edticas \u00e0 proposta do governo e pretende apresentar emenda para retirar os professores das novas regras. \u201cQuem paga a conta \u00e9 a professora. Ela ter\u00e1 que contribuir 15 anos a mais do que est\u00e1 previsto hoje para receber cerca de 40% menos do benef\u00edcio na aposentadoria\u201d, explica. S\u00e3o as mulheres que comp\u00f5em 80% da categoria de magist\u00e9rio de n\u00edvel b\u00e1sico no pa\u00eds.<\/p>\n<h2><strong>Siga o dinheiro<\/strong><\/h2>\n<p><strong><em>R$ 80.542.394,59<\/em><\/strong><\/p>\n<p>\u00c9 o valor estimado em preg\u00e3o eletr\u00f4nico do GDF para contrata\u00e7\u00e3o de empresa para presta\u00e7\u00e3o de servi\u00e7os continuados de limpeza, conserva\u00e7\u00e3o e asseio, com fornecimento de m\u00e3o de obra, materiais, equipamentos e insumos necess\u00e1rios, para atender aos \u00f3rg\u00e3os e entidades que comp\u00f5em o Complexo Administrativo do Distrito Federal.<\/p>\n","protected":false},"excerpt":{"rendered":"<p>Coluna Eixo Capital\/Por Ana Maria Campos Enquanto o Gabinete de Seguran\u00e7a Institucional (GSI) da Presid\u00eancia da Rep\u00fablica e o Minist\u00e9rio da Justi\u00e7a e Seguran\u00e7a P\u00fablica se preparam para as manifesta\u00e7\u00f5es na Esplanada, a Pol\u00edcia Militar do DF tamb\u00e9m se equipa. A corpora\u00e7\u00e3o abriu licita\u00e7\u00e3o para contratar empresa especializada na instala\u00e7\u00e3o, montagem, desmontagem e fornecimento de [&hellip;]<\/p>\n","protected":false},"author":9,"featured_media":15046,"comment_status":"open","ping_status":"closed","sticky":false,"template":"","format":"standard","meta":{"wpb_read_more":[],"footnotes":""},"categories":[234],"tags":[],"class_list":["post-15150","post","type-post","status-publish","format-standard","has-post-thumbnail","hentry","category-cb-poder"],"_links":{"self":[{"href":"https:\/\/blogs2.correiobraziliense.com.br\/cbpoder\/wp-json\/wp\/v2\/posts\/15150","targetHints":{"allow":["GET"]}}],"collection":[{"href":"https:\/\/blogs2.correiobraziliense.com.br\/cbpoder\/wp-json\/wp\/v2\/posts"}],"about":[{"href":"https:\/\/blogs2.correiobraziliense.com.br\/cbpoder\/wp-json\/wp\/v2\/types\/post"}],"author":[{"embeddable":true,"href":"https:\/\/blogs2.correiobraziliense.com.br\/cbpoder\/wp-json\/wp\/v2\/users\/9"}],"replies":[{"embeddable":true,"href":"https:\/\/blogs2.correiobraziliense.com.br\/cbpoder\/wp-json\/wp\/v2\/comments?post=15150"}],"version-history":[{"count":2,"href":"https:\/\/blogs2.correiobraziliense.com.br\/cbpoder\/wp-json\/wp\/v2\/posts\/15150\/revisions"}],"predecessor-version":[{"id":15152,"href":"https:\/\/blogs2.correiobraziliense.com.br\/cbpoder\/wp-json\/wp\/v2\/posts\/15150\/revisions\/15152"}],"wp:featuredmedia":[{"embeddable":true,"href":"https:\/\/blogs2.correiobraziliense.com.br\/cbpoder\/wp-json\/wp\/v2\/media\/15046"}],"wp:attachment":[{"href":"https:\/\/blogs2.correiobraziliense.com.br\/cbpoder\/wp-json\/wp\/v2\/media?parent=15150"}],"wp:term":[{"taxonomy":"category","embeddable":true,"href":"https:\/\/blogs2.correiobraziliense.com.br\/cbpoder\/wp-json\/wp\/v2\/categories?post=15150"},{"taxonomy":"post_tag","embeddable":true,"href":"https:\/\/blogs2.correiobraziliense.com.br\/cbpoder\/wp-json\/wp\/v2\/tags?post=15150"}],"curies":[{"name":"wp","href":"https:\/\/api.w.org\/{rel}","templated":true}]}}