{"id":15178,"date":"2019-04-29T20:31:20","date_gmt":"2019-04-29T23:31:20","guid":{"rendered":"https:\/\/blogs2.correiobraziliense.com.br\/cbpoder\/?p=15178"},"modified":"2019-04-29T20:31:20","modified_gmt":"2019-04-29T23:31:20","slug":"decisao-do-tcu-passa-a-valer-e-gdf-perdera-r-583-milhoes-ao-mes","status":"publish","type":"post","link":"https:\/\/blogs2.correiobraziliense.com.br\/cbpoder\/decisao-do-tcu-passa-a-valer-e-gdf-perdera-r-583-milhoes-ao-mes\/","title":{"rendered":"Decis\u00e3o do TCU passa a valer e GDF perder\u00e1 R$ 58,3 milh\u00f5es ao m\u00eas"},"content":{"rendered":"<p><span style=\"font-weight: 400\">O GDF perder\u00e1 cerca de R$ 58,3 milh\u00f5es em arrecada\u00e7\u00e3o por m\u00eas. Com base em decis\u00e3o do Tribunal de Contas da Uni\u00e3o (TCU), o Minist\u00e9rio da Economia recolher\u00e1, a partir da folha salarial de abril, os valores referentes ao imposto de renda incidente sobre os contracheques de funcion\u00e1rios do Corpo de Bombeiros, da Pol\u00edcia Civil e da Pol\u00edcia Militar. As remunera\u00e7\u00f5es destes profissionais s\u00e3o custeadas pelo Fundo Constitucional do DF, abastecido com recursos da Uni\u00e3o. Apesar disso, desde a implementa\u00e7\u00e3o do caixa, em 2003, competia ao Executivo local a reten\u00e7\u00e3o da cifra milion\u00e1ria. O entendimento mudou em mar\u00e7o, quando os ministros da Corte de Contas estabeleceram que o montante pertence ao governo federal. Por ano, a baixa nos cofres brasilienses deve chegar a R$ 700 milh\u00f5es.<\/span><\/p>\n<p>&nbsp;<\/p>\n<p><span style=\"font-weight: 400\">Para tentar reverter a situa\u00e7\u00e3o, o governador Ibaneis Rocha (MDB) recorrer\u00e1 ao Supremo Tribunal Federal (STF). \u201cIsso mostra que os ministros querem efetivar a decis\u00e3o antes mesmo de uma solu\u00e7\u00e3o judicial definitiva. Acionei a Procuradoria-Geral do DF para apresentarmos recurso ainda hoje [ontem]\u201d, afirmou. Devido ao baque nas contas da capital, a palavra de ordem \u00e9 economia. \u201cTenho confian\u00e7a na Justi\u00e7a para dirimir essa d\u00favida. Enquanto isso, vou contingenciar ainda mais os recursos que j\u00e1 s\u00e3o poucos\u201d, completou o emedebista.<\/span><\/p>\n<p>&nbsp;<\/p>\n<p><span style=\"font-weight: 400\">Al\u00e9m da perda milion\u00e1ria, a decis\u00e3o do TCU reconheceu uma d\u00edvida de R$ 10 bilh\u00f5es do GDF com a Uni\u00e3o, relativa ao passivo acumulado. Dados da Corte indicam que, com a reten\u00e7\u00e3o \u201cindevida\u201d dos recursos pela capital, cerca de R$ 4,6 bilh\u00f5es deixaram de ser encaminhados ao Fundo de Participa\u00e7\u00e3o do Estados e do DF (FPE) e ao Fundo de Participa\u00e7\u00e3o dos Munic\u00edpios (FPM) ao longo dos \u00faltimos anos. <\/span><span style=\"font-weight: 400\">Para acertar os detalhes do pagamento, o TCU determinou que o Minist\u00e9rio da Economia e o GDF \u201canalisem a conveni\u00eancia\u201d de submeter \u00e0 C\u00e2mara de Concilia\u00e7\u00e3o e Arbitragem da Administra\u00e7\u00e3o Federal da Advocacia-Geral da Uni\u00e3o a negocia\u00e7\u00e3o dos valores.<\/span><\/p>\n<p>&nbsp;<\/p>\n<p><strong>Or\u00e7amento<\/strong><\/p>\n<p>&nbsp;<\/p>\n<p><span style=\"font-weight: 400\">Ap\u00f3s a derrota no TCU, o GDF decidiu reorganizar o or\u00e7amento da capital, estimado em R$ 42 bilh\u00f5es para esse ano, al\u00e9m de adiar o cumprimento de promessas de campanha. O governador suspendeu, por exemplo, a negocia\u00e7\u00e3o sobre o pagamento da terceira parcela do reajuste do funcionalismo p\u00fablico, concedida na gest\u00e3o de Agnelo Queiroz (PT). <\/span><span style=\"font-weight: 400\">O retroativo da d\u00edvida, em aberto desde setembro de 2015, equivale a R$ 4.045.476.606. O montante n\u00e3o contempla o valor do aumento previsto para o per\u00edodo entre janeiro e dezembro deste ano, que chega a R$ 1,319 bilh\u00e3o.<\/span><\/p>\n<p>&nbsp;<\/p>\n<p><span style=\"font-weight: 400\">No in\u00edcio deste m\u00eas, em entrevista ao CB.Poder \u2014 uma parceria entre o Correio Braziliense e a TV Bras\u00edlia \u2014, Ibaneis Rocha previu cortes dr\u00e1sticos no or\u00e7amento, caso n\u00e3o conseguisse reverter a decis\u00e3o. \u00a0\u201cSe conseguir algo, ser\u00e1 uma liminar, e ajustarei o or\u00e7amento. Se n\u00e3o, terei que cortar horas extras e funcion\u00e1rios, reduzir servi\u00e7os; vou economizar em todas as \u00e1reas para cobrir o rombo\u201d, adiantou.<\/span><\/p>\n","protected":false},"excerpt":{"rendered":"<p>O GDF perder\u00e1 cerca de R$ 58,3 milh\u00f5es em arrecada\u00e7\u00e3o por m\u00eas. Com base em decis\u00e3o do Tribunal de Contas da Uni\u00e3o (TCU), o Minist\u00e9rio da Economia recolher\u00e1, a partir da folha salarial de abril, os valores referentes ao imposto de renda incidente sobre os contracheques de funcion\u00e1rios do Corpo de Bombeiros, da Pol\u00edcia Civil [&hellip;]<\/p>\n","protected":false},"author":90,"featured_media":6740,"comment_status":"open","ping_status":"closed","sticky":false,"template":"","format":"standard","meta":{"wpb_read_more":[],"footnotes":""},"categories":[234],"tags":[626,1076,16,102,359,867],"class_list":["post-15178","post","type-post","status-publish","format-standard","has-post-thumbnail","hentry","category-cb-poder","tag-corpo-de-bombeiros","tag-forcas-de-seguranca","tag-gdf","tag-policia-civil","tag-policia-militar","tag-tcu"],"_links":{"self":[{"href":"https:\/\/blogs2.correiobraziliense.com.br\/cbpoder\/wp-json\/wp\/v2\/posts\/15178","targetHints":{"allow":["GET"]}}],"collection":[{"href":"https:\/\/blogs2.correiobraziliense.com.br\/cbpoder\/wp-json\/wp\/v2\/posts"}],"about":[{"href":"https:\/\/blogs2.correiobraziliense.com.br\/cbpoder\/wp-json\/wp\/v2\/types\/post"}],"author":[{"embeddable":true,"href":"https:\/\/blogs2.correiobraziliense.com.br\/cbpoder\/wp-json\/wp\/v2\/users\/90"}],"replies":[{"embeddable":true,"href":"https:\/\/blogs2.correiobraziliense.com.br\/cbpoder\/wp-json\/wp\/v2\/comments?post=15178"}],"version-history":[{"count":1,"href":"https:\/\/blogs2.correiobraziliense.com.br\/cbpoder\/wp-json\/wp\/v2\/posts\/15178\/revisions"}],"predecessor-version":[{"id":15180,"href":"https:\/\/blogs2.correiobraziliense.com.br\/cbpoder\/wp-json\/wp\/v2\/posts\/15178\/revisions\/15180"}],"wp:featuredmedia":[{"embeddable":true,"href":"https:\/\/blogs2.correiobraziliense.com.br\/cbpoder\/wp-json\/wp\/v2\/media\/6740"}],"wp:attachment":[{"href":"https:\/\/blogs2.correiobraziliense.com.br\/cbpoder\/wp-json\/wp\/v2\/media?parent=15178"}],"wp:term":[{"taxonomy":"category","embeddable":true,"href":"https:\/\/blogs2.correiobraziliense.com.br\/cbpoder\/wp-json\/wp\/v2\/categories?post=15178"},{"taxonomy":"post_tag","embeddable":true,"href":"https:\/\/blogs2.correiobraziliense.com.br\/cbpoder\/wp-json\/wp\/v2\/tags?post=15178"}],"curies":[{"name":"wp","href":"https:\/\/api.w.org\/{rel}","templated":true}]}}