{"id":15181,"date":"2019-04-30T08:01:27","date_gmt":"2019-04-30T11:01:27","guid":{"rendered":"https:\/\/blogs2.correiobraziliense.com.br\/cbpoder\/?p=15181"},"modified":"2019-04-30T08:01:27","modified_gmt":"2019-04-30T11:01:27","slug":"acordo-entre-ibaneis-e-filippelli-pode-pacificar-o-mdb-df","status":"publish","type":"post","link":"https:\/\/blogs2.correiobraziliense.com.br\/cbpoder\/acordo-entre-ibaneis-e-filippelli-pode-pacificar-o-mdb-df\/","title":{"rendered":"Acordo entre Ibaneis e Filippelli pode pacificar o MDB\/DF"},"content":{"rendered":"<p><strong>Coluna Eixo Capital\/Por Ana Maria Campos<\/strong><\/p>\n<p>O governador Ibaneis Rocha prop\u00f5e ao atual presidente regional do MDB, Tadeu Filippelli, um acordo para pacificar o partido. O presidente da C\u00e2mara Legislativa, Rafael Prudente, seria o n\u00famero um da legenda no DF e a secret\u00e1ria da Mulher, Ericka Filippelli, nora de Filippelli, a vice. Ao decidir ontem suspender a conven\u00e7\u00e3o regional do partido que daria ao ex-vice-governador um novo mandato como presidente do MDB\/DF, <a href=\"https:\/\/blogs2.correiobraziliense.com.br\/cbpoder\/na-queda-de-braco-com-filippelli-juca-da-primeira-vitoria-a-ibaneis\/\">Romero Juc\u00e1 mostrou que tem disposi\u00e7\u00e3o para intervir na legenda<\/a>. Filippelli n\u00e3o tem muitas op\u00e7\u00f5es a n\u00e3o ser ceder. Sem mandato, ele luta contra o poder econ\u00f4mico e pol\u00edtico.<\/p>\n<h2><strong>Juc\u00e1 defende oxigena\u00e7\u00e3o no MDB<\/strong><\/h2>\n<p>L\u00edder de governos de esquerda e de direita no Senado, Romero Juc\u00e1, r\u00e9u na Opera\u00e7\u00e3o Lava-Jato, defende a entrada de sangue novo no MDB. Pelo menos, no papel. A renova\u00e7\u00e3o, segundo aponta o ex-senador que n\u00e3o se reelegeu, seria proveniente de pol\u00edticos jovens e ne\u00f3fitos. \u201cEssa oxigena\u00e7\u00e3o, com o ingresso de novos filiados e de outsiders da pol\u00edtica \u00e9 salutar e imprescind\u00edvel para a renova\u00e7\u00e3o dos partidos\u201d, escreveu na decis\u00e3o em que suspendeu a conven\u00e7\u00e3o regional do MDB, a pedido de Ibaneis Rocha e do presidente da C\u00e2mara Legislativa, Rafael Prudente. Para Juc\u00e1, Prudente e \u00c9ricka Filippelli representariam a novidade, embora ambos sejam parentes de pol\u00edticos com longa trajet\u00f3ria pol\u00edtica.<\/p>\n<h2><strong>Apostas erradas<\/strong><\/h2>\n<p>Na decis\u00e3o, o presidente nacional do MDB, Romero Juc\u00e1, ressaltou que a atual dire\u00e7\u00e3o regional do partido apostou em nomes errados na elei\u00e7\u00e3o do ano passado, destinando recursos do Fundo Especial de Financiamento de Campanha a pol\u00edticos que n\u00e3o se elegeram, como \u00e9 o caso do pr\u00f3prio presidente regional, Tadeu Filippelli. Juc\u00e1 ressaltou que os dois candidatos eleitos, Ibaneis Rocha ao Pal\u00e1cio do Buriti, e Rafael Prudente \u00e0 C\u00e2mara Legislativa, tiveram campanhas bancadas com recursos pr\u00f3prios.<\/p>\n<h2><strong>Em tr\u00eas anos, tudo pode mudar<\/strong><\/h2>\n<p>Se a reforma da Previd\u00eancia deixar, o conselheiro Renato Rainha pode voltar para a pol\u00edtica em 2022. Pelas regras atuais, o ex-deputado distrital e ex-delegado da Pol\u00edcia Civil do DF poder\u00e1 se aposentar daqui a tr\u00eas anos, a tempo de se candidatar nas pr\u00f3ximas elei\u00e7\u00f5es. Em entrevista ao CB.Poder ontem, Rainha voltou a dizer que est\u00e1 longe da pol\u00edtica e adora seu trabalho no Tribunal de Contas do DF, mas n\u00e3o descarta concorrer a um mandato, desde que haja condi\u00e7\u00f5es. Ele ressalta tamb\u00e9m que s\u00f3 entraria no p\u00e1reo para o Pal\u00e1cio do Buriti se as coisas n\u00e3o avan\u00e7arem no atual governo e, claro, se tiver apoio da sociedade.<\/p>\n<h2><strong>Sem radicalismos<\/strong><\/h2>\n<p>Por qual partido concorreria? Nem esquerda radical nem extrema direita. Se voltar para a pol\u00edtica, Renato Rainha deve optar por um partido de centro.<\/p>\n<h2><strong>Diverg\u00eancia com o TCU<\/strong><\/h2>\n<p>Por ora, Renato Rainha n\u00e3o vai se meter em pol\u00edtica. Est\u00e1 concentrado nas contas p\u00fablicas. Num dos assuntos mais pol\u00eamicos do momento envolvendo o or\u00e7amento do DF, a reten\u00e7\u00e3o do Imposto de Renda dos sal\u00e1rios de servidores pagos com recursos do Fundo Constitucional, o conselheiro do Tribunal de Contas do DF tem posi\u00e7\u00e3o divergente a do Tribunal de Contas da Uni\u00e3o (TCU) que j\u00e1 passa a valer no pr\u00f3ximo m\u00eas. \u201cCom todo o respeito ao TCU, essa decis\u00e3o fere a Constitui\u00e7\u00e3o e a lei que criou o Fundo Constitucional do DF, de 2002\u201d, afirmou.<\/p>\n<p>&nbsp;<\/p>\n<h2><strong>Regras contra carteirada<\/strong><\/h2>\n<p>Duas semanas depois de um policial civil disparar e matar um policial militar numa boate, o diretor-geral da Pol\u00edcia Civil, Robson C\u00e2ndido, editou portaria com regras mais r\u00edgidas para o acesso de servidores da carreira em casas de divers\u00f5es, eventos ou outros locais sujeitos \u00e0 fiscaliza\u00e7\u00e3o. O policial dever\u00e1 se identificar ao respons\u00e1vel pelo estabelecimento, apresentando sua carteira funcional e preenchendo, de pr\u00f3prio punho, a ficha de controle disponibilizada para tal finalidade, constando seu nome e matr\u00edcula Quando isso ocorrer, a Corregedoria da Pol\u00edcia Civil dever\u00e1 ser avisada no prazo m\u00e1ximo de 15 dias. Se estiver nesses locais a trabalho, policiais n\u00e3o poder\u00e3o consumir bebidas alco\u00f3licas e, se for em hor\u00e1rio de folga, caso estejam armados, n\u00e3o poder\u00e3o se negar a se identificar se for solicitado.<\/p>\n<h2><em><strong>Siga o dinheiro<\/strong><\/em><\/h2>\n<p><em>R$ 132.090.364<\/em><\/p>\n<p>\u00c9 o valor de contratos firmados sem licita\u00e7\u00e3o, em car\u00e1ter emergencial, pelo SLU, pelo per\u00edodo de seis meses, para limpeza, coleta e tratamento de lixo, com as empresas Sustentare e Valor Ambiental.<\/p>\n","protected":false},"excerpt":{"rendered":"<p>Coluna Eixo Capital\/Por Ana Maria Campos O governador Ibaneis Rocha prop\u00f5e ao atual presidente regional do MDB, Tadeu Filippelli, um acordo para pacificar o partido. O presidente da C\u00e2mara Legislativa, Rafael Prudente, seria o n\u00famero um da legenda no DF e a secret\u00e1ria da Mulher, Ericka Filippelli, nora de Filippelli, a vice. Ao decidir ontem [&hellip;]<\/p>\n","protected":false},"author":9,"featured_media":9970,"comment_status":"open","ping_status":"closed","sticky":false,"template":"","format":"standard","meta":{"wpb_read_more":[],"footnotes":""},"categories":[234],"tags":[],"class_list":["post-15181","post","type-post","status-publish","format-standard","has-post-thumbnail","hentry","category-cb-poder"],"_links":{"self":[{"href":"https:\/\/blogs2.correiobraziliense.com.br\/cbpoder\/wp-json\/wp\/v2\/posts\/15181","targetHints":{"allow":["GET"]}}],"collection":[{"href":"https:\/\/blogs2.correiobraziliense.com.br\/cbpoder\/wp-json\/wp\/v2\/posts"}],"about":[{"href":"https:\/\/blogs2.correiobraziliense.com.br\/cbpoder\/wp-json\/wp\/v2\/types\/post"}],"author":[{"embeddable":true,"href":"https:\/\/blogs2.correiobraziliense.com.br\/cbpoder\/wp-json\/wp\/v2\/users\/9"}],"replies":[{"embeddable":true,"href":"https:\/\/blogs2.correiobraziliense.com.br\/cbpoder\/wp-json\/wp\/v2\/comments?post=15181"}],"version-history":[{"count":1,"href":"https:\/\/blogs2.correiobraziliense.com.br\/cbpoder\/wp-json\/wp\/v2\/posts\/15181\/revisions"}],"predecessor-version":[{"id":15182,"href":"https:\/\/blogs2.correiobraziliense.com.br\/cbpoder\/wp-json\/wp\/v2\/posts\/15181\/revisions\/15182"}],"wp:featuredmedia":[{"embeddable":true,"href":"https:\/\/blogs2.correiobraziliense.com.br\/cbpoder\/wp-json\/wp\/v2\/media\/9970"}],"wp:attachment":[{"href":"https:\/\/blogs2.correiobraziliense.com.br\/cbpoder\/wp-json\/wp\/v2\/media?parent=15181"}],"wp:term":[{"taxonomy":"category","embeddable":true,"href":"https:\/\/blogs2.correiobraziliense.com.br\/cbpoder\/wp-json\/wp\/v2\/categories?post=15181"},{"taxonomy":"post_tag","embeddable":true,"href":"https:\/\/blogs2.correiobraziliense.com.br\/cbpoder\/wp-json\/wp\/v2\/tags?post=15181"}],"curies":[{"name":"wp","href":"https:\/\/api.w.org\/{rel}","templated":true}]}}