{"id":15672,"date":"2019-06-15T13:44:58","date_gmt":"2019-06-15T16:44:58","guid":{"rendered":"https:\/\/blogs2.correiobraziliense.com.br\/cbpoder\/?p=15672"},"modified":"2019-06-15T13:44:58","modified_gmt":"2019-06-15T16:44:58","slug":"secretario-de-seguranca-vai-ao-planalto-em-busca-de-recomposicao-das-forcas-policiais","status":"publish","type":"post","link":"https:\/\/blogs2.correiobraziliense.com.br\/cbpoder\/secretario-de-seguranca-vai-ao-planalto-em-busca-de-recomposicao-das-forcas-policiais\/","title":{"rendered":"Secret\u00e1rio de Seguran\u00e7a vai ao Planalto em busca de recomposi\u00e7\u00e3o das for\u00e7as policiais"},"content":{"rendered":"<p><strong>Coluna Eixo Capital\/Por Ana Maria Campos<\/strong><\/p>\n<p>O secret\u00e1rio de Seguran\u00e7a P\u00fablica, Anderson Torres, esteve ontem no Pal\u00e1cio do Planalto para discutir quest\u00f5es t\u00e9cnicas e legislativas para a autoriza\u00e7\u00e3o do pagamento da paridade dos sal\u00e1rios de policiais civis aos da Pol\u00edcia Federal e a recomposi\u00e7\u00e3o da Pol\u00edcia Militar e do Corpo de Bombeiros. Na reuni\u00e3o com o subchefe de Assuntos Jur\u00eddicos da Presid\u00eancia, Jorge Ant\u00f4nio de Oliveira Francisco, Torres pediu apoio junto ao deputado Filipe Barros (PSL\/PR), relator dos PLNs que incluem a previs\u00e3o do reajuste na Lei de Diretrizes Or\u00e7ament\u00e1rias (LDO) de 2019, para aprova\u00e7\u00e3o dos textos. O entendimento do GDF era de que n\u00e3o seria necess\u00e1rio incluir a previs\u00e3o do reajuste na lei or\u00e7ament\u00e1ria da Uni\u00e3o, mas a equipe do ministro da Economia, Paulo Guedes, pensa diferente. O governador Ibaneis Rocha e o secret\u00e1rio de Seguran\u00e7a, ent\u00e3o, se adequaram a essa exig\u00eancia. No caso da Pol\u00edcia Civil, j\u00e1 h\u00e1 uma proposta, de pagamento em seis parcelas, at\u00e9 2021. Para as demais for\u00e7as, ainda n\u00e3o h\u00e1 um acordo. A recomposi\u00e7\u00e3o est\u00e1 sob an\u00e1lise na Secretaria de Fazenda, Planejamento, Or\u00e7amento e Gest\u00e3o.<\/p>\n<h2><strong>Paci\u00eancia<\/strong><\/h2>\n<p>Delegado da Pol\u00edcia Federal, Anderson Torres pede paci\u00eancia aos integrantes das for\u00e7as de seguran\u00e7a. \u201c\u00c9 uma prioridade para n\u00f3s. Pedimos calma, pois \u00e9 um processo longo, mas tenho certeza de que ser\u00e1 vitorioso\u201d, garante. A concess\u00e3o do reajuste depende de autoriza\u00e7\u00e3o federal, mas o mais importante \u00e9 dinheiro no cofre. Como os reajustes saem do Fundo Constitucional do DF, a aprova\u00e7\u00e3o da medida fica vinculada \u00e0 disposi\u00e7\u00e3o do governo Ibaneis.<\/p>\n<h2><strong>No or\u00e7amento da Uni\u00e3o<\/strong><\/h2>\n<p>Muita gente estranhou que os reajustes da Pol\u00edcia Civil, da PM e do Corpo de Bombeiros n\u00e3o tenha sido previsto na LDO de 2020 enviada \u00e0 C\u00e2mara Legislativa. O secret\u00e1rio de Seguran\u00e7a P\u00fablica, Anderson Torres, explica que a despesa \u00e9 inclu\u00edda no or\u00e7amento da Uni\u00e3o.<\/p>\n<h2><strong>Respeito \u00e0 Presid\u00eancia<\/strong><\/h2>\n<p>Ao chamar o presidente Jair Bolsonaro pelo nome, o general Santos Cruz, demitido da Secretaria de Governo, sempre deixou uma impress\u00e3o entre pessoas pr\u00f3ximas de que ainda encarava o chefe do Executivo como um capit\u00e3o, subordinado na hierarquia militar. Ontem, em conversa com jornalistas, o chefe do Gabinete de Seguran\u00e7a Institucional, general Augusto Heleno, fez quest\u00e3o de explicar que sempre chamou Bolsonaro de senhor por respeito ao cargo. \u201cTrato de senhor porque quero dar o exemplo (de respeito) de uma institui\u00e7\u00e3o que, se n\u00e3o \u00e9 a mais importante, est\u00e1 entre as tr\u00eas mais importantes\u201d, explicou.<\/p>\n<h2><strong>Esquentados<\/strong><\/h2>\n<p>Na Secretaria Nacional de Seguran\u00e7a P\u00fablica (Senasp), durante o governo de Michel Temer, o general Santos Cruz teve embates com o ex-diretor-geral da Pol\u00edcia Civil Jorge Xavier e com o ent\u00e3o deputado Laerte Bessa.<\/p>\n<h2><strong>Homenagens<\/strong><\/h2>\n<p>O presidente Jair Bolsonaro foi um dos escolhidos para receber medalha de honra do Minist\u00e9rio P\u00fablico do Distrito Federal e Territ\u00f3rios (MPDFT). Justificou a aus\u00eancia, mas n\u00e3o participou da solenidade. Uma das autoridades prestigiadas foi a comandante-geral da Pol\u00edcia Militar do DF, Sheyla Sampaio.<\/p>\n<h2>\n<strong>Hospital da Seguran\u00e7a provoca pol\u00eamica entre PMs<\/strong><\/h2>\n<p>Entre policiais militares, a repercuss\u00e3o sobre <a href=\"https:\/\/blogs2.correiobraziliense.com.br\/cbpoder\/hospital-da-pm-vira-unidade-de-atendimento-de-todas-as-forcas-de-seguranca\/\">a cria\u00e7\u00e3o do Hospital da Seguran\u00e7a P\u00fablica<\/a> repercutiu muito mal. Oficiais reclamam de ter de dividir a unidade com a Pol\u00edcia Civil e com o Corpo de Bombeiros, que j\u00e1 possuem policl\u00ednicas. \u201cNosso hospital nunca foi conclu\u00eddo porque nunca houve apoio\u201d, afirma um coronel. Outros usam tons bem menos educados ao se referirem \u00e0 decis\u00e3o do governador Ibaneis Rocha (MDB) de entregar \u00e0 Secretaria de Seguran\u00e7a P\u00fablica do DF a implanta\u00e7\u00e3o da unidade constru\u00edda no Setor Policial Sul para PMs. Mas o entendimento do governo \u00e9 de que, com uma a\u00e7\u00e3o conjunta, ser\u00e1 poss\u00edvel melhorar o atendimento do hospital, com disponibiliza\u00e7\u00e3o de todas as especialidades.<\/p>\n<h2><strong>S\u00f3 papos<\/strong><\/h2>\n<blockquote><p>\u201cEssa facada foi muito estranha. Uma facada que n\u00e3o teve sangue, que os seguran\u00e7as ao inv\u00e9s de protegerem o Bolsonaro protegeram o esfaqueador&#8230;\u201d<\/p><\/blockquote>\n<p style=\"text-align: right\"><strong>Ex-presidente Lula, em entrevista da pris\u00e3o<\/strong><\/p>\n<p style=\"text-align: right\">\u201cUm presidente da Rep\u00fablica desonesto tinha que tomar uma pris\u00e3o perp\u00e9tua. Um presidente da Rep\u00fablica desonesto destr\u00f3i o conceito do pa\u00eds. Isso \u00e9 o c\u00famulo, ele ainda aventar a hip\u00f3tese da facada ser mentira. E ser\u00e1 que o c\u00e2ncer dele foi mentira?\u201d<\/p>\n<p style=\"text-align: right\"><strong>General Augusto Heleno, chefe do gabinete de Seguran\u00e7a Institucional<\/strong><\/p>\n","protected":false},"excerpt":{"rendered":"<p>Coluna Eixo Capital\/Por Ana Maria Campos O secret\u00e1rio de Seguran\u00e7a P\u00fablica, Anderson Torres, esteve ontem no Pal\u00e1cio do Planalto para discutir quest\u00f5es t\u00e9cnicas e legislativas para a autoriza\u00e7\u00e3o do pagamento da paridade dos sal\u00e1rios de policiais civis aos da Pol\u00edcia Federal e a recomposi\u00e7\u00e3o da Pol\u00edcia Militar e do Corpo de Bombeiros. Na reuni\u00e3o com [&hellip;]<\/p>\n","protected":false},"author":9,"featured_media":15673,"comment_status":"open","ping_status":"closed","sticky":false,"template":"","format":"standard","meta":{"wpb_read_more":[],"footnotes":""},"categories":[234],"tags":[],"class_list":["post-15672","post","type-post","status-publish","format-standard","has-post-thumbnail","hentry","category-cb-poder"],"_links":{"self":[{"href":"https:\/\/blogs2.correiobraziliense.com.br\/cbpoder\/wp-json\/wp\/v2\/posts\/15672","targetHints":{"allow":["GET"]}}],"collection":[{"href":"https:\/\/blogs2.correiobraziliense.com.br\/cbpoder\/wp-json\/wp\/v2\/posts"}],"about":[{"href":"https:\/\/blogs2.correiobraziliense.com.br\/cbpoder\/wp-json\/wp\/v2\/types\/post"}],"author":[{"embeddable":true,"href":"https:\/\/blogs2.correiobraziliense.com.br\/cbpoder\/wp-json\/wp\/v2\/users\/9"}],"replies":[{"embeddable":true,"href":"https:\/\/blogs2.correiobraziliense.com.br\/cbpoder\/wp-json\/wp\/v2\/comments?post=15672"}],"version-history":[{"count":1,"href":"https:\/\/blogs2.correiobraziliense.com.br\/cbpoder\/wp-json\/wp\/v2\/posts\/15672\/revisions"}],"predecessor-version":[{"id":15674,"href":"https:\/\/blogs2.correiobraziliense.com.br\/cbpoder\/wp-json\/wp\/v2\/posts\/15672\/revisions\/15674"}],"wp:featuredmedia":[{"embeddable":true,"href":"https:\/\/blogs2.correiobraziliense.com.br\/cbpoder\/wp-json\/wp\/v2\/media\/15673"}],"wp:attachment":[{"href":"https:\/\/blogs2.correiobraziliense.com.br\/cbpoder\/wp-json\/wp\/v2\/media?parent=15672"}],"wp:term":[{"taxonomy":"category","embeddable":true,"href":"https:\/\/blogs2.correiobraziliense.com.br\/cbpoder\/wp-json\/wp\/v2\/categories?post=15672"},{"taxonomy":"post_tag","embeddable":true,"href":"https:\/\/blogs2.correiobraziliense.com.br\/cbpoder\/wp-json\/wp\/v2\/tags?post=15672"}],"curies":[{"name":"wp","href":"https:\/\/api.w.org\/{rel}","templated":true}]}}