{"id":15677,"date":"2019-06-16T14:12:50","date_gmt":"2019-06-16T17:12:50","guid":{"rendered":"https:\/\/blogs2.correiobraziliense.com.br\/cbpoder\/?p=15677"},"modified":"2019-06-16T14:12:51","modified_gmt":"2019-06-16T17:12:51","slug":"com-gim-e-estevao-soltos-df-tem-a-velha-politica-de-volta","status":"publish","type":"post","link":"https:\/\/blogs2.correiobraziliense.com.br\/cbpoder\/com-gim-e-estevao-soltos-df-tem-a-velha-politica-de-volta\/","title":{"rendered":"Com Gim e Estev\u00e3o soltos, DF tem a velha pol\u00edtica de volta"},"content":{"rendered":"<h6><strong>Coluna Eixo Capital<\/strong><\/h6>\n<p>O tempo passa e, aos poucos, a vida pol\u00edtica do Distrito Federal vai voltando ao passado. O ex-senador Luiz Estev\u00e3o j\u00e1 passa o dia fora da pris\u00e3o, <a href=\"https:\/\/blogs2.correiobraziliense.com.br\/cbpoder\/ministerio-publico-flagra-luiz-estevao-em-academia\/\">malha na academia<\/a> e acompanha o dia a dia da cidade. Na \u00faltima sexta-feira, outro ex-senador, Gim Argello, <a href=\"https:\/\/blogs2.correiobraziliense.com.br\/cbpoder\/beneficiado-por-indulto-gim-deixa-a-prisao\/\">foi liberado da cadeia em Curitiba<\/a>, onde cumpria pena de quase 12 anos por corrup\u00e7\u00e3o em condena\u00e7\u00e3o da Lava-Jato, beneficiado pelo indulto de Natal assinado pelo ex-presidente Michel Temer, tamb\u00e9m denunciado. O bombardeio em cima do ex-juiz Sergio Moro e o desgaste provocado pelo vazamento de mensagens de chats do Telegram contribuem para enfraquecer o clima de sucesso do combate \u00e0 corrup\u00e7\u00e3o. De her\u00f3is invenc\u00edveis, procuradores da for\u00e7a-tarefa da Lava-Jato de Curitiba agora s\u00e3o atacados, e muitos de seus algozes s\u00e3o os pr\u00f3prios alvos.<\/p>\n<h2>\n<strong>Moro vai definir destino em ambiente hostil<\/strong><\/h2>\n<p>Especialistas em investiga\u00e7\u00f5es e opera\u00e7\u00f5es policiais sempre comentaram que o tsunami das pris\u00f5es e condena\u00e7\u00f5es passa arrastando quem est\u00e1 pela frente, mas volta. Quem sobrevive se volta contra quem o atacou. O ministro da Justi\u00e7a e Seguran\u00e7a P\u00fablica, S\u00e9rgio Moro, mant\u00e9m ainda uma alta popularidade, mas est\u00e1 no olho do furac\u00e3o. A semana ser\u00e1 decisiva para ele, ao prestar depoimento no Senado, na pr\u00f3xima quarta-feira. O Congresso \u00e9 um ambiente hostil. Os pol\u00edticos s\u00e3o seus piores inimigos, independentemente do partido. O sucesso de seu desempenho vai definir seu destino.<\/p>\n<h2>\n<strong>Por que apertou o gatilho?<\/strong><\/h2>\n<p>Gravado pelo companheiro de uma das v\u00edtimas do feminic\u00eddio do Cruzeiro, ocorrido no dia dos Namorados, o v\u00eddeo sobre o duplo homic\u00eddio indica uma verdade incontest\u00e1vel. Os disparos que tiraram a vida de duas pessoas ocorreram pelas circunst\u00e2ncias. O sargento reformado da Aeron\u00e1utica Juenil Bonfim de Queiroz estava nervoso, mas poderia ser contido se n\u00e3o estivesse armado. Atirou na cabe\u00e7a da esposa, com quem estava casado havia 32 anos, e no vizinho porque tinha uma pistola na m\u00e3o. Se n\u00e3o fosse assim, tudo n\u00e3o teria passado de uma discuss\u00e3o acalorada. Em tempos de debate sobre a amplia\u00e7\u00e3o da posse de arma, um epis\u00f3dio como esse precisa entrar na roda.<\/p>\n<h2>\n<strong>F\u00e9lix sobre Witzel: \u201cAfirma\u00e7\u00f5es criminosas\u201d<\/strong><\/h2>\n<p>Presidente do PSol\/DF, deputado distrital F\u00e1bio F\u00e9lix reagiu ontem \u00e0s declara\u00e7\u00f5es do governo do Rio de Janeiro, Wilson Witzel (PSC), sobre a possibilidade de jogar um m\u00edssil em bandidos da Cidade de Deus, na Zona Oeste do Rio. \u201cIsso \u00e9 exterm\u00ednio da popula\u00e7\u00e3o pobre. O governador do Rio de Janeiro age de forma doentia quando sugere ataques de m\u00edssil em uma comunidade. Ele quer condenar pessoas \u00e0 morte sem julgamento. As afirma\u00e7\u00f5es s\u00e3o criminosas\u201d, disse F\u00e9lix \u00e0 coluna. Witzel fez as declara\u00e7\u00f5es na \u00faltima sexta-feira em Nova Igua\u00e7u e o pior\u2026 Foi aplaudido.<\/p>\n<h2>\n<strong>Novo round<\/strong><\/h2>\n<p>O F\u00f3rum das Associa\u00e7\u00f5es Representativas dos Policiais Militares e dos Bombeiros Militares divulgou nota contra a transforma\u00e7\u00e3o do Centro M\u00e9dico da PM em Hospital da Seguran\u00e7a. \u201cA cess\u00e3o a outras categorias, nesse momento, agravar\u00e1 a situa\u00e7\u00e3o, caminhando em dire\u00e7\u00e3o contr\u00e1ria \u00e0 pretendida pelas fam\u00edlias policial e bombeiro militar.\u201d Mais pol\u00eamica.<\/p>\n<p><strong>A pergunta que n\u00e3o quer calar<\/strong><\/p>\n<p>Se o presidente Jair Bolsonaro acredita que o momento \u00e9 de nomear para o STF um ministro evang\u00e9lico, um advogado dessa religi\u00e3o pode sair na vantagem na disputa pela vaga da OAB no Tribunal de Justi\u00e7a do DF?<\/p>\n<h2>\n<strong>Voto contra libera\u00e7\u00e3o de armas<\/strong><\/h2>\n<p>Um dos votos no Senado contra o decreto que amplia o porte e a posse de armas, na pr\u00f3xima ter\u00e7a-feira, ser\u00e1 do senador Jos\u00e9 Ant\u00f4nio Reguffe (Sem partido\/DF). Ele apoiou propostas do governo Bolsonaro, como a redu\u00e7\u00e3o do n\u00famero de minist\u00e9rios e a MP que visa a combater as fraudes do INSS, mas, na quest\u00e3o do armamento, pensa diferente. \u201cMeu voto \u00e9 contra. A libera\u00e7\u00e3o de armas \u00e9 como liberar drogas, aumenta o consumo e o seu uso. Mais armas significam mais mortes\u201d, acredita.<\/p>\n<h2><strong>S\u00f3 papos<\/strong><\/h2>\n<blockquote>\n<p style=\"text-align: right\">\n\u201cO prest\u00edgio de S\u00e9rgio Moro \u00e9 tamanho que alcan\u00e7a qualquer um elogiado por ele. Ontem o ministro Fux foi recebido em voo comercial ao som de &#8216;in Fux we trust&#8217;. Deu ruim para esse projeto de jornalista marido de deputado do PSol. E vai dar ruim para qualquer um que mexer com a Lava-Jato\u201d<br \/>\n<strong>Deputada federal Bia Kicis (PSL\/DF)<\/strong><\/p>\n<p style=\"text-align: right\">\n&#8221;A defesa j\u00e1 fez o showzinho dela. Essa frase foi enviada privativamente por um juiz para uma das partes de um processo judicial. Voc\u00ea aceitaria ser julgado por algu\u00e9m que combina com quem te acusa os passos do julgamento?\u201d<br \/>\n<strong>Guilherme Boulos, coordenador do MTST, candidato \u00e0 Presid\u00eancia pelo PSol em 2018<\/strong><\/p>\n<\/blockquote>\n<h2>\n<strong>Mandou bem<\/strong><\/h2>\n<p>Depois de realizar a separa\u00e7\u00e3o das siamesas Mel e Lis, que j\u00e1 entrou para a hist\u00f3ria da medicina e se tornou refer\u00eancia nacional de sucesso, a equipe de profissionais do Hospital da Crian\u00e7a de Bras\u00edlia Jos\u00e9 Alencar realizou ontem uma nova cirurgia in\u00e9dita: um procedimento para reverter uma malforma\u00e7\u00e3o na bexiga e genit\u00e1lia de uma crian\u00e7a de 1 ano e 11 meses.<\/p>\n<h2>\n<strong>Mandou mal<\/strong><\/h2>\n<p>Durante a campanha ao governo de Minas Gerais, Romeu Zema, do Novo, assinou termo de compromisso de que ele, seu vice e seus secret\u00e1rios n\u00e3o receberiam pagamento enquanto sal\u00e1rios e pens\u00f5es de servidores estivessem atrasados. Agora, o pol\u00edtico eleito com o discurso da nova pol\u00edtica afirma que se equivocou e diz que precisa reajustar os sal\u00e1rios do secretariado.<\/p>\n<h2>\n<strong>Enquanto isso\u2026 Na sala de Justi\u00e7a<\/strong><\/h2>\n<p>V\u00e1rios candidatos \u00e0 vaga do quinto constitucional estiveram sexta-feira na posse do juiz Carlos Divino Rodrigues como desembargador. Todo o Tribunal de Justi\u00e7a do DF estava presente e foi uma boa oportunidade para despertar a simpatia dos eleitores da lista tr\u00edplice que ser\u00e1 encaminhada ao presidente Jair Bolsonaro.<\/p>\n","protected":false},"excerpt":{"rendered":"<p>Coluna Eixo Capital O tempo passa e, aos poucos, a vida pol\u00edtica do Distrito Federal vai voltando ao passado. O ex-senador Luiz Estev\u00e3o j\u00e1 passa o dia fora da pris\u00e3o, malha na academia e acompanha o dia a dia da cidade. Na \u00faltima sexta-feira, outro ex-senador, Gim Argello, foi liberado da cadeia em Curitiba, onde [&hellip;]<\/p>\n","protected":false},"author":9,"featured_media":15678,"comment_status":"open","ping_status":"closed","sticky":false,"template":"","format":"standard","meta":{"wpb_read_more":[],"footnotes":""},"categories":[234],"tags":[],"class_list":["post-15677","post","type-post","status-publish","format-standard","has-post-thumbnail","hentry","category-cb-poder"],"_links":{"self":[{"href":"https:\/\/blogs2.correiobraziliense.com.br\/cbpoder\/wp-json\/wp\/v2\/posts\/15677","targetHints":{"allow":["GET"]}}],"collection":[{"href":"https:\/\/blogs2.correiobraziliense.com.br\/cbpoder\/wp-json\/wp\/v2\/posts"}],"about":[{"href":"https:\/\/blogs2.correiobraziliense.com.br\/cbpoder\/wp-json\/wp\/v2\/types\/post"}],"author":[{"embeddable":true,"href":"https:\/\/blogs2.correiobraziliense.com.br\/cbpoder\/wp-json\/wp\/v2\/users\/9"}],"replies":[{"embeddable":true,"href":"https:\/\/blogs2.correiobraziliense.com.br\/cbpoder\/wp-json\/wp\/v2\/comments?post=15677"}],"version-history":[{"count":1,"href":"https:\/\/blogs2.correiobraziliense.com.br\/cbpoder\/wp-json\/wp\/v2\/posts\/15677\/revisions"}],"predecessor-version":[{"id":15679,"href":"https:\/\/blogs2.correiobraziliense.com.br\/cbpoder\/wp-json\/wp\/v2\/posts\/15677\/revisions\/15679"}],"wp:featuredmedia":[{"embeddable":true,"href":"https:\/\/blogs2.correiobraziliense.com.br\/cbpoder\/wp-json\/wp\/v2\/media\/15678"}],"wp:attachment":[{"href":"https:\/\/blogs2.correiobraziliense.com.br\/cbpoder\/wp-json\/wp\/v2\/media?parent=15677"}],"wp:term":[{"taxonomy":"category","embeddable":true,"href":"https:\/\/blogs2.correiobraziliense.com.br\/cbpoder\/wp-json\/wp\/v2\/categories?post=15677"},{"taxonomy":"post_tag","embeddable":true,"href":"https:\/\/blogs2.correiobraziliense.com.br\/cbpoder\/wp-json\/wp\/v2\/tags?post=15677"}],"curies":[{"name":"wp","href":"https:\/\/api.w.org\/{rel}","templated":true}]}}