{"id":15722,"date":"2019-06-21T13:21:50","date_gmt":"2019-06-21T16:21:50","guid":{"rendered":"https:\/\/blogs2.correiobraziliense.com.br\/cbpoder\/?p=15722"},"modified":"2019-06-21T19:26:25","modified_gmt":"2019-06-21T22:26:25","slug":"um-pm-exerce-pela-primeira-vez-cargo-no-primeiro-escalao-do-governo-federal","status":"publish","type":"post","link":"https:\/\/blogs2.correiobraziliense.com.br\/cbpoder\/um-pm-exerce-pela-primeira-vez-cargo-no-primeiro-escalao-do-governo-federal\/","title":{"rendered":"Um PM do DF exerce pela primeira vez cargo no primeiro escal\u00e3o do governo federal"},"content":{"rendered":"<h5><strong>ANA MARIA CAMPOS<\/strong><\/h5>\n<p>O novo ministro-chefe da Secretaria-geral da Presid\u00eancia da Rep\u00fablica, Jorge Ant\u00f4nio de Oliveira Francisco, pode ser um importante aliado para as demandas de policiais civis, policiais militares e bombeiros do DF. \u00c9 o primeiro policial militar do DF a ocupar um cargo no primeiro escal\u00e3o do governo federal. Ele foi anunciado hoje pelo presidente Jair Bolsonaro, com quem trabalha h\u00e1 15 anos.<\/p>\n<p>&nbsp;<\/p>\n<p>Major da reserva da PM, o advogado Jorge Oliveira recebeu o secret\u00e1rio de Seguran\u00e7a P\u00fablica do DF, Anderson Torres, na semana passada, ainda na condi\u00e7\u00e3o de subchefe de Assuntos Jur\u00eddicos da Presid\u00eancia da Rep\u00fablica. A pauta: a paridade da Pol\u00edcia Civil com a Pol\u00edcia Federal e a recomposi\u00e7\u00e3o de sal\u00e1rios da PM e do Corpo de Bombeiros.<\/p>\n<p>&nbsp;<\/p>\n<p>Os reajustes precisam de autoriza\u00e7\u00e3o do Congresso e do governo Bolsonaro. Para isso, os parlamentares precisam incluir a previs\u00e3o or\u00e7ament\u00e1ria na LDO de 2019.<\/p>\n<p>&nbsp;<\/p>\n<p>Anderson e o MajorJorge t\u00eam uma boa rela\u00e7\u00e3o e se conheceram no Congresso. O secret\u00e1rio de Seguran\u00e7a, que \u00e9 delegado da Pol\u00edcia Federal, trabalhava como chefe de gabinete do ent\u00e3o deputado federal Fernando Francischini (PSL-PR) e Jorge, no gabinete do ent\u00e3o deputado Jair Bolsonaro.<\/p>\n<p>&nbsp;<\/p>\n<p>No in\u00edcio da carreira na PM, Jorge Oliveira exerceu fun\u00e7\u00f5es em \u00e1reas operacionais, mas passou os \u00faltimos 20 anos atuando no Congresso. Ele foi para a reserva remunerada da PMDF em 2013, \u00a0quando j\u00e1 trabalhava no gabinete de Bolsonaro na C\u00e2mara, com aposentadoria proporcional. Recebe hoje cerca de dois ter\u00e7os do sal\u00e1rio de um major na ativa.<\/p>\n<p>&nbsp;<\/p>\n<p>Jorge Ant\u00f4nio de Oliveira Francisco cursou o ensino m\u00e9dio no Col\u00e9gio Militar de Bras\u00edlia. Em 1995, formou-se na Academia de Pol\u00edcia Militar do DF, na 4\u00aa turma. Bacharel em Direito, fez p\u00f3s-gradua\u00e7\u00e3o em Assessoria Parlamentar.<\/p>\n<p>&nbsp;<\/p>\n<p>Na PM, Jorge Francisco atuou como assessor parlamentar no Congresso. Depois foi cedido para o gabinete de Bolsonaro e tamb\u00e9m trabalhou com o filho 03, o deputado Eduardo Bolsonaro (PSL-SP). \u00c9 apontado como extremamente t\u00e9cnico e entendido do tr\u00e2mite legislativo.<\/p>\n<p>&nbsp;<\/p>\n<p>Atualmente vinha exercendo a fun\u00e7\u00e3o de Subchefe de Assuntos Jur\u00eddicos da Casa Civil, respons\u00e1vel pela normatiza\u00e7\u00e3o de atos do presidente da Rep\u00fablica.<\/p>\n<p>&nbsp;<\/p>\n<p>Tem a extrema confian\u00e7a de Bolsonaro. A rela\u00e7\u00e3o come\u00e7ou com seu pai, Jorge Francisco, capit\u00e3o do Ex\u00e9rcito, que tamb\u00e9m trabalhou com Bolsonaro por 20 anos. \u201cUma pessoa muito afeta \u00e0 \u00e1rea da burocracia, uma miss\u00e3o dif\u00edcil aqui. Temos plena confian\u00e7a no trabalho dele\u201d, disse Bolsonaro hoje (21\/06), ao apresent\u00e1-lo como novo ministro.<\/p>\n<p>&nbsp;<\/p>\n<p>Jorge Oliveira assume no lugar do general Floriano Peixoto que vai para a presid\u00eancia dos Correios. Ser\u00e1 o terceiro nome em seis meses.<\/p>\n<p>&nbsp;<\/p>\n<p>Amigo de fam\u00edlia do novo ministro, o coronel da PM na reserva Rog\u00e9rio Le\u00e3o, que foi chefe da Casa Militar do governo de Agnelo Queiroz (PT), elogia a escolha de Bolsonaro: \u00a0\u201cO presidente acerta integralmente. O Jorge \u00e9 uma pessoa de f\u00e1cil interlocu\u00e7\u00e3o e trabalha com dedica\u00e7\u00e3o full-time. Uma pessoa extremamente decente, competente e transparente\u201d, afirma Le\u00e3o.<\/p>\n<p>&nbsp;<\/p>\n<p>Tamb\u00e9m para o coronel da reserva da PM M\u00e1rcio Pereira da Silva, chefe de Casa Militar do governo Rollemberg, a escolha foi acertada. \u201cJorge \u00e9 conhecido pelos locais por onde trabalhou pela serenidade, coer\u00eancia e profissionalismo com a coisa p\u00fablica. \u00c9 um t\u00e9cnico muito \u00e9tico e ponderado\u201c, descreve.<\/p>\n<p>&nbsp;<\/p>\n<p>&nbsp;<\/p>\n","protected":false},"excerpt":{"rendered":"<p>ANA MARIA CAMPOS O novo ministro-chefe da Secretaria-geral da Presid\u00eancia da Rep\u00fablica, Jorge Ant\u00f4nio de Oliveira Francisco, pode ser um importante aliado para as demandas de policiais civis, policiais militares e bombeiros do DF. \u00c9 o primeiro policial militar do DF a ocupar um cargo no primeiro escal\u00e3o do governo federal. Ele foi anunciado hoje [&hellip;]<\/p>\n","protected":false},"author":9,"featured_media":15673,"comment_status":"open","ping_status":"closed","sticky":false,"template":"","format":"standard","meta":{"wpb_read_more":[],"footnotes":""},"categories":[234],"tags":[1281,1143,1845],"class_list":["post-15722","post","type-post","status-publish","format-standard","has-post-thumbnail","hentry","category-cb-poder","tag-secretaria-geral-da-presidencia-da-republica","tag-bolsonaro","tag-jorge-oliveira"],"_links":{"self":[{"href":"https:\/\/blogs2.correiobraziliense.com.br\/cbpoder\/wp-json\/wp\/v2\/posts\/15722","targetHints":{"allow":["GET"]}}],"collection":[{"href":"https:\/\/blogs2.correiobraziliense.com.br\/cbpoder\/wp-json\/wp\/v2\/posts"}],"about":[{"href":"https:\/\/blogs2.correiobraziliense.com.br\/cbpoder\/wp-json\/wp\/v2\/types\/post"}],"author":[{"embeddable":true,"href":"https:\/\/blogs2.correiobraziliense.com.br\/cbpoder\/wp-json\/wp\/v2\/users\/9"}],"replies":[{"embeddable":true,"href":"https:\/\/blogs2.correiobraziliense.com.br\/cbpoder\/wp-json\/wp\/v2\/comments?post=15722"}],"version-history":[{"count":6,"href":"https:\/\/blogs2.correiobraziliense.com.br\/cbpoder\/wp-json\/wp\/v2\/posts\/15722\/revisions"}],"predecessor-version":[{"id":15728,"href":"https:\/\/blogs2.correiobraziliense.com.br\/cbpoder\/wp-json\/wp\/v2\/posts\/15722\/revisions\/15728"}],"wp:featuredmedia":[{"embeddable":true,"href":"https:\/\/blogs2.correiobraziliense.com.br\/cbpoder\/wp-json\/wp\/v2\/media\/15673"}],"wp:attachment":[{"href":"https:\/\/blogs2.correiobraziliense.com.br\/cbpoder\/wp-json\/wp\/v2\/media?parent=15722"}],"wp:term":[{"taxonomy":"category","embeddable":true,"href":"https:\/\/blogs2.correiobraziliense.com.br\/cbpoder\/wp-json\/wp\/v2\/categories?post=15722"},{"taxonomy":"post_tag","embeddable":true,"href":"https:\/\/blogs2.correiobraziliense.com.br\/cbpoder\/wp-json\/wp\/v2\/tags?post=15722"}],"curies":[{"name":"wp","href":"https:\/\/api.w.org\/{rel}","templated":true}]}}