{"id":15758,"date":"2019-06-25T15:56:11","date_gmt":"2019-06-25T18:56:11","guid":{"rendered":"https:\/\/blogs2.correiobraziliense.com.br\/cbpoder\/?p=15758"},"modified":"2019-06-25T16:00:29","modified_gmt":"2019-06-25T19:00:29","slug":"empresarios-chineses-manifestam-interesse-pelo-metro","status":"publish","type":"post","link":"https:\/\/blogs2.correiobraziliense.com.br\/cbpoder\/empresarios-chineses-manifestam-interesse-pelo-metro\/","title":{"rendered":"Empres\u00e1rios chineses manifestam interesse pelo Metr\u00f4"},"content":{"rendered":"<p>Representantes de um cons\u00f3rcio chin\u00eas se encontraram, nesta ter\u00e7a-feira (25), com o governador Ibaneis Rocha (MDB) e integrantes do primeiro escal\u00e3o do GDF. Na pauta, a proposta de concess\u00e3o do Metr\u00f4-DF para a iniciativa privada. Os chineses demonstraram interesse na empreitada e devem participar do processo de apresenta\u00e7\u00e3o de projetos.<\/p>\n<p>Os empres\u00e1rios estrangeiros propuseram a reuni\u00e3o para se apresentar e reafirmar o desejo de construir uma proposta, de acordo com o secret\u00e1rio de Mobilidade e Transporte do DF, Valter Casimiro. \u201cEles queriam mostrar o tamanho da empresa, e a vasta experi\u00eancia na constru\u00e7\u00e3o e na venda de equipamento de material rodante, al\u00e9m de dizer que querem apresentar um projeto para o Metr\u00f4\u201d, conta.<\/p>\n<p>Os chineses que participaram da reuni\u00e3o de hoje s\u00e3o representantes dos grupos CREC e CRRC. O primeiro \u00e9 especializado em constru\u00e7\u00f5es e projetos, j\u00e1 o segundo tem atua\u00e7\u00e3o focada na fabrica\u00e7\u00e3o de trens. As companhias t\u00eam neg\u00f3cios no Brasil e demonstraram a inten\u00e7\u00e3o de expandi-los, segundo o GDF. \u201cEles quiseram nos falar que, por j\u00e1 estarem no Brasil, tamb\u00e9m gostariam de investir no projeto do Metr\u00f4. Por isso, sugerimos tamb\u00e9m que eles participassem da licita\u00e7\u00e3o do VLT da W3, que est\u00e1 em fase de projetos\u201d, contou o chefe da pasta.<\/p>\n<p>Segundo Casimiro, a conversa foi bastante inicial e n\u00e3o tratou de detalhes operacionais. Ele destaca que o grupo \u00e9 apenas um dos que manifestaram interesse em apresentar projetos para o Metr\u00f4-DF. \u201cAt\u00e9 agora, 13 empresas se apresentaram, mas o pr\u00f3ximo passo \u00e9 que elas apresentem projetos e n\u00e3o se pode dizer que todas de fato concretizar\u00e3o isso\u201d, ressalta.<\/p>\n<p>O edital com o chamamento para a apresenta\u00e7\u00e3o de estudos de empresas interessadas em assumir o metr\u00f4 foi publicado no in\u00edcio de maio. O secret\u00e1rio destaca que o processo \u00e9 longo e conta com v\u00e1rias etapas. \u201cAgora, n\u00f3s definiremos as empresas habilitadas e daremos 120 dias para que as empresas apresentem esses estudos. Depois, o projeto escolhido tem de passar pelo TCDF e pela C\u00e2mara Legislativa. S\u00f3 ent\u00e3o, podemos abrir licita\u00e7\u00e3o para escolher a empresa que gerenciar\u00e1\u201d, detalhou.<\/p>\n<p><strong>Greve e privatiza\u00e7\u00f5es<\/strong><\/p>\n<p>O processo de concess\u00e3o do Metr\u00f4 \u00e0 iniciativa privada teve in\u00edcio em meio \u00e0 paralisa\u00e7\u00e3o de servidores da empresa. A categoria est\u00e1 parada desde 2 de maio e o movimento n\u00e3o tem previs\u00e3o de acabar, uma vez que ainda n\u00e3o houve acordo entre sindicalistas e a dire\u00e7\u00e3o.<\/p>\n<p>A tentativa tamb\u00e9m faz parte de uma onda de privatiza\u00e7\u00e3o de empresas p\u00fablicas do DF. O governador Ibaneis Rocha (MDB) j\u00e1 deixou claro a inten\u00e7\u00e3o de transferir a gest\u00e3o de companhias como a CEB Distribui\u00e7\u00e3o e a Caesb. No caso da CEB, a proposta foi aprovada recentemente em reuni\u00e3o de acionistas.<\/p>\n","protected":false},"excerpt":{"rendered":"<p>Representantes de um cons\u00f3rcio chin\u00eas se encontraram, nesta ter\u00e7a-feira (25), com o governador Ibaneis Rocha (MDB) e integrantes do primeiro escal\u00e3o do GDF. Na pauta, a proposta de concess\u00e3o do Metr\u00f4-DF para a iniciativa privada. Os chineses demonstraram interesse na empreitada e devem participar do processo de apresenta\u00e7\u00e3o de projetos. Os empres\u00e1rios estrangeiros propuseram a [&hellip;]<\/p>\n","protected":false},"author":75,"featured_media":15759,"comment_status":"open","ping_status":"closed","sticky":false,"template":"","format":"standard","meta":{"wpb_read_more":[],"footnotes":""},"categories":[234],"tags":[1736,16,1008],"class_list":["post-15758","post","type-post","status-publish","format-standard","has-post-thumbnail","hentry","category-cb-poder","tag-concessao","tag-gdf","tag-metro"],"_links":{"self":[{"href":"https:\/\/blogs2.correiobraziliense.com.br\/cbpoder\/wp-json\/wp\/v2\/posts\/15758","targetHints":{"allow":["GET"]}}],"collection":[{"href":"https:\/\/blogs2.correiobraziliense.com.br\/cbpoder\/wp-json\/wp\/v2\/posts"}],"about":[{"href":"https:\/\/blogs2.correiobraziliense.com.br\/cbpoder\/wp-json\/wp\/v2\/types\/post"}],"author":[{"embeddable":true,"href":"https:\/\/blogs2.correiobraziliense.com.br\/cbpoder\/wp-json\/wp\/v2\/users\/75"}],"replies":[{"embeddable":true,"href":"https:\/\/blogs2.correiobraziliense.com.br\/cbpoder\/wp-json\/wp\/v2\/comments?post=15758"}],"version-history":[{"count":2,"href":"https:\/\/blogs2.correiobraziliense.com.br\/cbpoder\/wp-json\/wp\/v2\/posts\/15758\/revisions"}],"predecessor-version":[{"id":15761,"href":"https:\/\/blogs2.correiobraziliense.com.br\/cbpoder\/wp-json\/wp\/v2\/posts\/15758\/revisions\/15761"}],"wp:featuredmedia":[{"embeddable":true,"href":"https:\/\/blogs2.correiobraziliense.com.br\/cbpoder\/wp-json\/wp\/v2\/media\/15759"}],"wp:attachment":[{"href":"https:\/\/blogs2.correiobraziliense.com.br\/cbpoder\/wp-json\/wp\/v2\/media?parent=15758"}],"wp:term":[{"taxonomy":"category","embeddable":true,"href":"https:\/\/blogs2.correiobraziliense.com.br\/cbpoder\/wp-json\/wp\/v2\/categories?post=15758"},{"taxonomy":"post_tag","embeddable":true,"href":"https:\/\/blogs2.correiobraziliense.com.br\/cbpoder\/wp-json\/wp\/v2\/tags?post=15758"}],"curies":[{"name":"wp","href":"https:\/\/api.w.org\/{rel}","templated":true}]}}