{"id":15774,"date":"2019-06-26T15:51:54","date_gmt":"2019-06-26T18:51:54","guid":{"rendered":"https:\/\/blogs2.correiobraziliense.com.br\/cbpoder\/?p=15774"},"modified":"2019-06-26T18:24:40","modified_gmt":"2019-06-26T21:24:40","slug":"senador-preso-ferias-caribe","status":"publish","type":"post","link":"https:\/\/blogs2.correiobraziliense.com.br\/cbpoder\/senador-preso-ferias-caribe\/","title":{"rendered":"Com autoriza\u00e7\u00e3o da Justi\u00e7a do DF, senador preso passar\u00e1 f\u00e9rias no Caribe"},"content":{"rendered":"<h5>ALEXANDRE DE PAULA<\/h5>\n<p>Preso em regime aberto desde outubro de 2018 por crimes contra o sistema financeiro, o senador Acir Gurgacz (PDT-RO) passar\u00e1 f\u00e9rias no Caribe de 17 de julho a 3 de agosto. A viagem foi autorizada pelo Tribunal de Justi\u00e7a do Distrito Federal e dos Territ\u00f3rios. O pol\u00edtico cumpre expediente no Senado Federal.<\/p>\n<p>O pedido da defesa de Gurgacz para passar dias de folga num resort no Caribe recebeu tamb\u00e9m parecer favor\u00e1vel do Minist\u00e9rio P\u00fablico do Distrito Federal e Territ\u00f3rios. Com a decis\u00e3o, a execu\u00e7\u00e3o penal fica suspensa durante o per\u00edodo da realiza\u00e7\u00e3o da viagem.<\/p>\n<p>Gurgacz deve retornar na primeira semana de agosto e se submeter \u00e0 apresenta\u00e7\u00e3o bimestral obrigat\u00f3ria. \u201c A omiss\u00e3o de comparecimento \u00e0 apresenta\u00e7\u00e3o bimestral de agosto\/2019 para rein\u00edcio do cumprimento da pena acarretar\u00e1 a imediata expedi\u00e7\u00e3o de mandado de pris\u00e3o\u201d, diz trecho da decis\u00e3o do juiz Fernando Luiz de Lacerda Messere, da Vara de Execu\u00e7\u00f5es das Penas em Regimento Aberto do Distrito Federal.<\/p>\n<p><strong>Condena\u00e7\u00e3o<\/strong><\/p>\n<p>Em setembro do ano passado, Gurgacz foi condenado a quatro anos e seis meses de pris\u00e3o porque teria, segundo o processo, obtido um financiamento fraudulento junto ao Banco da Amaz\u00f4nia. Os recursos deveriam ser utilizados financiar compras de \u00f4nibus da empresa Eucatur, da qual o pol\u00edtico era diretor. Parte do valor teria sido desviada e o pr\u00f3prio Gurgacz teria embolsado R$ 525 mil.<\/p>\n","protected":false},"excerpt":{"rendered":"<p>ALEXANDRE DE PAULA Preso em regime aberto desde outubro de 2018 por crimes contra o sistema financeiro, o senador Acir Gurgacz (PDT-RO) passar\u00e1 f\u00e9rias no Caribe de 17 de julho a 3 de agosto. A viagem foi autorizada pelo Tribunal de Justi\u00e7a do Distrito Federal e dos Territ\u00f3rios. O pol\u00edtico cumpre expediente no Senado Federal. [&hellip;]<\/p>\n","protected":false},"author":75,"featured_media":15775,"comment_status":"open","ping_status":"closed","sticky":false,"template":"","format":"standard","meta":{"wpb_read_more":[],"footnotes":""},"categories":[234],"tags":[],"class_list":["post-15774","post","type-post","status-publish","format-standard","has-post-thumbnail","hentry","category-cb-poder"],"_links":{"self":[{"href":"https:\/\/blogs2.correiobraziliense.com.br\/cbpoder\/wp-json\/wp\/v2\/posts\/15774","targetHints":{"allow":["GET"]}}],"collection":[{"href":"https:\/\/blogs2.correiobraziliense.com.br\/cbpoder\/wp-json\/wp\/v2\/posts"}],"about":[{"href":"https:\/\/blogs2.correiobraziliense.com.br\/cbpoder\/wp-json\/wp\/v2\/types\/post"}],"author":[{"embeddable":true,"href":"https:\/\/blogs2.correiobraziliense.com.br\/cbpoder\/wp-json\/wp\/v2\/users\/75"}],"replies":[{"embeddable":true,"href":"https:\/\/blogs2.correiobraziliense.com.br\/cbpoder\/wp-json\/wp\/v2\/comments?post=15774"}],"version-history":[{"count":4,"href":"https:\/\/blogs2.correiobraziliense.com.br\/cbpoder\/wp-json\/wp\/v2\/posts\/15774\/revisions"}],"predecessor-version":[{"id":15794,"href":"https:\/\/blogs2.correiobraziliense.com.br\/cbpoder\/wp-json\/wp\/v2\/posts\/15774\/revisions\/15794"}],"wp:featuredmedia":[{"embeddable":true,"href":"https:\/\/blogs2.correiobraziliense.com.br\/cbpoder\/wp-json\/wp\/v2\/media\/15775"}],"wp:attachment":[{"href":"https:\/\/blogs2.correiobraziliense.com.br\/cbpoder\/wp-json\/wp\/v2\/media?parent=15774"}],"wp:term":[{"taxonomy":"category","embeddable":true,"href":"https:\/\/blogs2.correiobraziliense.com.br\/cbpoder\/wp-json\/wp\/v2\/categories?post=15774"},{"taxonomy":"post_tag","embeddable":true,"href":"https:\/\/blogs2.correiobraziliense.com.br\/cbpoder\/wp-json\/wp\/v2\/tags?post=15774"}],"curies":[{"name":"wp","href":"https:\/\/api.w.org\/{rel}","templated":true}]}}