{"id":15816,"date":"2019-06-27T08:29:34","date_gmt":"2019-06-27T11:29:34","guid":{"rendered":"https:\/\/blogs2.correiobraziliense.com.br\/cbpoder\/?p=15816"},"modified":"2019-06-27T08:29:34","modified_gmt":"2019-06-27T11:29:34","slug":"policia-judiciaria-quer-equiparacao-com-aposentadoria-dos-militares-na-reforma","status":"publish","type":"post","link":"https:\/\/blogs2.correiobraziliense.com.br\/cbpoder\/policia-judiciaria-quer-equiparacao-com-aposentadoria-dos-militares-na-reforma\/","title":{"rendered":"Pol\u00edcia Judici\u00e1ria quer equipara\u00e7\u00e3o com aposentadoria dos militares na reforma"},"content":{"rendered":"<h2>\n<em><strong>\u00c0 QUEIMA-ROUPA<\/strong><\/em><\/h2>\n<p>Rafael Sampaio, Presidente da Associa\u00e7\u00e3o de Delegados de Pol\u00edcia Judici\u00e1ria (ADPJ)<\/p>\n<p><strong>Representantes de entidades de delegados e policiais civis estiveram com o presidente da C\u00e2mara dos Deputados, Rodrigo Maia (DEM-RJ), nesta semana. O que foi tratado em rela\u00e7\u00e3o \u00e0 reforma da Previd\u00eancia?<\/strong><br \/>\nO presidente anotou alguns pontos e disse que pediria estudos para serem avaliados. Ele nos tranquilizou em rela\u00e7\u00e3o \u00e0 pens\u00e3o por morte em servi\u00e7o, que j\u00e1 est\u00e1 garantida por acordo. Ele nos ouviu em rela\u00e7\u00e3o a algumas demandas referentes \u00e0 inseguran\u00e7a jur\u00eddica. Se os estados n\u00e3o estiverem inseridos na reforma, seria muito importante para a gente que a norma que estabelecesse o par\u00e2metro da Uni\u00e3o, que deve ser estendida aos estados, que seja clara. Explicamos isso a ele, ele ouviu atentamente, anotou. Anotou nossa demanda em rela\u00e7\u00e3o \u00e0 possibilidade de aplicar a mesma regra dos militares aos policiais civis, tendo em vista que integramos o mesmo sistema dos policiais militares e que n\u00e3o vemos sentido nenhum de sermos tratados de forma diferente.<\/p>\n<p><strong>A qual benef\u00edcio dos militares voc\u00eas querem equipara\u00e7\u00e3o?<\/strong><br \/>\nA gente quer absolutamente tudo. Aceitamos a aposenta\u00e7\u00e3o que est\u00e1 sendo oferecida aos militares. Isso n\u00e3o engloba apenas os policiais civis, mas tamb\u00e9m Pol\u00edcia Federal, Pol\u00edcia Rodovi\u00e1ria Federal, as Guardas Municipais, os agentes penitenci\u00e1rios. Mostramos que o custo \u00e9 baixo. Hoje a economia que \u00e9 prevista pelo pr\u00f3prio Minist\u00e9rio da Economia em rela\u00e7\u00e3o \u00e0 seguran\u00e7a p\u00fablica \u00e9 de R$ 4,8 bilh\u00f5es, em 10 anos. Se atenderem aos nossos pleitos, essa economia seria reduzida em R$ 2 bilh\u00f5es. Ent\u00e3o, dentro de um cen\u00e1rio de economia de R$ 1 trilh\u00e3o, falar em redu\u00e7\u00e3o de R$ 2 bilh\u00f5es em 10 anos, entendemos que \u00e9 absolutamente insignificante.<\/p>\n<p><strong>Haver\u00e1 apoio do governo?<\/strong><br \/>\nO governo foi eleito sob a bandeira de investimento na seguran\u00e7a p\u00fablica. N\u00f3s n\u00e3o estamos vendo esse investimento. Estamos buscando v\u00e1rios elementos que nos d\u00e3o essa convic\u00e7\u00e3o. Temos um relat\u00f3rio do BID de 2017 que demonstra que o Brasil perde por ano R$ 258 bilh\u00f5es em raz\u00e3o da viol\u00eancia, seja com pagamento de seguros, com patrim\u00f4nios que s\u00e3o destru\u00eddos, com as vidas que s\u00e3o perdidas pelo pa\u00eds. Ent\u00e3o, num cen\u00e1rio como esse, sem investimento em seguran\u00e7a p\u00fablica para diminuir esse preju\u00edzo, querer economizar R$ 2 bilh\u00f5es e achar que est\u00e1 fazendo um bom neg\u00f3cio \u00e0s custas do envelhecimento da for\u00e7a policial n\u00e3o faz o menor sentido.<\/p>\n<p><strong>Todas as categorias t\u00eam um argumento para defender um benef\u00edcio em rela\u00e7\u00e3o \u00e0 reforma da Previd\u00eancia. Por que a Pol\u00edcia deveria ser contemplada e os professores, por exemplo, n\u00e3o?<\/strong><br \/>\nOs professores foram atendidos em alguns pontos. N\u00e3o conhe\u00e7o as demandas dos professores a fundo, com toda a franqueza. A gente se pauta muito na nossa bandeira e o argumento \u00e9 cosmopolita. A gente n\u00e3o est\u00e1 inventando a roda, n\u00e3o est\u00e1 sendo aplicado como uma jabuticaba que n\u00e3o existe em lugar nenhum do mundo. Muito pelo contr\u00e1rio. No mundo inteiro, h\u00e1 aposenta\u00e7\u00e3o do policial. Por que a gente fala isso? \u00c9 imposs\u00edvel conceber que servidores com 60, 65 ou 70 anos v\u00e3o ter for\u00e7a de combate para reprimir a criminalidade. Ent\u00e3o, \u00e9 condi\u00e7\u00e3o do exerc\u00edcio da atividade policial a sa\u00fade f\u00edsica, tanto \u00e9 que somos submetidos a exames f\u00edsicos. Que outra carreira \u00e9 submetida a prova f\u00edsica? N\u00f3s precisamos estar s\u00e3os fisicamente. Precisamos de higidez, de for\u00e7a f\u00edsica para ser o bra\u00e7o forte do Estado na repress\u00e3o \u00e0 criminalidade.<\/p>\n<p><strong>Existe uma decep\u00e7\u00e3o com o governo Bolsonaro em rela\u00e7\u00e3o \u00e0s bandeiras de campanha de investimento na \u00e1rea de seguran\u00e7a?<\/strong><br \/>\nExiste, sim. N\u00e3o h\u00e1 como negar isso. Entendo que o governo ainda vai se sensibilizar em rela\u00e7\u00e3o \u00e0s pautas da seguran\u00e7a p\u00fablica, mas a verdade \u00e9 que, em rela\u00e7\u00e3o ao tratamento da mat\u00e9ria humana for\u00e7a policial, a gente n\u00e3o est\u00e1 vendo nenhuma mudan\u00e7a comparado ao que nos era dispensado antes. Dou o exemplo da Previd\u00eancia. Fui numa audi\u00eancia p\u00fablica, onde me antecedeu o deputado Lincoln Portela, e ele falou que estava muito decepcionado com a forma como est\u00e1vamos sendo tratados na PEC da Previd\u00eancia porque a gente sempre foi tratado de uma forma tacanha pelos governos anteriores e, na avalia\u00e7\u00e3o dele, esse tratamento estava mantido. N\u00e3o queremos ser exclu\u00eddos da reforma. Queremos dar nossa cota de participa\u00e7\u00e3o. Agora, a gente n\u00e3o pode ser sacrificado e ter uma aposentadoria policial que vai inviabilizar essa aposenta\u00e7\u00e3o. N\u00f3s precisamos oxigenizar a for\u00e7a. N\u00e3o podemos ter uma pol\u00edcia velha.<\/p>\n<p><strong>E a quest\u00e3o do DF? Aproveitaram a audi\u00eancia para tratar da paridade da Pol\u00edcia Civil com a PF?<\/strong><br \/>\nN\u00e3o foi objeto da reuni\u00e3o. Chegou-se a se tocar tangencialmente, mas fizemos quest\u00e3o de n\u00e3o misturar as representa\u00e7\u00f5es. Esse tema do DF, no momento certo vamos tratar.<\/p>\n<p><strong>E voc\u00ea ainda acredita que ainda vai sair a paridade?<\/strong><br \/>\nEu acredito, sim. N\u00e3o existe nenhuma outra carreira no pa\u00eds que esteja t\u00e3o estagnada e defasada financeiramente. Desde 2007, n\u00f3s n\u00e3o temos aumento real.<\/p>\n","protected":false},"excerpt":{"rendered":"<p>\u00c0 QUEIMA-ROUPA Rafael Sampaio, Presidente da Associa\u00e7\u00e3o de Delegados de Pol\u00edcia Judici\u00e1ria (ADPJ) Representantes de entidades de delegados e policiais civis estiveram com o presidente da C\u00e2mara dos Deputados, Rodrigo Maia (DEM-RJ), nesta semana. O que foi tratado em rela\u00e7\u00e3o \u00e0 reforma da Previd\u00eancia? O presidente anotou alguns pontos e disse que pediria estudos para [&hellip;]<\/p>\n","protected":false},"author":9,"featured_media":15817,"comment_status":"open","ping_status":"closed","sticky":false,"template":"","format":"standard","meta":{"wpb_read_more":[],"footnotes":""},"categories":[234],"tags":[],"class_list":["post-15816","post","type-post","status-publish","format-standard","has-post-thumbnail","hentry","category-cb-poder"],"_links":{"self":[{"href":"https:\/\/blogs2.correiobraziliense.com.br\/cbpoder\/wp-json\/wp\/v2\/posts\/15816","targetHints":{"allow":["GET"]}}],"collection":[{"href":"https:\/\/blogs2.correiobraziliense.com.br\/cbpoder\/wp-json\/wp\/v2\/posts"}],"about":[{"href":"https:\/\/blogs2.correiobraziliense.com.br\/cbpoder\/wp-json\/wp\/v2\/types\/post"}],"author":[{"embeddable":true,"href":"https:\/\/blogs2.correiobraziliense.com.br\/cbpoder\/wp-json\/wp\/v2\/users\/9"}],"replies":[{"embeddable":true,"href":"https:\/\/blogs2.correiobraziliense.com.br\/cbpoder\/wp-json\/wp\/v2\/comments?post=15816"}],"version-history":[{"count":1,"href":"https:\/\/blogs2.correiobraziliense.com.br\/cbpoder\/wp-json\/wp\/v2\/posts\/15816\/revisions"}],"predecessor-version":[{"id":15818,"href":"https:\/\/blogs2.correiobraziliense.com.br\/cbpoder\/wp-json\/wp\/v2\/posts\/15816\/revisions\/15818"}],"wp:featuredmedia":[{"embeddable":true,"href":"https:\/\/blogs2.correiobraziliense.com.br\/cbpoder\/wp-json\/wp\/v2\/media\/15817"}],"wp:attachment":[{"href":"https:\/\/blogs2.correiobraziliense.com.br\/cbpoder\/wp-json\/wp\/v2\/media?parent=15816"}],"wp:term":[{"taxonomy":"category","embeddable":true,"href":"https:\/\/blogs2.correiobraziliense.com.br\/cbpoder\/wp-json\/wp\/v2\/categories?post=15816"},{"taxonomy":"post_tag","embeddable":true,"href":"https:\/\/blogs2.correiobraziliense.com.br\/cbpoder\/wp-json\/wp\/v2\/tags?post=15816"}],"curies":[{"name":"wp","href":"https:\/\/api.w.org\/{rel}","templated":true}]}}