{"id":15820,"date":"2019-06-27T17:08:03","date_gmt":"2019-06-27T20:08:03","guid":{"rendered":"https:\/\/blogs2.correiobraziliense.com.br\/cbpoder\/?p=15820"},"modified":"2019-06-27T17:08:25","modified_gmt":"2019-06-27T20:08:25","slug":"conplan-recebe-projeto-que-altera-normas-de-ocupacao-do-sig","status":"publish","type":"post","link":"https:\/\/blogs2.correiobraziliense.com.br\/cbpoder\/conplan-recebe-projeto-que-altera-normas-de-ocupacao-do-sig\/","title":{"rendered":"Conplan recebe projeto que altera normas de ocupa\u00e7\u00e3o do SIG"},"content":{"rendered":"<p><span style=\"font-weight: 400\">A Secretaria de Desenvolvimento Urbano e Habita\u00e7\u00e3o entregou ao Conselho <\/span><span style=\"font-weight: 400\">de Planejamento Territorial e Urbano do DF (Conplan), nesta quinta-feira (27\/06), a minuta do projeto de lei complementar que prev\u00ea a altera\u00e7\u00e3o das normas de ocupa\u00e7\u00e3o do Setor de Ind\u00fastrias Gr\u00e1ficas (SIG). Caso aprovada, a proposta segue para a C\u00e2mara Legislativa, onde precisa de pelo menos 13 votos favor\u00e1veis para virar legisla\u00e7\u00e3o.<\/span><\/p>\n<p>&nbsp;<\/p>\n<p><span style=\"font-weight: 400\">A relatoria ficou sob responsabilidade de Ov\u00eddio Maia Filho e Carolina Baima Cavalcanti, que representam, respectivamente, a Federa\u00e7\u00e3o do Com\u00e9rcio de Bens, Servi\u00e7os e Turismo do DF (Fecom\u00e9rcio) e o Instituto de Arquitetos do Brasil no DF (IAB). O Conplan deve analisar o parecer conjunto em 25 de julho, data da pr\u00f3xima reuni\u00e3o. O conselho \u00e9 formado por 30 integrantes, al\u00e9m do governador Ibaneis Rocha (MDB).\u00a0<\/span><\/p>\n<p>&nbsp;<\/p>\n<blockquote><p><span style=\"font-weight: 400\">O projeto libera atividades industriais, comerciais, de servi\u00e7os e institucionais no SIG, com a constru\u00e7\u00e3o de pr\u00e9dios de at\u00e9 15m de altura \u2014 hoje, o uso dos lotes \u00e9 restrito \u00e0s atividades banc\u00e1rias, de radiodifus\u00e3o e impress\u00e3o de jornais e revistas. \u201cA ideia \u00e9 adequar a lei \u00e0s necessidades da cidade. \u00c9 preciso dar seguran\u00e7a jur\u00eddica \u00e0s empresas que atuam no local e desburocratizar o processo para que empreendimentos consigam se instalar. Tudo isso impulsiona o desenvolvimento econ\u00f4mico\u201d, argumentou Ov\u00eddio Maia.\u00a0<\/span><\/p><\/blockquote>\n<p>&nbsp;<\/p>\n<p><span style=\"font-weight: 400\">Para a arquiteta e urbanista Carolina Cavalcanti, a proposta trata-se, ainda, de uma estrat\u00e9gia de preserva\u00e7\u00e3o do espa\u00e7o. \u201cEvitariamos a vac\u00e2ncia de pr\u00e9dios e a deteriora\u00e7\u00e3o do parque edificado. Quando conseguimos flexibilizar os usos originais das regi\u00f5es, damos uma nova din\u00e2mica\u201d, explicou. \u201cA \u00e1rea \u00e9 tombada, mas n\u00e3o podemos deix\u00e1-la engessada. Precisamos sempre buscar a democratiza\u00e7\u00e3o dos espa\u00e7os\u201d, completou.<\/span><\/p>\n<p>&nbsp;<\/p>\n<p><span style=\"font-weight: 400\">Criado em 1961, logo ap\u00f3s a inaugura\u00e7\u00e3o de Bras\u00edlia, para abrigar empresas gr\u00e1ficas, o SIG sofreu com um desvirtuamento de uso nas \u00faltimas d\u00e9cadas. Hoje, boa parte dos lotes abriga atividades comerciais e de servi\u00e7os. Como esse uso n\u00e3o est\u00e1 previsto nas normas de gabarito do SIG, os empres\u00e1rios n\u00e3o conseguem obter alvar\u00e1 de funcionamento.<\/span><\/p>\n<p>&nbsp;<\/p>\n<h2><b>Destaque<\/b><\/h2>\n<p>&nbsp;<\/p>\n<p><span style=\"font-weight: 400\">A proposta, discutida h\u00e1 mais de uma d\u00e9cada, seria inclu\u00edda no Plano de Preserva\u00e7\u00e3o do Conjunto Urban\u00edstico de Bras\u00edlia (PPCub), projeto de lei que vai detalhar as normas de ocupa\u00e7\u00e3o na \u00e1rea tombada da capital federal. Mas, diante de pedidos do setor produtivo e do entendimento do GDF de que a medida \u00e9 essencial para impulsionar o desenvolvimento econ\u00f4mico, o governo optou por destacar o tema do PPCub e encaminhar \u00e0 C\u00e2mara um projeto \u00e0 parte, com mais rapidez.<\/span><\/p>\n<p>&nbsp;<\/p>\n<blockquote><p><span style=\"font-weight: 400\">Antes de chegar ao Conplan, a proposi\u00e7\u00e3o passou pelo crivo de <\/span><span style=\"font-weight: 400\">concession\u00e1rias do servi\u00e7o p\u00fablico, como a Companhia Energ\u00e9tica de Bras\u00edlia (CEB), a Companhia de Saneamento Ambiental do DF (Caesb) e a Companhia Urbanizadora da Nova Capital (Novacap), al\u00e9m do Instituto do Patrim\u00f4nio Art\u00edstico Nacional (Iphan).<\/span><\/p><\/blockquote>\n<p>&nbsp;<\/p>\n<p><span style=\"font-weight: 400\">O texto tamb\u00e9m foi submetido a representantes da sociedade civil e moradores de regi\u00f5es pr\u00f3ximas em uma audi\u00eancia p\u00fablica. No encontro, t\u00e9cnicos da Secretaria informaram que o governo elabora um projeto de requalifica\u00e7\u00e3o vi\u00e1ria para o setor. O estudo preliminar envolve a compatibiliza\u00e7\u00e3o da via com o corredor do BRT, que passaria pela Estrada Parque Taguatinga (EPTG), e a amplia\u00e7\u00e3o da oferta de vagas de estacionamento p\u00fablico no setor.<\/span><\/p>\n<p>&nbsp;<\/p>\n","protected":false},"excerpt":{"rendered":"<p>A Secretaria de Desenvolvimento Urbano e Habita\u00e7\u00e3o entregou ao Conselho de Planejamento Territorial e Urbano do DF (Conplan), nesta quinta-feira (27\/06), a minuta do projeto de lei complementar que prev\u00ea a altera\u00e7\u00e3o das normas de ocupa\u00e7\u00e3o do Setor de Ind\u00fastrias Gr\u00e1ficas (SIG). Caso aprovada, a proposta segue para a C\u00e2mara Legislativa, onde precisa de pelo [&hellip;]<\/p>\n","protected":false},"author":90,"featured_media":15142,"comment_status":"open","ping_status":"closed","sticky":false,"template":"","format":"standard","meta":{"wpb_read_more":[],"footnotes":""},"categories":[234],"tags":[70,1852,1752,1853,1854],"class_list":["post-15820","post","type-post","status-publish","format-standard","has-post-thumbnail","hentry","category-cb-poder","tag-camara-legislativa","tag-conplan","tag-ocupacao","tag-sig","tag-uso"],"_links":{"self":[{"href":"https:\/\/blogs2.correiobraziliense.com.br\/cbpoder\/wp-json\/wp\/v2\/posts\/15820","targetHints":{"allow":["GET"]}}],"collection":[{"href":"https:\/\/blogs2.correiobraziliense.com.br\/cbpoder\/wp-json\/wp\/v2\/posts"}],"about":[{"href":"https:\/\/blogs2.correiobraziliense.com.br\/cbpoder\/wp-json\/wp\/v2\/types\/post"}],"author":[{"embeddable":true,"href":"https:\/\/blogs2.correiobraziliense.com.br\/cbpoder\/wp-json\/wp\/v2\/users\/90"}],"replies":[{"embeddable":true,"href":"https:\/\/blogs2.correiobraziliense.com.br\/cbpoder\/wp-json\/wp\/v2\/comments?post=15820"}],"version-history":[{"count":2,"href":"https:\/\/blogs2.correiobraziliense.com.br\/cbpoder\/wp-json\/wp\/v2\/posts\/15820\/revisions"}],"predecessor-version":[{"id":15822,"href":"https:\/\/blogs2.correiobraziliense.com.br\/cbpoder\/wp-json\/wp\/v2\/posts\/15820\/revisions\/15822"}],"wp:featuredmedia":[{"embeddable":true,"href":"https:\/\/blogs2.correiobraziliense.com.br\/cbpoder\/wp-json\/wp\/v2\/media\/15142"}],"wp:attachment":[{"href":"https:\/\/blogs2.correiobraziliense.com.br\/cbpoder\/wp-json\/wp\/v2\/media?parent=15820"}],"wp:term":[{"taxonomy":"category","embeddable":true,"href":"https:\/\/blogs2.correiobraziliense.com.br\/cbpoder\/wp-json\/wp\/v2\/categories?post=15820"},{"taxonomy":"post_tag","embeddable":true,"href":"https:\/\/blogs2.correiobraziliense.com.br\/cbpoder\/wp-json\/wp\/v2\/tags?post=15820"}],"curies":[{"name":"wp","href":"https:\/\/api.w.org\/{rel}","templated":true}]}}