{"id":15830,"date":"2019-07-01T08:02:49","date_gmt":"2019-07-01T11:02:49","guid":{"rendered":"https:\/\/blogs2.correiobraziliense.com.br\/cbpoder\/?p=15830"},"modified":"2019-07-01T08:02:49","modified_gmt":"2019-07-01T11:02:49","slug":"por-medo-da-militancia-virtual-politicos-favoraveis-ao-desarmamento-sao-discretos","status":"publish","type":"post","link":"https:\/\/blogs2.correiobraziliense.com.br\/cbpoder\/por-medo-da-militancia-virtual-politicos-favoraveis-ao-desarmamento-sao-discretos\/","title":{"rendered":"Por medo da milit\u00e2ncia virtual, pol\u00edticos favor\u00e1veis ao desarmamento s\u00e3o discretos"},"content":{"rendered":"<h6><strong>Coluna Eixo Capital\/Por Ana Maria Campos<\/strong><\/h6>\n<p>Muitos pol\u00edticos favor\u00e1veis ao desarmamento andam incomodados com a ruidosa e agressiva milit\u00e2ncia virtual a favor do decreto do presidente Jair Bolsonaro que amplia a possibilidade de um cidad\u00e3o comum portar uma arma de fogo. \u00c9 que, nas redes sociais, o debate \u00e9 quente e a propaganda contra esses parlamentares \u00e9 intensa. Os aliados do desarmamento t\u00eam se revelado muito mais discretos.<\/p>\n<h2>\n<strong>Perguntas diferentes<\/strong><\/h2>\n<p>O PSDB tem uma pesquisa que indica um fato curioso. Quando se pergunta \u00e0s pessoas se s\u00e3o favor\u00e1veis ao projeto que pune ju\u00edzes e procuradores por abuso de autoridade, a maioria diz que n\u00e3o. Mas basta mudar a forma de se fazer a pergunta para obter um resultado diferente.<\/p>\n<p>A maioria se mostra favor\u00e1vel por puni\u00e7\u00f5es a autoridades que praticam ilegalidades. \u201cAs pessoas n\u00e3o aceitam que um juiz, por exemplo, venda uma senten\u00e7a e seja punido apenas com a aposentadoria\u201d, afirma o senador Izalci Lucas (PSDB-DF), que votou a favor da proposta na semana passada.<\/p>\n<h2>\n<strong>Bloco anti-Lula<\/strong><\/h2>\n<p>De juiz a ministro da Justi\u00e7a, S\u00e9rgio Moro entrou na pol\u00edtica. Com a crise provocada por vazamentos de conversas no Telegram, ele vai cada vez mais entrando nesse mundo. Na \u00faltima sexta-feira, recebeu uma medalha do governador de S\u00e3o Paulo, Jo\u00e3o Doria, com discurso do tucano de \u201cMenos Lula e mais Moro\u201d.<\/p>\n<p>O ex-juiz da Lava-Jato vai, aos poucos, entrando definitivamente no bloco anti-PT, praticamente \u201cempurrado\u201d para disputar elei\u00e7\u00f5es. As manifesta\u00e7\u00f5es marcadas para hoje em todo o pa\u00eds ser\u00e3o um bom term\u00f4metro.<\/p>\n<h2>\n<strong>Foco na sa\u00fade<\/strong><\/h2>\n<p>Com seis meses de governo, Ibaneis Rocha tem um grande desafio: melhorar a sa\u00fade p\u00fablica.<\/p>\n<h2>\n<strong>Presid\u00eancia renovada<\/strong><\/h2>\n<p>Menos de um ano depois de participar da primeira elei\u00e7\u00e3o no DF, o Partido Novo troca hoje o comando. Edvard Corr\u00eaa escreveu uma carta de despedida aos filiados, ap\u00f3s dois anos na presid\u00eancia, ressaltando o desempenho da legenda at\u00e9 agora que conseguiu eleger uma deputada distrital, J\u00falia Lucy, e conquistou cerca de 400 mil votos no DF, a maioria destinada ao advogado Paulo Roque, que concorreu ao Senado.<\/p>\n<p>Agora assumem os trabalhos partid\u00e1rios: Luiza Rodrigues como presidente, Wallace Tanaka como vice-presidente, Mauro Porto como secret\u00e1rio Financeiro, Rodrigo Freire como secret\u00e1rio de Assuntos Institucionais e Legais e Emerson da Cunha como secret\u00e1rio Administrativo.<\/p>\n<h2>\n<strong>Vertigem hist\u00f3rica<\/strong><\/h2>\n<p>Na lista do <em>New York Times<\/em> como um dos melhores filmes do ano, o document\u00e1rio Democracia em Vertigem tem emocionado muita gente. \u00c9 uma vis\u00e3o de que o impeachment de Dilma Rousseff foi golpe e a pris\u00e3o e condena\u00e7\u00e3o do ex-presidente Lula s\u00e3o uma injusti\u00e7a. A cineasta Petra Costa mistura a realidade da pol\u00edtica, com impress\u00f5es pessoais e hist\u00f3ria da pr\u00f3pria fam\u00edlia. Muito bem feito. Mas um erro chama a aten\u00e7\u00e3o. O document\u00e1rio mostra que, ap\u00f3s o impeachment e a posse do vice Michel Temer, a velha pol\u00edtica tomou conta do pa\u00eds e os antigos integrantes do poder, que estavam numa esp\u00e9cie de ex\u00edlio, retornaram aos sal\u00f5es de Bras\u00edlia. O problema \u00e9 que uma das imagens principais \u00e9 de Henrique Meirelles, ministro da Fazenda de Temer. Ele, no entanto, foi a figura mais longeva nos dois mandatos de Lula. Esteve, nos oito anos do petista, como presidente do Banco Central.<\/p>\n<h2>\n<strong>Na lista<\/strong><\/h2>\n<p>Se S\u00e9rgio Moro desviar a rota do STF, na vaga que ser\u00e1 aberta com a aposentadoria de Celso de Mello, um nome que est\u00e1 na bolsa de aposta \u00e9 o do advogado-geral da Uni\u00e3o (AGU), Andr\u00e9 Mendon\u00e7a. Evang\u00e9lico, como o presidente definiu que seria um bom pr\u00e9-requisito, Mendon\u00e7a est\u00e1 bem pr\u00f3ximo todos os dias de Jair Bolsonaro.<\/p>\n<h2>\n<strong>Mandou bem<\/strong><\/h2>\n<p>O ministro Alexandre de Moraes, do STF, acatou pedido da procuradora-geral da Rep\u00fablica, Raquel Dodge, e suspendeu as f\u00e9rias do senador Acir Gurgacz, autorizadas pela Justi\u00e7a do DF, em um resort no Caribe. O parlamentar cumpre pena por desvios de recursos p\u00fablicos.<\/p>\n<h2><strong>Mandou mal<\/strong><\/h2>\n<p>Um militar brasileiro da comitiva do presidente Jair Bolsonaro escalada para viajar ao Jap\u00e3o, onde foram realizadas as reuni\u00f5es do G20, foi flagrado pelas autoridades espanholas na conex\u00e3o em Sevilha com 39 kg de coca\u00edna na bagagem de m\u00e3o dentro de avi\u00e3o da FAB.<\/p>\n<h2><strong>Enquanto isso&#8230; Na sala de Justi\u00e7a<\/strong><\/h2>\n<p>Em meio \u00e0 disputa pela vaga de desembargador da OAB no quinto constitucional, o Tribunal de Justi\u00e7a do DF abriu outro processo seletivo que vai movimentar os advogados. A vaga de juiz suplente do Tribunal Regional Eleitoral (TRE-DF), com o fim do mandato de Jackson Dom\u00e9stico em agosto. Ser\u00e1 mais uma nomea\u00e7\u00e3o do presidente Jair Bolsonaro na Justi\u00e7a do DF.<\/p>\n<h2>\n<strong>Aproxima\u00e7\u00e3o com o 01<\/strong><\/h2>\n<p>Depois de bater boca com o ent\u00e3o deputado Jair Bolsonaro em 2016 no plen\u00e1rio da C\u00e2mara, a advogada Daniela Teixeira foi alvo de ironias postadas no Twitter pelo deputado Eduardo Bolsonaro (PSL-SP), pela inten\u00e7\u00e3o de ser nomeada pelo patriarca ministra do TSE. Mas a criminalista, que figura em primeiro lugar na lista eleita pelo STF para a sele\u00e7\u00e3o, garantiu aos amigos que aparou as arestas com o filho 01 do presidente, o senador Fl\u00e1vio Bolsonaro (PSL-RJ).<\/p>\n<h2><em><strong>S\u00f3 papos<\/strong><\/em><\/h2>\n<blockquote><p>\nNo passado o avi\u00e3o presidencial j\u00e1 transportou drogas em maior quantidade. Algu\u00e9m sabe o peso do Lula ou da Dilma?<\/p><\/blockquote>\n<p style=\"text-align: right\">Ministro da Educa\u00e7\u00e3o, Abraham Weintraub<\/p>\n<blockquote><p>\n\u201cUm camarada destes \u00e9 ministro da Educa\u00e7\u00e3o de um pa\u00eds. Pensar uma gracinha destas \u00e9 tosco. Publicar \u00e9 inomin\u00e1vel. Ele n\u00e3o tem a m\u00ednima no\u00e7\u00e3o de onde est\u00e1 e o que representa. O fundo do po\u00e7o n\u00e3o chega nunca\u201d.<\/p><\/blockquote>\n<p style=\"text-align: right\"><strong>Cineasta Fernando Meirelles<\/strong><\/p>\n","protected":false},"excerpt":{"rendered":"<p>Coluna Eixo Capital\/Por Ana Maria Campos Muitos pol\u00edticos favor\u00e1veis ao desarmamento andam incomodados com a ruidosa e agressiva milit\u00e2ncia virtual a favor do decreto do presidente Jair Bolsonaro que amplia a possibilidade de um cidad\u00e3o comum portar uma arma de fogo. \u00c9 que, nas redes sociais, o debate \u00e9 quente e a propaganda contra esses [&hellip;]<\/p>\n","protected":false},"author":9,"featured_media":15422,"comment_status":"open","ping_status":"closed","sticky":false,"template":"","format":"standard","meta":{"wpb_read_more":[],"footnotes":""},"categories":[234],"tags":[],"class_list":["post-15830","post","type-post","status-publish","format-standard","has-post-thumbnail","hentry","category-cb-poder"],"_links":{"self":[{"href":"https:\/\/blogs2.correiobraziliense.com.br\/cbpoder\/wp-json\/wp\/v2\/posts\/15830","targetHints":{"allow":["GET"]}}],"collection":[{"href":"https:\/\/blogs2.correiobraziliense.com.br\/cbpoder\/wp-json\/wp\/v2\/posts"}],"about":[{"href":"https:\/\/blogs2.correiobraziliense.com.br\/cbpoder\/wp-json\/wp\/v2\/types\/post"}],"author":[{"embeddable":true,"href":"https:\/\/blogs2.correiobraziliense.com.br\/cbpoder\/wp-json\/wp\/v2\/users\/9"}],"replies":[{"embeddable":true,"href":"https:\/\/blogs2.correiobraziliense.com.br\/cbpoder\/wp-json\/wp\/v2\/comments?post=15830"}],"version-history":[{"count":1,"href":"https:\/\/blogs2.correiobraziliense.com.br\/cbpoder\/wp-json\/wp\/v2\/posts\/15830\/revisions"}],"predecessor-version":[{"id":15831,"href":"https:\/\/blogs2.correiobraziliense.com.br\/cbpoder\/wp-json\/wp\/v2\/posts\/15830\/revisions\/15831"}],"wp:featuredmedia":[{"embeddable":true,"href":"https:\/\/blogs2.correiobraziliense.com.br\/cbpoder\/wp-json\/wp\/v2\/media\/15422"}],"wp:attachment":[{"href":"https:\/\/blogs2.correiobraziliense.com.br\/cbpoder\/wp-json\/wp\/v2\/media?parent=15830"}],"wp:term":[{"taxonomy":"category","embeddable":true,"href":"https:\/\/blogs2.correiobraziliense.com.br\/cbpoder\/wp-json\/wp\/v2\/categories?post=15830"},{"taxonomy":"post_tag","embeddable":true,"href":"https:\/\/blogs2.correiobraziliense.com.br\/cbpoder\/wp-json\/wp\/v2\/tags?post=15830"}],"curies":[{"name":"wp","href":"https:\/\/api.w.org\/{rel}","templated":true}]}}