{"id":15838,"date":"2019-07-03T08:01:41","date_gmt":"2019-07-03T11:01:41","guid":{"rendered":"https:\/\/blogs2.correiobraziliense.com.br\/cbpoder\/?p=15838"},"modified":"2019-07-03T17:45:02","modified_gmt":"2019-07-03T20:45:02","slug":"senado-completa-cinco-meses-sem-conselho-de-etica","status":"publish","type":"post","link":"https:\/\/blogs2.correiobraziliense.com.br\/cbpoder\/senado-completa-cinco-meses-sem-conselho-de-etica\/","title":{"rendered":"Legislatura completa cinco meses e Senado ainda n\u00e3o tem Conselho de \u00c9tica"},"content":{"rendered":"<h6><strong>Coluna Eixo Capital\/Por Ana Maria Campos<\/strong><\/h6>\n<p>A nova legislatura no Congresso completou cinco meses ontem e at\u00e9 hoje o presidente do Senado, Davi Alcolumbre (DEM-AP), n\u00e3o instalou o Conselho de \u00c9tica. Uma inst\u00e2ncia que j\u00e1 fez parte de tantas hist\u00f3rias da pol\u00edtica nacional, como os epis\u00f3dios do painel eletr\u00f4nico do Senado, que levaram \u00e0 ren\u00fancia de Jos\u00e9 Roberto Arruda (ent\u00e3o no PSDB-DF) e de Ant\u00f4nio Carlos Magalh\u00e3es (PFL-BA) em 2001, as den\u00fancias que provocaram tamb\u00e9m na sequ\u00eancia a derrocada de Jader Barbalho (PMDB-PA) e a cassa\u00e7\u00e3o do mandato de Luiz Estev\u00e3o em 2000.<\/p>\n<p>Em 2012, foi a vez de Dem\u00f3stenes Torres (DEM-GO), acusado de liga\u00e7\u00e3o com o suposto bicheiro Carlinhos Cachoeira. O \u00faltimo na lista foi Delc\u00eddio do Amaral (PT-MT), suspeito de tentar obstruir as investiga\u00e7\u00f5es da Lava-Jato.<\/p>\n<p>O nome cotado para presidir o Conselho de \u00c9tica \u00e9 o da senadora Selma Arruda (PSL-MT), ju\u00edza aposentada que teve o mandato cassado pela Justi\u00e7a Eleitoral por caixa dois e abuso de poder econ\u00f4mico. O processo est\u00e1 em grau de recurso.<\/p>\n<h2><strong>Reguffe: \u201cJudici\u00e1rio \u00e9 poder intoc\u00e1vel?\u201d<\/strong><\/h2>\n<p>O senador Jos\u00e9 Ant\u00f4nio Reguffe (Sem partido-DF) subiu \u00e0 tribuna duas vezes nesta semana para cobrar duas coisas: a imediata instala\u00e7\u00e3o do Conselho de \u00c9tica do Senado e uma consulta ao plen\u00e1rio sobre a instala\u00e7\u00e3o da CPI da Lava-Toga.<\/p>\n<p>\u201cPor que o Judici\u00e1rio n\u00e3o pode ser investigado? O Judici\u00e1rio \u00e9 um poder intoc\u00e1vel?\u201d, reclama. E acrescenta: \u201cQuanto ao Conselho de \u00c9tica, o semestre est\u00e1 no fim e est\u00e3o empurrando com a barriga\u201d.<\/p>\n<h2><strong>Escolinha do Professor Raimundo\u2026<\/strong><\/h2>\n<p>Parece piada com um assunto t\u00e3o s\u00e9rio: \u201cSe eu ficar cuidando aqui at\u00e9 de quem foi ao banheiro e algu\u00e9m sentou no lugar, pelo amor de Deus\u2026 N\u00e3o tem o que fazer\u201d. E completou repetindo o que algu\u00e9m disse na plateia: \u201cE o sal\u00e1rio \u00f3\u201d&#8230; Palavras do presidente da CCJ da C\u00e2mara, Francischini (PSL-PR), que tentou colocar ordem na Casa, mas a confus\u00e3o era grande.<\/p>\n<p>Ningu\u00e9m estava interessado em ouvir as explica\u00e7\u00f5es do ministro da Justi\u00e7a e Seguran\u00e7a P\u00fablica, S\u00e9rgio Moro. Queriam, na verdade, fazer pronunciamentos para aparecer na tev\u00ea e nas redes sociais. O sal\u00e1rio bruto dos deputados \u00e9 R$ 33.763, fora cota de atividade parlamentar e aux\u00edlio-moradia.<\/p>\n<h2><strong>Lua de mel curta<\/strong><\/h2>\n<p>Acabou a lua de mel entre policiais civis de todo o pa\u00eds com o governo do presidente Jair Bolsonaro. Ontem, v\u00e1rios representantes da categoria, inclusive parlamentares do PSL, fizeram um protesto na C\u00e2mara, sob os gritos de: \u201cBolsonaro, traidor\u201d.<\/p>\n<h2><strong>Distritais criticam homenagem a militar alem\u00e3o morto no Brasil<\/strong><\/h2>\n<p>Os deputados Leandro Grass (Rede) e F\u00e1bio F\u00e9lix (PSol) criticaram a iniciativa do Ex\u00e9rcito brasileiro de prestar uma homenagem ao militar alem\u00e3o Eduard Ernest Thilo Otto Maximilian von Westernhagen, que atuou no ex\u00e9rcito de Hitler durante a Segunda Guerra Mundial e foi assassinado no Brasil, em 1966.<\/p>\n<p>\u201cO Ex\u00e9rcito brasileiro flertou com o que h\u00e1 de pior na hist\u00f3ria da humanidade. Homenagear um representante do nazismo \u00e9 inadmiss\u00edvel, com todo respeito \u00e0 vida deste senhor. Lament\u00e1vel e vergonhoso\u201d, disse Grass. \u201cInaceit\u00e1vel que o Ex\u00e9rcito brasileiro homenageie um militar nazista! Querem reescrever a hist\u00f3ria dos campos de concentra\u00e7\u00e3o tamb\u00e9m?\u201d, reclamou F\u00e9lix.<\/p>\n<h2><strong>Fraga emplaca benef\u00edcio para militares fora do mandato<\/strong><\/h2>\n<p>Fora do mandato, o ex-deputado Alberto Fraga (DEM-DF) comemora a aprova\u00e7\u00e3o de proposta de sua iniciativa. Ser\u00e1 promulgada hoje Emenda Constitucional 101\/2019 que garante o ac\u00famulo de cargos aos militares com fun\u00e7\u00f5es de professor ou profissional da sa\u00fade.<\/p>\n<p>O texto vai valer para os servidores das pol\u00edcias e dos corpos de bombeiros militares dos estados e do Distrito Federal. A Constitui\u00e7\u00e3o pro\u00edbe a acumula\u00e7\u00e3o de cargos, mas abre algumas exce\u00e7\u00f5es: se houver compatibilidade de hor\u00e1rios, servidores civis podem desempenhar dois cargos de professor; um cargo de professor com outro t\u00e9cnico ou cient\u00edfico; ou dois cargos ou empregos privativos de profissionais de sa\u00fade.<\/p>\n<p>A PEC estende esse benef\u00edcio aos militares estaduais. Em todos os casos, os profissionais que acumulam cargos devem respeitar o teto de renumera\u00e7\u00e3o no servi\u00e7o p\u00fablico.<\/p>\n<h2><strong>Siga o dinheiro<\/strong><\/h2>\n<p>R$ 100.000<\/p>\n<p>Valor destinado pela Administra\u00e7\u00e3o regional de Brazl\u00e2ndia para a realiza\u00e7\u00e3o de tr\u00eas shows: Banda Brais Oss (R$ 25 mil); Davi Sacer (R$ 45 mil) e a dupla sertaneja Roni e Ricardo (R$ 30 mil), segundo levantamento do gabinete do deputado Chico Vigilante (PT).<\/p>\n<h2><strong>A pergunta que n\u00e3o quer calar\u2026.<\/strong><\/h2>\n<p>Deputados queriam mesmo obter respostas do ministro da Justi\u00e7a e Seguran\u00e7a P\u00fablica, S\u00e9rgio Moro, ou simplesmente fazer perguntas?<\/p>\n<h2><strong><em>S\u00f3 papos<\/em><\/strong><\/h2>\n<blockquote><p>\u201cIsso, senhor S\u00e9rgio Moro, n\u00e3o \u00e9 imparcialidade. Isso \u00e9 rasgar a toga. Isso \u00e9 desmoralizar a Opera\u00e7\u00e3o Lava-Jato e o combate \u00e0 corrup\u00e7\u00e3o. Isso \u00e9 a reincid\u00eancia de um crime que j\u00e1 foi cometido durante a Opera\u00e7\u00e3o Banestado, inclusive impedindo condena\u00e7\u00f5es pelo v\u00edcio e pela ilegalidade\u201d<\/p><\/blockquote>\n<p style=\"text-align: right\"><strong>Deputada Erika Kokay (PT-DF)<\/strong><\/p>\n<blockquote><p>\u201cO CNMP determinou o arquivamento de representa\u00e7\u00f5es feitas contra Deltan Dallagnol porque disse que n\u00e3o havia qualquer il\u00edcito. Ent\u00e3o, al\u00e9m de n\u00e3o ser il\u00edcito s\u00e3o fabricadas, mentirosas essas mensagens. Mais ou menos 85% das pessoas est\u00e3o torcendo pela Lava-Jato e apoiando Vossa Excel\u00eancia\u201d<\/p><\/blockquote>\n<p style=\"text-align: right\"><strong>Deputada Bia Kicis (PSL-DF)<\/strong><\/p>\n","protected":false},"excerpt":{"rendered":"<p>Coluna Eixo Capital\/Por Ana Maria Campos A nova legislatura no Congresso completou cinco meses ontem e at\u00e9 hoje o presidente do Senado, Davi Alcolumbre (DEM-AP), n\u00e3o instalou o Conselho de \u00c9tica. Uma inst\u00e2ncia que j\u00e1 fez parte de tantas hist\u00f3rias da pol\u00edtica nacional, como os epis\u00f3dios do painel eletr\u00f4nico do Senado, que levaram \u00e0 ren\u00fancia [&hellip;]<\/p>\n","protected":false},"author":9,"featured_media":15839,"comment_status":"open","ping_status":"closed","sticky":false,"template":"","format":"standard","meta":{"wpb_read_more":[],"footnotes":""},"categories":[234],"tags":[],"class_list":["post-15838","post","type-post","status-publish","format-standard","has-post-thumbnail","hentry","category-cb-poder"],"_links":{"self":[{"href":"https:\/\/blogs2.correiobraziliense.com.br\/cbpoder\/wp-json\/wp\/v2\/posts\/15838","targetHints":{"allow":["GET"]}}],"collection":[{"href":"https:\/\/blogs2.correiobraziliense.com.br\/cbpoder\/wp-json\/wp\/v2\/posts"}],"about":[{"href":"https:\/\/blogs2.correiobraziliense.com.br\/cbpoder\/wp-json\/wp\/v2\/types\/post"}],"author":[{"embeddable":true,"href":"https:\/\/blogs2.correiobraziliense.com.br\/cbpoder\/wp-json\/wp\/v2\/users\/9"}],"replies":[{"embeddable":true,"href":"https:\/\/blogs2.correiobraziliense.com.br\/cbpoder\/wp-json\/wp\/v2\/comments?post=15838"}],"version-history":[{"count":2,"href":"https:\/\/blogs2.correiobraziliense.com.br\/cbpoder\/wp-json\/wp\/v2\/posts\/15838\/revisions"}],"predecessor-version":[{"id":15854,"href":"https:\/\/blogs2.correiobraziliense.com.br\/cbpoder\/wp-json\/wp\/v2\/posts\/15838\/revisions\/15854"}],"wp:featuredmedia":[{"embeddable":true,"href":"https:\/\/blogs2.correiobraziliense.com.br\/cbpoder\/wp-json\/wp\/v2\/media\/15839"}],"wp:attachment":[{"href":"https:\/\/blogs2.correiobraziliense.com.br\/cbpoder\/wp-json\/wp\/v2\/media?parent=15838"}],"wp:term":[{"taxonomy":"category","embeddable":true,"href":"https:\/\/blogs2.correiobraziliense.com.br\/cbpoder\/wp-json\/wp\/v2\/categories?post=15838"},{"taxonomy":"post_tag","embeddable":true,"href":"https:\/\/blogs2.correiobraziliense.com.br\/cbpoder\/wp-json\/wp\/v2\/tags?post=15838"}],"curies":[{"name":"wp","href":"https:\/\/api.w.org\/{rel}","templated":true}]}}