{"id":15857,"date":"2019-07-04T07:46:51","date_gmt":"2019-07-04T10:46:51","guid":{"rendered":"https:\/\/blogs2.correiobraziliense.com.br\/cbpoder\/?p=15857"},"modified":"2019-07-04T07:46:51","modified_gmt":"2019-07-04T10:46:51","slug":"empresarios-esperam-que-gdf-envie-projeto-de-novo-refis-a-camara-em-breve","status":"publish","type":"post","link":"https:\/\/blogs2.correiobraziliense.com.br\/cbpoder\/empresarios-esperam-que-gdf-envie-projeto-de-novo-refis-a-camara-em-breve\/","title":{"rendered":"Empres\u00e1rios esperam que GDF envie projeto de novo Refis \u00e0 C\u00e2mara em breve"},"content":{"rendered":"<h6><strong>Coluna Eixo Capital\/Por Ana Maria Campos<\/strong><\/h6>\n<p>O secret\u00e1rio de Fazenda, Planejamento, Or\u00e7amento e Gest\u00e3o, Andr\u00e9 Clemente, prometeu, em conversas com integrantes do setor produtivo, que em breve o governo deve encaminhar \u00e0 C\u00e2mara Legislativa a proposta da cria\u00e7\u00e3o de um novo Refis.<\/p>\n<p>O programa vai estabelecer desconto nos juros para quem honrar d\u00edvidas, uma das demandas do empresariado. As informa\u00e7\u00f5es s\u00e3o do presidente da Fecom\u00e9rcio, Francisco Maia.<\/p>\n<h2>\n<strong>Fim de processo<\/strong><\/h2>\n<p>O Minist\u00e9rio P\u00fablico do Distrito Federal e Territ\u00f3rios (MPDFT) contestou no governo passado a iniciativa de propor programas de refinanciamento.<\/p>\n<p>Por meio de a\u00e7\u00e3o de improbidade administrativa, a Promotoria de Defesa da Ordem Tribut\u00e1ria queria responsabilizar o ent\u00e3o governador Rodrigo Rollemberg, a secret\u00e1ria de Planejamento \u00e0 \u00e9poca, Leany Lemos, e os deputados distritais que deram pareceres sobre o tema.<\/p>\n<p>Mas em primeira inst\u00e2ncia a a\u00e7\u00e3o foi considerada improcedente e, em segunda inst\u00e2ncia, n\u00e3o houve recursos por parte do Minist\u00e9rio P\u00fablico. O processo transitou em julgado.<\/p>\n<h2>\n<strong>Elogios do ex-vice a indica\u00e7\u00e3o por Juc\u00e1<\/strong><\/h2>\n<p>O ex-vice-governador Renato Santana (PSD) gravou um v\u00eddeo em que elogia a contrata\u00e7\u00e3o de Sidrack Correia, como chefe do Conselho Gestor de Parcerias P\u00fablico-Privadas da Secretaria de Projetos Especiais.<\/p>\n<p>Ex-secret\u00e1rio do Patrim\u00f4nio da Uni\u00e3o no governo Temer, Sidrack \u00e9 uma indica\u00e7\u00e3o do ex-senador Romero Juc\u00e1 (MDB-RR), presidente nacional em exerc\u00edcio do MDB.<\/p>\n<p>Renato Santana rasgou elogios: \u201cEstou passando para elogiar. At\u00e9 que enfim encontrei uma figura no seu governo\u2026 Esse cara sabe muito e pode contribuir mais ainda\u201d.<\/p>\n<p>Bras\u00edlia al\u00e9m do Congresso<\/p>\n<p>O ex-nadador ol\u00edmpico Luiz Lima, que agora mergulhou na vida p\u00fablica e se elegeu deputado federal pelo PSL do Rio, treina toda quarta-feira no Lago Parano\u00e1.<\/p>\n<p>Ele distribuiu em grupos de WhatsApp um convite para que os apaixonados pela nata\u00e7\u00e3o o encontrem todas as quartas-feiras, \u00e0s 6h40, da Ponte JK ao Clube do Golfe.<\/p>\n<h2>\n<strong>Estudo sobre reelei\u00e7\u00e3o no TCDF<\/strong><\/h2>\n<p>A pedido do Minist\u00e9rio P\u00fablico de Contas, t\u00e9cnicos do Tribunal de Contas v\u00e3o estudar a legisla\u00e7\u00e3o que trata de reelei\u00e7\u00e3o na corte. Em a\u00e7\u00e3o direta de inconstitucionalidade, a procuradora-geral da Rep\u00fablica, Raquel Dodge, questiona a recondu\u00e7\u00e3o do presidente, vice e corregedor do Tribunal de Contas do Cear\u00e1.<\/p>\n<p>Motivo: a reelei\u00e7\u00e3o nesses casos afrontaria a simetria entre os tribunais de contas estaduais e o Tribunal de Contas da Uni\u00e3o (TCU). Al\u00e9m disso, a Loman (Lei Org\u00e2nica da Magistratura Nacional) impede a elei\u00e7\u00e3o para dois mandatos consecutivos de desembargadores e conselheiros seguem, segundo Dodge, a regra por simetria.<\/p>\n<p>A ideia \u00e9 promover um rod\u00edzio, para que todo o plen\u00e1rio possam se revezar no comando. O pedido de estudo \u00e9 assinado pelo procurador Dem\u00f3stenes Tres Albuquerque.<\/p>\n<h2><strong>A pergunta que n\u00e3o quer calar\u2026.<\/strong><\/h2>\n<p>Acusar os integrantes da Lava-Jato de corruptos, questionar se t\u00eam contas n\u00e3o declaradas no exterior e chamar S\u00e9rgio Moro de juiz ladr\u00e3o n\u00e3o \u00e9 um exagero, levando em conta que n\u00e3o h\u00e1 qualquer elemento at\u00e9 agora que indique essas pr\u00e1ticas?<\/p>\n<h2><strong><em>S\u00f3 papos<\/em><\/strong><\/h2>\n<blockquote><p>\u201cInaceit\u00e1veis as cenas de hoje (quarta-feira) na CCJ. Deputado do PSol, na defesa dos corruptos presos em Curitiba, partiu para agress\u00f5es gratuitas ao ministro Moro. Chamou Moro de ladr\u00e3o. Esqueceu ele que Moro hoje vai dormir em casa, j\u00e1 os \u00eddolos dele v\u00e3o continuar vendo sol nascendo quadrado\u201d<\/p><\/blockquote>\n<p style=\"text-align: right\"><strong>Deputado Daniel Coelho (Cidadania-PE)<\/strong><\/p>\n<blockquote><p>\u201cHoje eu acordei com a amea\u00e7a de alguns deputados bolsonaristas dizendo que v\u00e3o me processar, entrar no Conselho de \u00c9tica. Se for aceito, o que n\u00e3o acredito, podem ter certeza que eu vou propor a produ\u00e7\u00e3o de provas, a convoca\u00e7\u00e3o de testemunhas. Vai ser mais uma oportunidade para demonstrar que S\u00e9rgio Moro \u00e9 um juiz ladr\u00e3o. N\u00e3o retiro uma palavra do que disse ontem (anteontem)\u201d<\/p><\/blockquote>\n<p style=\"text-align: right\">Deputado Glauber Braga (Psol-RJ)<\/p>\n","protected":false},"excerpt":{"rendered":"<p>Coluna Eixo Capital\/Por Ana Maria Campos O secret\u00e1rio de Fazenda, Planejamento, Or\u00e7amento e Gest\u00e3o, Andr\u00e9 Clemente, prometeu, em conversas com integrantes do setor produtivo, que em breve o governo deve encaminhar \u00e0 C\u00e2mara Legislativa a proposta da cria\u00e7\u00e3o de um novo Refis. O programa vai estabelecer desconto nos juros para quem honrar d\u00edvidas, uma das [&hellip;]<\/p>\n","protected":false},"author":9,"featured_media":15858,"comment_status":"open","ping_status":"closed","sticky":false,"template":"","format":"standard","meta":{"wpb_read_more":[],"footnotes":""},"categories":[234],"tags":[],"class_list":["post-15857","post","type-post","status-publish","format-standard","has-post-thumbnail","hentry","category-cb-poder"],"_links":{"self":[{"href":"https:\/\/blogs2.correiobraziliense.com.br\/cbpoder\/wp-json\/wp\/v2\/posts\/15857","targetHints":{"allow":["GET"]}}],"collection":[{"href":"https:\/\/blogs2.correiobraziliense.com.br\/cbpoder\/wp-json\/wp\/v2\/posts"}],"about":[{"href":"https:\/\/blogs2.correiobraziliense.com.br\/cbpoder\/wp-json\/wp\/v2\/types\/post"}],"author":[{"embeddable":true,"href":"https:\/\/blogs2.correiobraziliense.com.br\/cbpoder\/wp-json\/wp\/v2\/users\/9"}],"replies":[{"embeddable":true,"href":"https:\/\/blogs2.correiobraziliense.com.br\/cbpoder\/wp-json\/wp\/v2\/comments?post=15857"}],"version-history":[{"count":1,"href":"https:\/\/blogs2.correiobraziliense.com.br\/cbpoder\/wp-json\/wp\/v2\/posts\/15857\/revisions"}],"predecessor-version":[{"id":15859,"href":"https:\/\/blogs2.correiobraziliense.com.br\/cbpoder\/wp-json\/wp\/v2\/posts\/15857\/revisions\/15859"}],"wp:featuredmedia":[{"embeddable":true,"href":"https:\/\/blogs2.correiobraziliense.com.br\/cbpoder\/wp-json\/wp\/v2\/media\/15858"}],"wp:attachment":[{"href":"https:\/\/blogs2.correiobraziliense.com.br\/cbpoder\/wp-json\/wp\/v2\/media?parent=15857"}],"wp:term":[{"taxonomy":"category","embeddable":true,"href":"https:\/\/blogs2.correiobraziliense.com.br\/cbpoder\/wp-json\/wp\/v2\/categories?post=15857"},{"taxonomy":"post_tag","embeddable":true,"href":"https:\/\/blogs2.correiobraziliense.com.br\/cbpoder\/wp-json\/wp\/v2\/tags?post=15857"}],"curies":[{"name":"wp","href":"https:\/\/api.w.org\/{rel}","templated":true}]}}