{"id":15860,"date":"2019-07-04T09:58:27","date_gmt":"2019-07-04T12:58:27","guid":{"rendered":"https:\/\/blogs2.correiobraziliense.com.br\/cbpoder\/?p=15860"},"modified":"2019-07-04T11:14:49","modified_gmt":"2019-07-04T14:14:49","slug":"mpdft-deflagra-operacao-na-cldf-para-investigar-fraude-de-roberio-na-lista-de-presenca","status":"publish","type":"post","link":"https:\/\/blogs2.correiobraziliense.com.br\/cbpoder\/mpdft-deflagra-operacao-na-cldf-para-investigar-fraude-de-roberio-na-lista-de-presenca\/","title":{"rendered":"MPDFT deflagra opera\u00e7\u00e3o na CLDF para investigar fraude de Rob\u00e9rio na lista de presen\u00e7a"},"content":{"rendered":"<h5>ANA MARIA CAMPOS<\/h5>\n<p>O Minist\u00e9rio P\u00fablico do Distrito Federal e Territ\u00f3rios (MPDFT) realiza nesta manh\u00e3 (04\/07) opera\u00e7\u00e3o com cumprimento de mandados de busca e apreens\u00e3o na C\u00e2mara Legislativa. O alvo principal \u00e9 o deputado Rob\u00e9rio Negreiros (PSD), suspeito de fraudar listas de presen\u00e7a para as sess\u00f5es em plen\u00e1rio.<\/p>\n<p>&nbsp;<\/p>\n<p>Batizadas de Opera\u00e7\u00e3o Absentia, as medidas est\u00e3o sob a responsabilidade da Procuradoria-geral de Justi\u00e7a do DF, uma vez que envolve deputado distrital com foro no Conselho Especial do Tribunal de Justi\u00e7a do DF em caso de a\u00e7\u00f5es criminais. A investiga\u00e7\u00e3o est\u00e1 a cargo tamb\u00e9m do\u00a0Grupo de Atua\u00e7\u00e3o Especial de Combate ao Crime Organizado (GAECO), com o apoio da Policia Civil do DF.<\/p>\n<p>&nbsp;<\/p>\n<p>H\u00e1 suspeita de que Rob\u00e9rio\u00a0Negreiros falsificou mais de 50 listas de presen\u00e7a, com a ajuda do servidor Arl\u00e9cio Alexandre Gazal. Eles podem ser denunciados pelos crimes de peculato e de falsidade ideol\u00f3gica.<\/p>\n<p>&nbsp;<\/p>\n<p>Os promotores de justi\u00e7a cumprem diversos mandados de busca nas empresas do deputado, em seu gabinete na C\u00e2mara, na Segunda Secretaria e na Mesa Diretora.<\/p>\n<p>&nbsp;<\/p>\n<p>A seguir mais informa\u00e7\u00f5es.<\/p>\n","protected":false},"excerpt":{"rendered":"<p>ANA MARIA CAMPOS O Minist\u00e9rio P\u00fablico do Distrito Federal e Territ\u00f3rios (MPDFT) realiza nesta manh\u00e3 (04\/07) opera\u00e7\u00e3o com cumprimento de mandados de busca e apreens\u00e3o na C\u00e2mara Legislativa. O alvo principal \u00e9 o deputado Rob\u00e9rio Negreiros (PSD), suspeito de fraudar listas de presen\u00e7a para as sess\u00f5es em plen\u00e1rio. &nbsp; Batizadas de Opera\u00e7\u00e3o Absentia, as medidas [&hellip;]<\/p>\n","protected":false},"author":9,"featured_media":15863,"comment_status":"open","ping_status":"closed","sticky":false,"template":"","format":"standard","meta":{"wpb_read_more":[],"footnotes":""},"categories":[234],"tags":[70,521,1857,1858,665],"class_list":["post-15860","post","type-post","status-publish","format-standard","has-post-thumbnail","hentry","category-cb-poder","tag-camara-legislativa","tag-gaeco","tag-operacao-absentia","tag-pgj","tag-roberio-negreiros"],"_links":{"self":[{"href":"https:\/\/blogs2.correiobraziliense.com.br\/cbpoder\/wp-json\/wp\/v2\/posts\/15860","targetHints":{"allow":["GET"]}}],"collection":[{"href":"https:\/\/blogs2.correiobraziliense.com.br\/cbpoder\/wp-json\/wp\/v2\/posts"}],"about":[{"href":"https:\/\/blogs2.correiobraziliense.com.br\/cbpoder\/wp-json\/wp\/v2\/types\/post"}],"author":[{"embeddable":true,"href":"https:\/\/blogs2.correiobraziliense.com.br\/cbpoder\/wp-json\/wp\/v2\/users\/9"}],"replies":[{"embeddable":true,"href":"https:\/\/blogs2.correiobraziliense.com.br\/cbpoder\/wp-json\/wp\/v2\/comments?post=15860"}],"version-history":[{"count":1,"href":"https:\/\/blogs2.correiobraziliense.com.br\/cbpoder\/wp-json\/wp\/v2\/posts\/15860\/revisions"}],"predecessor-version":[{"id":15861,"href":"https:\/\/blogs2.correiobraziliense.com.br\/cbpoder\/wp-json\/wp\/v2\/posts\/15860\/revisions\/15861"}],"wp:featuredmedia":[{"embeddable":true,"href":"https:\/\/blogs2.correiobraziliense.com.br\/cbpoder\/wp-json\/wp\/v2\/media\/15863"}],"wp:attachment":[{"href":"https:\/\/blogs2.correiobraziliense.com.br\/cbpoder\/wp-json\/wp\/v2\/media?parent=15860"}],"wp:term":[{"taxonomy":"category","embeddable":true,"href":"https:\/\/blogs2.correiobraziliense.com.br\/cbpoder\/wp-json\/wp\/v2\/categories?post=15860"},{"taxonomy":"post_tag","embeddable":true,"href":"https:\/\/blogs2.correiobraziliense.com.br\/cbpoder\/wp-json\/wp\/v2\/tags?post=15860"}],"curies":[{"name":"wp","href":"https:\/\/api.w.org\/{rel}","templated":true}]}}