{"id":15893,"date":"2019-07-08T07:55:14","date_gmt":"2019-07-08T10:55:14","guid":{"rendered":"https:\/\/blogs2.correiobraziliense.com.br\/cbpoder\/?p=15893"},"modified":"2019-07-08T07:59:33","modified_gmt":"2019-07-08T10:59:33","slug":"investigacao-contra-roberio-pode-complicar-outros-distritais","status":"publish","type":"post","link":"https:\/\/blogs2.correiobraziliense.com.br\/cbpoder\/investigacao-contra-roberio-pode-complicar-outros-distritais\/","title":{"rendered":"Investiga\u00e7\u00e3o contra Rob\u00e9rio pode complicar outros distritais"},"content":{"rendered":"<h6><strong>Coluna Eixo capital\/Por Ana Maria Campos<\/strong><\/h6>\n<p>As investiga\u00e7\u00f5es da Procuradoria-Geral de Justi\u00e7a do DF, em parceria com o Gaeco, contra o deputado Rob\u00e9rio Negreiros (PSD) s\u00e3o um procedimento exemplar para combater a pr\u00e1tica de \u201cgazetagem\u201d na C\u00e2mara Legislativa.<\/p>\n<p>O pedido do Minist\u00e9rio P\u00fablico do Distrito Federal e Territ\u00f3rios (MPDFT) de busca e apreens\u00e3o de documentos que confirmem a fraude na lista de presen\u00e7a do distrital foi negado pelo relator do processo, desembargador Alfeu Machado. Mas, em sess\u00e3o secreta, realizada na \u00faltima ter\u00e7a-feira, o Conselho Especial do Tribunal de Justi\u00e7a do DF deferiu as medidas cautelares.<\/p>\n<h2><strong>#vaitrabalhardeputado<\/strong><\/h2>\n<p>A investiga\u00e7\u00e3o do MPDFT aponta ind\u00edcios de pr\u00e1ticas semelhantes em outras 52 atas da C\u00e2mara Legislativa entre 2017 e 2019. Significa que, como resultado das apreens\u00f5es de documentos na C\u00e2mara Legislativa, outros deputados podem ser enrolados.<\/p>\n<h2><strong>Outros casos<\/strong><\/h2>\n<p>Levantamento feito pelo MPDFT indica que, em 2018, 29 sess\u00f5es foram encerradas por falta de qu\u00f3rum e n\u00e3o h\u00e1 registro da presen\u00e7a de Rob\u00e9rio Negreiros nas notas taquigr\u00e1ficas, mas todas as listas de presen\u00e7a foram assinadas pelo distrital.<\/p>\n<p>Neste ano, a situa\u00e7\u00e3o se repete em 15 sess\u00f5es. Pelo Regimento Interno da C\u00e2mara Legislativa, a aus\u00eancia em mais de um ter\u00e7o das sess\u00f5es legislativas pode levar \u00e0 quebra de decoro parlamentar, pass\u00edvel de cassa\u00e7\u00e3o de mandato.<\/p>\n<h2><strong>Na Disney ou no plen\u00e1rio?<\/strong><\/h2>\n<p>O recebimento de sal\u00e1rios por dias n\u00e3o trabalhados est\u00e1 sendo considerado pelo Minist\u00e9rio P\u00fablico do DF um crime grave: peculato, uma forma de se apropriar de recursos p\u00fablicos indevidamente. A assinatura da presen\u00e7a \u00e9 apontada como falsidade ideol\u00f3gica.<\/p>\n<p>As investiga\u00e7\u00f5es tiveram in\u00edcio com base na descoberta de suposta fraude em seis atas de registro de presen\u00e7a nas sess\u00f5es realizadas entre 31 de outubro e 8 de novembro do ano passado, quando Rob\u00e9rio Negreiros estava na Florida.<\/p>\n<p>O Minist\u00e9rio P\u00fablico constatou a irregularidade com fotos do distrital em parques da Disney e da Universal, e a viagem foi confirmada pela Pol\u00edcia de Imigra\u00e7\u00e3o. Rob\u00e9rio embarcou em 29 de outubro, logo depois do segundo turno das elei\u00e7\u00f5es, e retornou ao pa\u00eds em 13 de novembro. O problema \u00e9 que assinou as listas de presen\u00e7a como se tivesse participado das sess\u00f5es. Rob\u00e9rio confirma a viagem e diz que assinou as folhas por engano.<\/p>\n<h2><strong>Licen\u00e7a para viajar<\/strong><\/h2>\n<p>O deputado Rodrigo Delmasso (PRB) vai tirar licen\u00e7a de uma semana da C\u00e2mara Legislativa, entre 3 e 10 de agosto, para participar do Encontro da &#8220;National Conference of State Legislature \u2014 NCSL&#8221; na cidade de Nashville, Tennessee\/EUA. Vai sem \u00f4nus para a C\u00e2mara, mas mant\u00e9m o sal\u00e1rio.<\/p>\n","protected":false},"excerpt":{"rendered":"<p>Coluna Eixo capital\/Por Ana Maria Campos As investiga\u00e7\u00f5es da Procuradoria-Geral de Justi\u00e7a do DF, em parceria com o Gaeco, contra o deputado Rob\u00e9rio Negreiros (PSD) s\u00e3o um procedimento exemplar para combater a pr\u00e1tica de \u201cgazetagem\u201d na C\u00e2mara Legislativa. O pedido do Minist\u00e9rio P\u00fablico do Distrito Federal e Territ\u00f3rios (MPDFT) de busca e apreens\u00e3o de documentos [&hellip;]<\/p>\n","protected":false},"author":9,"featured_media":10063,"comment_status":"open","ping_status":"closed","sticky":false,"template":"","format":"standard","meta":{"wpb_read_more":[],"footnotes":""},"categories":[234],"tags":[70,498,665],"class_list":["post-15893","post","type-post","status-publish","format-standard","has-post-thumbnail","hentry","category-cb-poder","tag-camara-legislativa","tag-mpdft","tag-roberio-negreiros"],"_links":{"self":[{"href":"https:\/\/blogs2.correiobraziliense.com.br\/cbpoder\/wp-json\/wp\/v2\/posts\/15893","targetHints":{"allow":["GET"]}}],"collection":[{"href":"https:\/\/blogs2.correiobraziliense.com.br\/cbpoder\/wp-json\/wp\/v2\/posts"}],"about":[{"href":"https:\/\/blogs2.correiobraziliense.com.br\/cbpoder\/wp-json\/wp\/v2\/types\/post"}],"author":[{"embeddable":true,"href":"https:\/\/blogs2.correiobraziliense.com.br\/cbpoder\/wp-json\/wp\/v2\/users\/9"}],"replies":[{"embeddable":true,"href":"https:\/\/blogs2.correiobraziliense.com.br\/cbpoder\/wp-json\/wp\/v2\/comments?post=15893"}],"version-history":[{"count":2,"href":"https:\/\/blogs2.correiobraziliense.com.br\/cbpoder\/wp-json\/wp\/v2\/posts\/15893\/revisions"}],"predecessor-version":[{"id":15896,"href":"https:\/\/blogs2.correiobraziliense.com.br\/cbpoder\/wp-json\/wp\/v2\/posts\/15893\/revisions\/15896"}],"wp:featuredmedia":[{"embeddable":true,"href":"https:\/\/blogs2.correiobraziliense.com.br\/cbpoder\/wp-json\/wp\/v2\/media\/10063"}],"wp:attachment":[{"href":"https:\/\/blogs2.correiobraziliense.com.br\/cbpoder\/wp-json\/wp\/v2\/media?parent=15893"}],"wp:term":[{"taxonomy":"category","embeddable":true,"href":"https:\/\/blogs2.correiobraziliense.com.br\/cbpoder\/wp-json\/wp\/v2\/categories?post=15893"},{"taxonomy":"post_tag","embeddable":true,"href":"https:\/\/blogs2.correiobraziliense.com.br\/cbpoder\/wp-json\/wp\/v2\/tags?post=15893"}],"curies":[{"name":"wp","href":"https:\/\/api.w.org\/{rel}","templated":true}]}}