{"id":15915,"date":"2019-07-10T16:06:15","date_gmt":"2019-07-10T19:06:15","guid":{"rendered":"https:\/\/blogs2.correiobraziliense.com.br\/cbpoder\/?p=15915"},"modified":"2019-07-10T16:06:15","modified_gmt":"2019-07-10T19:06:15","slug":"mp-e-tcdf-questionam-desvio-de-atividade-do-instituto-de-assistencia-a-saude-dos-servidores-do-df","status":"publish","type":"post","link":"https:\/\/blogs2.correiobraziliense.com.br\/cbpoder\/mp-e-tcdf-questionam-desvio-de-atividade-do-instituto-de-assistencia-a-saude-dos-servidores-do-df\/","title":{"rendered":"MP e TCDF questionam desvio de atividade do Instituto de Assist\u00eancia \u00e0 Sa\u00fade dos Servidores do DF"},"content":{"rendered":"<p>Poss\u00edvel desvio de atividade do Instituto de Assist\u00eancia \u00e0 Sa\u00fade dos Servidores do Distrito Federal (INAS) est\u00e1 na mira do Minist\u00e9rio P\u00fablico de Contas do DF (MPC\/DF). A pedido do \u00f3rg\u00e3o, o Tribunal de Contas do DF deu prazo de 30 dias para que o instituto e a Secretaria de Fazenda, Planejamento, Or\u00e7amento e Gest\u00e3o apresentam esclarecimentos sobre as falhas apontadas pelo MPC, em representa\u00e7\u00e3o.<\/p>\n<p>No texto, o MP destaca como um dos erros mais graves detectado pelo \u00f3rg\u00e3o de controle o desvio de finalidade do Instituto. De acordo com o texto, o INAS trata, sobretudo, da previd\u00eancia dos servidores quando a fun\u00e7\u00e3o legal deveria ser voltada para a sa\u00fade deles.<\/p>\n<p>\u201cA finalidade legal do INAS \u00e9 tratar de sa\u00fade. Ora, a Constitui\u00e7\u00e3o Federal \u00e9 cristalina ao diferenciar previd\u00eancia, assist\u00eancia e sa\u00fade, as quais comp\u00f5em o todo que \u00e9 a seguridade social\u201d, argumenta a procuradora Cl\u00e1udia Fernanda de Oliveira Pereira.<\/p>\n<p>O MPC questiona tamb\u00e9m o fato de o INAS ter quadro de pessoal formado por servidores sem v\u00ednculo e que trabalhariam fora da sede da entidade, raz\u00e3o pela qual o \u00f3rg\u00e3o de controle solicitou identifica\u00e7\u00e3o e verifica\u00e7\u00e3o da presen\u00e7a dos funcion\u00e1rios.<\/p>\n<p>A procuradora pede tamb\u00e9m que sejam prestadas informa\u00e7\u00f5es de transpar\u00eancia. \u201cN\u00e3o h\u00e1, na Corte (TCDF), processo de auditoria no INAS ou qualquer outro que possa empreender fiscaliza\u00e7\u00e3o a respeito do cumprimento, pelo Instituto, de suas fun\u00e7\u00f5es, em an\u00e1lise ao artigo 70 da CF, assim como no portal da transpar\u00eancia, n\u00e3o h\u00e1 informa\u00e7\u00f5es sobre contratos celebrados, maiores despesas\u201d, ressalta.<\/p>\n<p>Outra quest\u00e3o levantada na representa\u00e7\u00e3o \u00e9 o modelo de autogest\u00e3o, praticado pelo INAS. Na vis\u00e3o do MPC, o sistema n\u00e3o \u00e9 vi\u00e1vel. \u201cA melhor medida seria a ado\u00e7\u00e3o do modelo adotado em \u00f3rg\u00e3os distritais e federais e, recentemente, implementado pela Uni\u00e3o, conforme divulgado pela Ag\u00eancia Brasil, nos termos a seguir: \u2018Governo vai reembolsar servidor que contratar plano de sa\u00fade privado (&#8230;)\u2019. Nessas condi\u00e7\u00f5es, o MPC\/DF opina no sentido de ser determinado \u00e0 jurisdicionada que apresente estudos a respeito da viabilidade de se implementar a modalidade efetivada para os servidores federais\u201d, avalia.<\/p>\n","protected":false},"excerpt":{"rendered":"<p>Poss\u00edvel desvio de atividade do Instituto de Assist\u00eancia \u00e0 Sa\u00fade dos Servidores do Distrito Federal (INAS) est\u00e1 na mira do Minist\u00e9rio P\u00fablico de Contas do DF (MPC\/DF). A pedido do \u00f3rg\u00e3o, o Tribunal de Contas do DF deu prazo de 30 dias para que o instituto e a Secretaria de Fazenda, Planejamento, Or\u00e7amento e Gest\u00e3o [&hellip;]<\/p>\n","protected":false},"author":75,"featured_media":11204,"comment_status":"open","ping_status":"closed","sticky":false,"template":"","format":"standard","meta":{"wpb_read_more":[],"footnotes":""},"categories":[234],"tags":[93,1874,138],"class_list":["post-15915","post","type-post","status-publish","format-standard","has-post-thumbnail","hentry","category-cb-poder","tag-ministerio-publico","tag-mpc","tag-saude"],"_links":{"self":[{"href":"https:\/\/blogs2.correiobraziliense.com.br\/cbpoder\/wp-json\/wp\/v2\/posts\/15915","targetHints":{"allow":["GET"]}}],"collection":[{"href":"https:\/\/blogs2.correiobraziliense.com.br\/cbpoder\/wp-json\/wp\/v2\/posts"}],"about":[{"href":"https:\/\/blogs2.correiobraziliense.com.br\/cbpoder\/wp-json\/wp\/v2\/types\/post"}],"author":[{"embeddable":true,"href":"https:\/\/blogs2.correiobraziliense.com.br\/cbpoder\/wp-json\/wp\/v2\/users\/75"}],"replies":[{"embeddable":true,"href":"https:\/\/blogs2.correiobraziliense.com.br\/cbpoder\/wp-json\/wp\/v2\/comments?post=15915"}],"version-history":[{"count":1,"href":"https:\/\/blogs2.correiobraziliense.com.br\/cbpoder\/wp-json\/wp\/v2\/posts\/15915\/revisions"}],"predecessor-version":[{"id":15916,"href":"https:\/\/blogs2.correiobraziliense.com.br\/cbpoder\/wp-json\/wp\/v2\/posts\/15915\/revisions\/15916"}],"wp:featuredmedia":[{"embeddable":true,"href":"https:\/\/blogs2.correiobraziliense.com.br\/cbpoder\/wp-json\/wp\/v2\/media\/11204"}],"wp:attachment":[{"href":"https:\/\/blogs2.correiobraziliense.com.br\/cbpoder\/wp-json\/wp\/v2\/media?parent=15915"}],"wp:term":[{"taxonomy":"category","embeddable":true,"href":"https:\/\/blogs2.correiobraziliense.com.br\/cbpoder\/wp-json\/wp\/v2\/categories?post=15915"},{"taxonomy":"post_tag","embeddable":true,"href":"https:\/\/blogs2.correiobraziliense.com.br\/cbpoder\/wp-json\/wp\/v2\/tags?post=15915"}],"curies":[{"name":"wp","href":"https:\/\/api.w.org\/{rel}","templated":true}]}}