{"id":16009,"date":"2019-07-21T11:03:43","date_gmt":"2019-07-21T14:03:43","guid":{"rendered":"https:\/\/blogs2.correiobraziliense.com.br\/cbpoder\/?p=16009"},"modified":"2019-07-21T11:03:43","modified_gmt":"2019-07-21T14:03:43","slug":"senadores-do-df-sao-vistos-como-os-maiores-adversarios-de-ibaneis-para-2022","status":"publish","type":"post","link":"https:\/\/blogs2.correiobraziliense.com.br\/cbpoder\/senadores-do-df-sao-vistos-como-os-maiores-adversarios-de-ibaneis-para-2022\/","title":{"rendered":"Senadores do DF s\u00e3o vistos como os maiores advers\u00e1rios de Ibaneis para 2022"},"content":{"rendered":"<h6><strong>Coluna Eixo Capital\/Por Ana Maria Campos<\/strong><\/h6>\n<p>No grupo do governador Ibaneis Rocha, a aposta \u00e9 de que a bancada do Senado re\u00fane os principais futuros advers\u00e1rios da pr\u00f3xima campanha. Izalci Lucas (PSDB-DF) nunca escondeu seu sonho de concorrer ao Pal\u00e1cio do Buriti e, com mandato de oito anos, n\u00e3o ficar\u00e1 fora da pol\u00edtica, caso perca a disputa. A senadora Leila Barros (PSB-DF) tamb\u00e9m \u00e9 considerada um nome que pode crescer e, como Izalci, n\u00e3o tem outro cargo para concorrer em 2022. O senador Jos\u00e9 Ant\u00f4nio Reguffe (Sem partido-DF), fen\u00f4meno de votos nas elei\u00e7\u00f5es de 2014 e 2010, tamb\u00e9m deve se candidatar, caso n\u00e3o migre para um voo nacional. Precisa, no entanto, definir um partido.<\/p>\n<h2>\n<strong>Balan\u00e7a, mas n\u00e3o cai<\/strong><\/h2>\n<p>Para quem acha que o secret\u00e1rio de Sa\u00fade, Osnei Okumoto, est\u00e1 no modo demission\u00e1rio, o governador Ibaneis Rocha garante: \u201cGosto dele. Ele est\u00e1 fazendo os ajustes que precisa na sa\u00fade\u201d.<\/p>\n<h2>\n<strong>Para n\u00e3o esquecer<\/strong><\/h2>\n<p>O deputado Rodrigo Delmasso (PRB) quer batizar com o nome \u201cMenino Rhuan\u201d a esta\u00e7\u00e3o de metr\u00f4 de Samambaia Sul, onde ele viveu. \u00c9 uma homenagem para que o drama do garoto mutilado, assassinado e esquartejado pela m\u00e3e e sua companheira n\u00e3o seja esquecido.<\/p>\n<h2>\n<strong>Sem avan\u00e7os<\/strong><\/h2>\n<p>O projeto de decreto legislativo que prev\u00ea a concess\u00e3o do t\u00edtulo de cidad\u00e3o honor\u00e1rio ao ministro da Justi\u00e7a e Seguran\u00e7a P\u00fablica, S\u00e9rgio Moro, ainda n\u00e3o andou na C\u00e2mara Legislativa. O autor, deputado Rob\u00e9rio Negreiros (PSD), est\u00e1 sob investiga\u00e7\u00e3o do Minist\u00e9rio P\u00fablico do DF e da Pol\u00edcia Civil por suposto crime de peculato, ao fraudar a lista de presen\u00e7a em sess\u00f5es.<\/p>\n<h2>\n<strong>Investiga\u00e7\u00f5es atrasadas<\/strong><\/h2>\n<p>A decis\u00e3o do presidente do STF, Dias Toffoli, referente ao Coaf deve se refletir em v\u00e1rias investiga\u00e7\u00f5es do Minist\u00e9rio P\u00fablico do DF e da Pol\u00edcia Civil do DF. Ao condicionar o uso de informa\u00e7\u00f5es financeiras a autoriza\u00e7\u00e3o judicial, Toffoli retarda o andamento de processos criminais. O m\u00e9rito da quest\u00e3o s\u00f3 dever\u00e1 ser apreciado em novembro. \u201cH\u00e1 toda evid\u00eancia de que haver\u00e1 paralisa\u00e7\u00e3o da maioria esmagadora das investiga\u00e7\u00f5es e processos criminais em tramita\u00e7\u00e3o \u2014 repise-se, em todo o pa\u00eds \u2014,principalmente os que estejam relacionados aos crimes de lavagem de dinheiro, corrup\u00e7\u00e3o e il\u00edcitos contra o sistema tribut\u00e1rio, resultando em ineg\u00e1vel desmantelamento das linhas investigativas e intumesc\u00eancia do Poder Judici\u00e1rio\u201d, aponta a procuradora-geral de Justi\u00e7a em exerc\u00edcio, Selma Sauerbronn, e a promotora Selma Le\u00e3o Godoy, assessora na \u00e1rea criminal.<\/p>\n<h2>\n<strong>Privil\u00e9gios<\/strong><\/h2>\n<p>A deputada Paula Belmonte (Cidadania-DF) reclamou, pelas redes sociais, de n\u00e3o poder pagar para tirar passaporte especial para ela e sua fam\u00edlia. Acha um privil\u00e9gio dispens\u00e1vel.<\/p>\n<h2>\n<strong>Tranquilo com a fam\u00edlia<\/strong><\/h2>\n<p>O ex-senador Cristovam Buarque est\u00e1 tranquilo longe da pol\u00edtica. Tem escrito muito, mas agora tem mais tempo para a fam\u00edlia. Na semana passada, ele chegou de uma viagem a Pernambuco, com os tr\u00eas netos. Foi a primeira vez que conseguiu reuni-los na praia.<\/p>\n<h2><strong>A pergunta que n\u00e3o quer calar\u2026.<\/strong><\/h2>\n<p>Enquanto o presidente Jair Bolsonaro fala bobagens, aos olhos de muita gente, o que pensa seu eleitor conservador?<\/p>\n<h2>\n<strong>Enquanto isso&#8230; Na sala de Justi\u00e7a<\/strong><\/h2>\n<p>A Opera\u00e7\u00e3o Biloca\u00e7\u00e3o, deflagrada na \u00faltima quinta-feira, indica que o Minist\u00e9rio P\u00fablico e a Pol\u00edcia Civil do DF est\u00e3o de olho em funcion\u00e1rios que batem ponto e n\u00e3o trabalham. No caso dessa investiga\u00e7\u00e3o, era um m\u00e9dico que atendia no consult\u00f3rio particular quando deveria estar no Hospital Regional de Sobradinho. Respons\u00e1vel pelo caso, o promotor Clayton Germano afirma que, mais do que uma irregularidade administrativa, quem frauda a folha de presen\u00e7a pode ser denunciado por crime de falsidade ideol\u00f3gica, com pena de um a cinco anos de pris\u00e3o. Se a moda pega&#8230;<\/p>\n<h2>\n<strong>Mandou bem<\/strong><\/h2>\n<p>Fim do inc\u00f4modo: a Ag\u00eancia Nacional de Telecomunica\u00e7\u00f5es (Anatel) criou uma plataforma que possibilita que os cidad\u00e3os vetem chamadas de liga\u00e7\u00f5es de servi\u00e7os de telemarketing de empresas de telecomunica\u00e7\u00e3o sempre que n\u00e3o quiserem ser importunados.<\/p>\n<h2>\n<strong>Mandou mal<\/strong><\/h2>\n<p>Decis\u00e3o do presidente do STF, Dias Toffoli, que manda submeter envio de informa\u00e7\u00f5es do Coaf ao controle judicial preocupa quem trabalha no combate ao crime organizado. A avalia\u00e7\u00e3o \u00e9 de que a medida poder\u00e1 atrasar investiga\u00e7\u00f5es importantes.<\/p>\n<h2>\n<strong>Pacifica\u00e7\u00e3o<\/strong><\/h2>\n<p>Mesmo sem paridade, o diretor-geral da Pol\u00edcia Civil do DF, Robson C\u00e2ndido, tem conseguido pacificar a institui\u00e7\u00e3o. A promessa do governador Ibaneis Rocha de dar o aumento de 37% existe, mas o governo federal ainda n\u00e3o fez a sua parte. Sinal de que a falta do reajuste era um inc\u00f4modo entre policiais civis, mas n\u00e3o o \u00fanico. A boa rela\u00e7\u00e3o entre os sindicatos e o governo tamb\u00e9m ajuda muito a acalmar os \u00e2nimos.<\/p>\n<h2>\n<strong>Pioneirismo<\/strong><\/h2>\n<p>O ex-diretor-geral da Pol\u00edcia Civil Eric Seba n\u00e3o abre m\u00e3o do m\u00e9rito de ter criado a Coordena\u00e7\u00e3o de Combate \u00e0 Corrup\u00e7\u00e3o, ao Crime Organizado, aos Crimes contra a Administra\u00e7\u00e3o P\u00fablica e contra a Ordem Tribut\u00e1ria (Cecor). A ideia surgiu durante o governo Rollemberg e, para alguns, era uma forma de perseguir advers\u00e1rios. Mas o que de fato ocorreu \u00e9 que a pr\u00f3pria gest\u00e3o de Rollemberg acabou sendo alvo de investiga\u00e7\u00f5es. Como a coluna mostrou na semana passada, o ministro da Justi\u00e7a e Seguran\u00e7a P\u00fablica, S\u00e9rgio Moro, est\u00e1 condicionando a libera\u00e7\u00e3o de recursos do Fundo Nacional de Seguran\u00e7a P\u00fablica \u00e0 cria\u00e7\u00e3o de unidades policiais de combate \u00e0 corrup\u00e7\u00e3o. \u201cFomos pioneiros no DF\u201d, afirma Seba.<\/p>\n<blockquote>\n<p style=\"text-align: right\">\n\u201cN\u00e3o se pode admitir que com dinheiro p\u00fablico se fa\u00e7am filmes como esse\u201d<br \/>\n<strong>Presidente Jair Bolsonaro, sobre o filme Bruna Surfistinha, estrelado pela atriz Deborah Secco<\/strong><\/p>\n<p style=\"text-align: right\">\n\u201cAntes de fazer ju\u00edzo de valor sobre os outros, ele deveria cuidar da moral da pr\u00f3pria fam\u00edlia, e ainda do nosso pa\u00eds\u201d<br \/>\n<strong>Raquel Pacheco, mais conhecida como a ex-prostituta Bruna Surfistinha, cuja biografia deu origem ao filme<\/strong><\/p>\n<\/blockquote>\n","protected":false},"excerpt":{"rendered":"<p>Coluna Eixo Capital\/Por Ana Maria Campos No grupo do governador Ibaneis Rocha, a aposta \u00e9 de que a bancada do Senado re\u00fane os principais futuros advers\u00e1rios da pr\u00f3xima campanha. Izalci Lucas (PSDB-DF) nunca escondeu seu sonho de concorrer ao Pal\u00e1cio do Buriti e, com mandato de oito anos, n\u00e3o ficar\u00e1 fora da pol\u00edtica, caso perca [&hellip;]<\/p>\n","protected":false},"author":9,"featured_media":16010,"comment_status":"open","ping_status":"closed","sticky":false,"template":"","format":"standard","meta":{"wpb_read_more":[],"footnotes":""},"categories":[234],"tags":[],"class_list":["post-16009","post","type-post","status-publish","format-standard","has-post-thumbnail","hentry","category-cb-poder"],"_links":{"self":[{"href":"https:\/\/blogs2.correiobraziliense.com.br\/cbpoder\/wp-json\/wp\/v2\/posts\/16009","targetHints":{"allow":["GET"]}}],"collection":[{"href":"https:\/\/blogs2.correiobraziliense.com.br\/cbpoder\/wp-json\/wp\/v2\/posts"}],"about":[{"href":"https:\/\/blogs2.correiobraziliense.com.br\/cbpoder\/wp-json\/wp\/v2\/types\/post"}],"author":[{"embeddable":true,"href":"https:\/\/blogs2.correiobraziliense.com.br\/cbpoder\/wp-json\/wp\/v2\/users\/9"}],"replies":[{"embeddable":true,"href":"https:\/\/blogs2.correiobraziliense.com.br\/cbpoder\/wp-json\/wp\/v2\/comments?post=16009"}],"version-history":[{"count":1,"href":"https:\/\/blogs2.correiobraziliense.com.br\/cbpoder\/wp-json\/wp\/v2\/posts\/16009\/revisions"}],"predecessor-version":[{"id":16011,"href":"https:\/\/blogs2.correiobraziliense.com.br\/cbpoder\/wp-json\/wp\/v2\/posts\/16009\/revisions\/16011"}],"wp:featuredmedia":[{"embeddable":true,"href":"https:\/\/blogs2.correiobraziliense.com.br\/cbpoder\/wp-json\/wp\/v2\/media\/16010"}],"wp:attachment":[{"href":"https:\/\/blogs2.correiobraziliense.com.br\/cbpoder\/wp-json\/wp\/v2\/media?parent=16009"}],"wp:term":[{"taxonomy":"category","embeddable":true,"href":"https:\/\/blogs2.correiobraziliense.com.br\/cbpoder\/wp-json\/wp\/v2\/categories?post=16009"},{"taxonomy":"post_tag","embeddable":true,"href":"https:\/\/blogs2.correiobraziliense.com.br\/cbpoder\/wp-json\/wp\/v2\/tags?post=16009"}],"curies":[{"name":"wp","href":"https:\/\/api.w.org\/{rel}","templated":true}]}}