{"id":16015,"date":"2019-07-23T18:30:12","date_gmt":"2019-07-23T21:30:12","guid":{"rendered":"https:\/\/blogs2.correiobraziliense.com.br\/cbpoder\/?p=16015"},"modified":"2019-07-23T18:30:12","modified_gmt":"2019-07-23T21:30:12","slug":"tcdf-mantem-norma-que-permite-vistoria-de-estudantes","status":"publish","type":"post","link":"https:\/\/blogs2.correiobraziliense.com.br\/cbpoder\/tcdf-mantem-norma-que-permite-vistoria-de-estudantes\/","title":{"rendered":"TCDF mant\u00e9m norma que permite vistoria de estudantes"},"content":{"rendered":"<p><span style=\"font-weight: 400\">O Tribunal de Contas do Distrito Federal (TCDF) negou, nesta ter\u00e7a-feira (23\/07), um pedido cautelar para suspender o novo Regimento Interno da Rede P\u00fablica de Ensino. A norma autoriza as dire\u00e7\u00f5es escolares a realizarem\u00a0<\/span><span style=\"font-weight: 400\">vistorias \u201cespont\u00e2neas\u201d em pertences de alunos, al\u00e9m de proibir a promo\u00e7\u00e3o de campanhas religiosas, pol\u00edtico-partid\u00e1rias ou atividade comercial em col\u00e9gios.<\/span><\/p>\n<p>&nbsp;<\/p>\n<p><span style=\"font-weight: 400\">A Corte fixou prazo de tr\u00eas dias para que a Secretaria de Educa\u00e7\u00e3o se manifeste sobre as altera\u00e7\u00f5es estabelecidas pelo dispositivo. Na peti\u00e7\u00e3o inicial, o Minist\u00e9rio P\u00fablico de Contas (MPC) alega que a Portaria afronta os princ\u00edpios da legalidade, da dignidade e da liberdade de pensamento e de cren\u00e7a.\u00a0<\/span><\/p>\n<p>&nbsp;<\/p>\n<blockquote><p><span style=\"font-weight: 400\">O procurador-geral do MPC\/DF, Marcos Felipe Pinheiro Lima admitiu que h\u00e1 inten\u00e7\u00e3o leg\u00edtima da Secretaria de promover melhora do ambiente e da seguran\u00e7a escolar, mas ressalta que os m\u00e9todos definidos n\u00e3o s\u00e3o compat\u00edveis com as regras constitucionais e legais aplic\u00e1veis ao tema.<\/span><\/p><\/blockquote>\n<p>&nbsp;<\/p>\n<p><span style=\"font-weight: 400\">\u201cExemplificativamente, em rela\u00e7\u00e3o \u00e0 busca pessoal nos educandos, o \u00d3rg\u00e3o poderia melhorar o sistema de monitoramento do ambiente escolar, inclusive com utiliza\u00e7\u00e3o de detectores de metais. Por \u00f3bvio, trata-se de medida adequada para o fim proposto pelo ato atacado e, sobretudo, mais harm\u00f4nica com as garantias constitucionais e legais dos discentes\u201d, sugeriu.<\/span><\/p>\n<p>&nbsp;<\/p>\n<p><span style=\"font-weight: 400\">O procurador acrescentou que os termos utilizados na portaria s\u00e3o \u201cpouco elucidativos\u201d e abrem brecha para abusos. \u201cN\u00e3o sendo improv\u00e1vel cogitar que a aplica\u00e7\u00e3o da norma pode acabar culminando em tratamento abusivo e vexat\u00f3rio aos discentes, o que \u00e9 absolutamente incompat\u00edvel com as fun\u00e7\u00f5es prec\u00edpuas de unidades destinadas \u00e0 forma\u00e7\u00e3o dos cidad\u00e3os, com o \u00e9 o caso das escolas.\u201d<\/span><\/p>\n","protected":false},"excerpt":{"rendered":"<p>O Tribunal de Contas do Distrito Federal (TCDF) negou, nesta ter\u00e7a-feira (23\/07), um pedido cautelar para suspender o novo Regimento Interno da Rede P\u00fablica de Ensino. A norma autoriza as dire\u00e7\u00f5es escolares a realizarem\u00a0vistorias \u201cespont\u00e2neas\u201d em pertences de alunos, al\u00e9m de proibir a promo\u00e7\u00e3o de campanhas religiosas, pol\u00edtico-partid\u00e1rias ou atividade comercial em col\u00e9gios. &nbsp; A [&hellip;]<\/p>\n","protected":false},"author":90,"featured_media":11204,"comment_status":"open","ping_status":"closed","sticky":false,"template":"","format":"standard","meta":{"wpb_read_more":[],"footnotes":""},"categories":[234],"tags":[1893,259,1892,331,1859],"class_list":["post-16015","post","type-post","status-publish","format-standard","has-post-thumbnail","hentry","category-cb-poder","tag-alunos","tag-educacao","tag-regimento-interno-da-rede-publica","tag-tribunal-de-contas","tag-vistoria"],"_links":{"self":[{"href":"https:\/\/blogs2.correiobraziliense.com.br\/cbpoder\/wp-json\/wp\/v2\/posts\/16015","targetHints":{"allow":["GET"]}}],"collection":[{"href":"https:\/\/blogs2.correiobraziliense.com.br\/cbpoder\/wp-json\/wp\/v2\/posts"}],"about":[{"href":"https:\/\/blogs2.correiobraziliense.com.br\/cbpoder\/wp-json\/wp\/v2\/types\/post"}],"author":[{"embeddable":true,"href":"https:\/\/blogs2.correiobraziliense.com.br\/cbpoder\/wp-json\/wp\/v2\/users\/90"}],"replies":[{"embeddable":true,"href":"https:\/\/blogs2.correiobraziliense.com.br\/cbpoder\/wp-json\/wp\/v2\/comments?post=16015"}],"version-history":[{"count":1,"href":"https:\/\/blogs2.correiobraziliense.com.br\/cbpoder\/wp-json\/wp\/v2\/posts\/16015\/revisions"}],"predecessor-version":[{"id":16016,"href":"https:\/\/blogs2.correiobraziliense.com.br\/cbpoder\/wp-json\/wp\/v2\/posts\/16015\/revisions\/16016"}],"wp:featuredmedia":[{"embeddable":true,"href":"https:\/\/blogs2.correiobraziliense.com.br\/cbpoder\/wp-json\/wp\/v2\/media\/11204"}],"wp:attachment":[{"href":"https:\/\/blogs2.correiobraziliense.com.br\/cbpoder\/wp-json\/wp\/v2\/media?parent=16015"}],"wp:term":[{"taxonomy":"category","embeddable":true,"href":"https:\/\/blogs2.correiobraziliense.com.br\/cbpoder\/wp-json\/wp\/v2\/categories?post=16015"},{"taxonomy":"post_tag","embeddable":true,"href":"https:\/\/blogs2.correiobraziliense.com.br\/cbpoder\/wp-json\/wp\/v2\/tags?post=16015"}],"curies":[{"name":"wp","href":"https:\/\/api.w.org\/{rel}","templated":true}]}}