{"id":16023,"date":"2019-07-25T07:43:44","date_gmt":"2019-07-25T10:43:44","guid":{"rendered":"https:\/\/blogs2.correiobraziliense.com.br\/cbpoder\/?p=16023"},"modified":"2019-07-25T07:43:44","modified_gmt":"2019-07-25T10:43:44","slug":"restaurantes-comunitarios-poderao-ser-administrados-pela-iniciativa-privada","status":"publish","type":"post","link":"https:\/\/blogs2.correiobraziliense.com.br\/cbpoder\/restaurantes-comunitarios-poderao-ser-administrados-pela-iniciativa-privada\/","title":{"rendered":"Restaurantes comunit\u00e1rios poder\u00e3o ser administrados pela iniciativa privada"},"content":{"rendered":"<h6><strong>Coluna Eixo Capital\/Por Ana Maria Campos<\/strong><\/h6>\n<p>O governo pretende fazer uma PPP para entregar \u00e0 iniciativa privada a opera\u00e7\u00e3o dos 14 restaurantes populares existentes no Distrito Federal. A ideia ainda \u00e9 construir outros seis e reformar os que est\u00e3o em funcionamento.<\/p>\n<p>Uma comiss\u00e3o t\u00e9cnica, criada pelo secret\u00e1rio de Projetos Especiais, Everardo Gueiros, vai estudar o assunto. Os locais dos novos restaurantes n\u00e3o foram definidos, mas \u00e9 poss\u00edvel que um deles seja constru\u00eddo no centro do Plano Piloto, para atender principalmente moradores de rua.<\/p>\n<h2><strong>C\u00e2mara come\u00e7a a convocar concursados<\/strong><\/h2>\n<p>A Presid\u00eancia da C\u00e2mara Legislativa come\u00e7ou a nomea\u00e7\u00e3o dos servidores aprovados no \u00faltimo concurso. At\u00e9 agora, 19 cargos foram chamados. Mas a Casa tem sido conservadora nas contrata\u00e7\u00f5es. Desde o in\u00edcio do processo, houve 44 aposentadorias, sendo 13 apenas no \u00faltimo m\u00eas.<\/p>\n<p>Sinal de que a C\u00e2mara n\u00e3o vai repor as vagas abertas imediatamente. E o buraco vai aumentar com a reforma da Previd\u00eancia. Hoje j\u00e1 h\u00e1 123 servidores em condi\u00e7\u00f5es de se aposentar. Provavelmente, n\u00e3o v\u00e3o esperar o resultado da vota\u00e7\u00e3o no Congresso.<\/p>\n<h2><strong>Al\u00f4, servidor!<\/strong><\/h2>\n<p>O presidente da C\u00e2mara Legislativa, Rafael Prudente (MDB), tem feito o an\u00fancio da convoca\u00e7\u00e3o dos concursados diretamente para os felizardos. Ele liga e avisa que o aprovado ser\u00e1 nomeado. Muita gente esperando uma liga\u00e7\u00e3o do Prudente.<\/p>\n<h2>\n<strong>Absolvi\u00e7\u00e3o<\/strong><\/h2>\n<p>Boa not\u00edcia para Agnelo Queiroz. O ex-governador do DF foi absolvido em a\u00e7\u00e3o de improbidade administrativa em que \u00e9 acusado de irregularidades na cria\u00e7\u00e3o da Lei n\u00ba 4.732\/11, que permitiu a remiss\u00e3o (perd\u00e3o) de ICMS para incrementar a economia do DF.<\/p>\n<p>O Minist\u00e9rio P\u00fablico do Distrito Federal apontou na a\u00e7\u00e3o que o Executivo ignorou a Lei de Responsabilidade Fiscal, ao deixar de informar como seria realizada a compensa\u00e7\u00e3o dos R$ 8 bilh\u00f5es, concedidos em benef\u00edcios fiscais. A Justi\u00e7a considerou que no processo legislativo que culminou na cria\u00e7\u00e3o da lei foi destacada a situa\u00e7\u00e3o dos cr\u00e9ditos de ICMS sobre os quais se faria a remiss\u00e3o.<\/p>\n<h2><strong>7 de setembro aos moldes de 4 de julho<\/strong><\/h2>\n<p>O presidente Jair Bolsonaro planeja uma grande festa no Sete de Setembro, aos moldes do que ocorre nos Estados Unidos com o quatro de julho. Um evento c\u00edvico para marcar o primeiro ano de sua gest\u00e3o.<\/p>\n<h2><strong>Ex-militar no p\u00e1reo<\/strong><\/h2>\n<p>Fora da lista tr\u00edplice, o procurador regional da Rep\u00fablica Lauro Cardoso \u00e9 apontado como um nome no p\u00e1reo para assumir o cargo hoje ocupado por Raquel Dodge. Ex-promotor de Justi\u00e7a do DF, ele foi do Ex\u00e9rcito e tem forma\u00e7\u00e3o na Aman (Academia das Agulhas Negras). Esse curr\u00edculo pode pesar.<\/p>\n<h2><strong>Vem a\u00ed o 16\u00ba Pr\u00eamio Engenho de Comunica\u00e7\u00e3o<\/strong><\/h2>\n<p>Os vencedores do 16\u00ba Pr\u00eamio Engenho de Comunica\u00e7\u00e3o \u2014 O Dia em que o Jornalista Vira Not\u00edcia ser\u00e3o conhecidos em 5 de setembro, em cerim\u00f4nia a ser realizada na Embaixada de Portugal. Oito categorias da informa\u00e7\u00e3o ser\u00e3o contempladas. As escolhas s\u00e3o feitas por um j\u00fari independente de not\u00e1veis.<\/p>\n<p>O ministro-chefe da CGU, Wagner Ros\u00e1rio, preside a comiss\u00e3o julgadora, que \u00e9 integrada tamb\u00e9m pelo ministro-chefe da AGU, Andr\u00e9 Mendon\u00e7a, pelo presidente do Cade, Alexandre Barreto, pelo embaixador de Portugal, Jorge Cabral, pela administradora de Bras\u00edlia, Ilka Teodoro, pelo advogado Francisco Caputo, que \u00e9 conselheiro federal da OAB e da diretora Jur\u00eddica do Sistema CNA-Senar, Eliziane Carvalho. A festa \u00e9 uma tradi\u00e7\u00e3o em Bras\u00edlia.<\/p>\n<h2><strong>Siga o dinheiro<\/strong><\/h2>\n<p><em>R$ 1.650.913,07<\/em><\/p>\n<p>\u00c9 o valor do contrato para compra de cafezinhos para servidores do complexo administrativo do GDF, por meio de preg\u00e3o eletr\u00f4nico.<\/p>\n<h2><em><strong>S\u00f3 papos<\/strong><\/em><\/h2>\n<blockquote><p>\u201cParabenizo a Pol\u00edcia Federal pela investiga\u00e7\u00e3o do grupo de hackers, assim como o MPF e a Justi\u00e7a Federal. Pessoas com antecedentes criminais, envolvidas em v\u00e1rias esp\u00e9cies de crimes. Elas, as fontes de confian\u00e7a daqueles que divulgaram as supostas mensagens obtidas por crime\u201d<\/p><\/blockquote>\n<p style=\"text-align: right\"><strong>Ministro da Justi\u00e7a e Seguran\u00e7a P\u00fablica, S\u00e9rgio Moro, sobre a Opera\u00e7\u00e3o Spoofing, que prendeu quatro pessoas suspeitas de hackear os telefones de autoridades p\u00fablicas<\/strong><\/p>\n<blockquote><p>\u201cOs governos dos EUA e Reino Unido tentaram a mesma t\u00e1tica que Moro: distrair de sua pr\u00f3pria m\u00e1 conduta gritando sobre os &#8216;crimes&#8217; de Snowden. Ele cometeu crimes? Talvez. Mas isso n\u00e3o mudou o fato de que os documentos eram reais e mostravam crimes graves por parte desses governos\u201d<\/p><\/blockquote>\n<p style=\"text-align: right\"><strong>Jornalista Glenn Greenwald, do The Intercept, e um dos respons\u00e1veis pela divulga\u00e7\u00e3o de di\u00e1logos entre o ex-juiz S\u00e9rgio Moro e integrantes da for\u00e7a-tarefa da Lava-Jato em Curitiba<\/strong><\/p>\n","protected":false},"excerpt":{"rendered":"<p>Coluna Eixo Capital\/Por Ana Maria Campos O governo pretende fazer uma PPP para entregar \u00e0 iniciativa privada a opera\u00e7\u00e3o dos 14 restaurantes populares existentes no Distrito Federal. A ideia ainda \u00e9 construir outros seis e reformar os que est\u00e3o em funcionamento. Uma comiss\u00e3o t\u00e9cnica, criada pelo secret\u00e1rio de Projetos Especiais, Everardo Gueiros, vai estudar o [&hellip;]<\/p>\n","protected":false},"author":9,"featured_media":16024,"comment_status":"open","ping_status":"closed","sticky":false,"template":"","format":"standard","meta":{"wpb_read_more":[],"footnotes":""},"categories":[234],"tags":[400,483,1895],"class_list":["post-16023","post","type-post","status-publish","format-standard","has-post-thumbnail","hentry","category-cb-poder","tag-cldf","tag-concursos","tag-restaurantes-comunitarios"],"_links":{"self":[{"href":"https:\/\/blogs2.correiobraziliense.com.br\/cbpoder\/wp-json\/wp\/v2\/posts\/16023","targetHints":{"allow":["GET"]}}],"collection":[{"href":"https:\/\/blogs2.correiobraziliense.com.br\/cbpoder\/wp-json\/wp\/v2\/posts"}],"about":[{"href":"https:\/\/blogs2.correiobraziliense.com.br\/cbpoder\/wp-json\/wp\/v2\/types\/post"}],"author":[{"embeddable":true,"href":"https:\/\/blogs2.correiobraziliense.com.br\/cbpoder\/wp-json\/wp\/v2\/users\/9"}],"replies":[{"embeddable":true,"href":"https:\/\/blogs2.correiobraziliense.com.br\/cbpoder\/wp-json\/wp\/v2\/comments?post=16023"}],"version-history":[{"count":1,"href":"https:\/\/blogs2.correiobraziliense.com.br\/cbpoder\/wp-json\/wp\/v2\/posts\/16023\/revisions"}],"predecessor-version":[{"id":16025,"href":"https:\/\/blogs2.correiobraziliense.com.br\/cbpoder\/wp-json\/wp\/v2\/posts\/16023\/revisions\/16025"}],"wp:featuredmedia":[{"embeddable":true,"href":"https:\/\/blogs2.correiobraziliense.com.br\/cbpoder\/wp-json\/wp\/v2\/media\/16024"}],"wp:attachment":[{"href":"https:\/\/blogs2.correiobraziliense.com.br\/cbpoder\/wp-json\/wp\/v2\/media?parent=16023"}],"wp:term":[{"taxonomy":"category","embeddable":true,"href":"https:\/\/blogs2.correiobraziliense.com.br\/cbpoder\/wp-json\/wp\/v2\/categories?post=16023"},{"taxonomy":"post_tag","embeddable":true,"href":"https:\/\/blogs2.correiobraziliense.com.br\/cbpoder\/wp-json\/wp\/v2\/tags?post=16023"}],"curies":[{"name":"wp","href":"https:\/\/api.w.org\/{rel}","templated":true}]}}